{"id":3030,"date":"2017-02-28T10:08:08","date_gmt":"2017-02-28T09:08:08","guid":{"rendered":"http:\/\/www.lintelligentdabidjan.info\/news\/?p=3030"},"modified":"2017-02-28T10:08:08","modified_gmt":"2017-02-28T09:08:08","slug":"carnaval-de-bouake-les-organisateurs-veulent-sortir-le-grand-jeu","status":"publish","type":"post","link":"https:\/\/www.lintelligentdabidjan.info\/news\/carnaval-de-bouake-les-organisateurs-veulent-sortir-le-grand-jeu\/","title":{"rendered":"Carnaval  de Bouak\u00e9  Les organisateurs veulent sortir le grand jeu"},"content":{"rendered":"<p>&#8221; Emergence et Int\u00e9gration Africaine&#8221;, est le choisi pour cette \u00e9dition 2017 \u2018\u2019 tel est le theme de la Foire-Forum-Carnaval (FFC)\u00a0 qui a d\u00e9marr\u00e9, vendredi 24 f\u00e9vrier 2017, dans une ambiance chaleureuse en pr\u00e9sence d\u2019Alassane Djamouten\u00e9 Zi\u00e9, repr\u00e9sentant le parrain Ally Coulibaly, ministre de l&#8217;Int\u00e9gration africaine et des Ivoiriens de l&#8217;Ext\u00e9rieur.<!--more-->\u00a0 Dans son discours d&#8217;ouverture, le commissaire g\u00e9n\u00e9ral, Olivier Kouadio, notera que le FFC de Bouak\u00e9 est un &#8220;moment privil\u00e9gi\u00e9 de rencontre des peuples. Pendant cette p\u00e9riode, nous allons magnifier la diversit\u00e9 et l&#8217;unit\u00e9 de notre ville et son caract\u00e8re cosmopolite \u00e0 travers un programme des plus all\u00e9chants&#8221;. Pour le repr\u00e9sentant du parrain Ally Coulibaly, la r\u00e9conciliation, l&#8217;\u00e9mergence et l&#8217;int\u00e9gration africaine, objet de la manifestation, ne doit pas \u00eatre seulement avec les autres mais aussi avec les Bouak\u00e9ens, eux-m\u00eames, car dit-il, &#8221; Bouak\u00e9 \u00e0 besoin de tous pour sa relance et l&#8217;\u00e9mergence de la C\u00f4te d&#8217;Ivoire. Le ministre Ally Coulibaly accompagne enti\u00e8rement Bouak\u00e9 dans sa qu\u00eate de l&#8217;int\u00e9gration et de l&#8217;unit\u00e9. Bouak\u00e9, ville-locomotive des villes secondaires de l&#8217;espace UEMOA. C&#8217;est une belle c\u00e9r\u00e9monie, mais il faut que l&#8217;esprit qui anime les populations aujourd&#8217;hui aille au-del\u00e0&#8221;. Quant au maire de Bouak\u00e9, Nicolas Youssouf Djibo, initiateur de la Foire-Forum-Carnaval, il dira que; &#8220;l&#8217;\u00e9v\u00e9nement doit se renouveler tout les ans afin que la r\u00e9conciliation, le brassage des peuples et diversit\u00e9 culturelle puissent se consolider&#8221;. Tout en souhaitant que le rideau qui se l\u00e8ve sur la 3\u00e8me \u00e9dition mieux pens\u00e9e et plus prometteuse soit un grand moment de retour aux sources avec en ligne de mire, le repositionnement de Bouak\u00e9 dans le peloton de t\u00eate des cit\u00e9s modernes de la sous-r\u00e9gion. &#8221; La culture est l&#8217;un des leviers les plus importants \u00e0 actionner pour r\u00e9habiliter et relancer l&#8217;\u00e9conomie tout en produisant du sens&#8221;, a-t-il soutenu. P\u00e9rennit\u00e9, c&#8217;est le principal souhait des personnes qui ont assist\u00e9 \u00e0 la c\u00e9r\u00e9monie de lancement.<\/p>\n<p>Apr\u00e8s, l&#8217;on a assist\u00e9 \u00e0 l&#8217;inauguration de l&#8217;exposition-photos au centre culturel Jacques Aka retra\u00e7ant l&#8217;histoire de Bouak\u00e9. Ainsi, du 24 f\u00e9vrier au 5 mars les\u00a0 Bouak\u00e9ens auront droit \u00e0 des animations \u00e9clat\u00e9es dans toute la ville, des concerts gratuits, les visites de stands, d\u00e9gustation, miss-carnaval, festivals de danses traditionnelles, visite de sites touristiques, le bal masqu\u00e9, concours de d\u00e9guisement. Seront \u00e9galement pr\u00e9sents \u00e0 cette \u00e9dition, douze (12) maires des villes secondaires de l&#8217;UEMOA qui prendront part \u00e0 un forum sur les villes secondaires, ax\u00e9 sur le th\u00e8me : &#8221; Villes secondaires et int\u00e9gration des peuples. Forces et faiblesses d&#8217;une int\u00e9gration par le bas&#8221;. Ce\u00a0 lancement s&#8217;est d\u00e9roul\u00e9e en pr\u00e9sence du Prof Poam\u00e9 Lazare, repr\u00e9sentant Ramata Bakayoko-Ly, ministre de l&#8217;Enseignement sup\u00e9rieur et de la Recherche scientifique, Fama Vakaba, pr\u00e9sident de la Chambre de Commerce et d&#8217;Industrie de C\u00f4te d&#8217;Ivoire, Jean Kouassi Abonouan, pr\u00e9sident du Conseil R\u00e9gional de Gb\u00eak\u00ea, Paul Koffi Koffi, d\u00e9put\u00e9 Bouak\u00e9-commune.\u00a0 La troupe Akwaba de M&#8217;bato, la danse Goly, les marionnettes g\u00e9antes, la danse B\u00f4l\u00f4hi ou danse panth\u00e8re et plusieurs autres dans venues des pays de l&#8217;espace UEMOA ont donn\u00e9 une note musicale\u00a0 au boulevard de la reine Pokou, lieu de la c\u00e9r\u00e9monie.<\/p>\n<p>Aboubacar Al Syddick \u00e0 Bouak\u00e9<\/p>\n","protected":false},"excerpt":{"rendered":"<p>&#8221; Emergence et Int\u00e9gration Africaine&#8221;, est le choisi pour cette \u00e9dition 2017 \u2018\u2019 tel est le theme de la Foire-Forum-Carnaval (FFC)\u00a0 qui a d\u00e9marr\u00e9, vendredi 24 f\u00e9vrier 2017, dans une ambiance chaleureuse en pr\u00e9sence d\u2019Alassane Djamouten\u00e9 Zi\u00e9, repr\u00e9sentant le parrain Ally Coulibaly, ministre de l&#8217;Int\u00e9gration africaine et des Ivoiriens de l&#8217;Ext\u00e9rieur.<\/p>\n","protected":false},"author":2,"featured_media":3031,"comment_status":"closed","ping_status":"closed","sticky":false,"template":"","format":"standard","meta":{"_monsterinsights_skip_tracking":false,"_monsterinsights_sitenote_active":false,"_monsterinsights_sitenote_note":"","_monsterinsights_sitenote_category":0,"footnotes":""},"categories":[3],"tags":[],"class_list":["post-3030","post","type-post","status-publish","format-standard","has-post-thumbnail","hentry","category-societe"],"_links":{"self":[{"href":"https:\/\/www.lintelligentdabidjan.info\/news\/wp-json\/wp\/v2\/posts\/3030","targetHints":{"allow":["GET"]}}],"collection":[{"href":"https:\/\/www.lintelligentdabidjan.info\/news\/wp-json\/wp\/v2\/posts"}],"about":[{"href":"https:\/\/www.lintelligentdabidjan.info\/news\/wp-json\/wp\/v2\/types\/post"}],"author":[{"embeddable":true,"href":"https:\/\/www.lintelligentdabidjan.info\/news\/wp-json\/wp\/v2\/users\/2"}],"replies":[{"embeddable":true,"href":"https:\/\/www.lintelligentdabidjan.info\/news\/wp-json\/wp\/v2\/comments?post=3030"}],"version-history":[{"count":1,"href":"https:\/\/www.lintelligentdabidjan.info\/news\/wp-json\/wp\/v2\/posts\/3030\/revisions"}],"predecessor-version":[{"id":3032,"href":"https:\/\/www.lintelligentdabidjan.info\/news\/wp-json\/wp\/v2\/posts\/3030\/revisions\/3032"}],"wp:featuredmedia":[{"embeddable":true,"href":"https:\/\/www.lintelligentdabidjan.info\/news\/wp-json\/wp\/v2\/media\/3031"}],"wp:attachment":[{"href":"https:\/\/www.lintelligentdabidjan.info\/news\/wp-json\/wp\/v2\/media?parent=3030"}],"wp:term":[{"taxonomy":"category","embeddable":true,"href":"https:\/\/www.lintelligentdabidjan.info\/news\/wp-json\/wp\/v2\/categories?post=3030"},{"taxonomy":"post_tag","embeddable":true,"href":"https:\/\/www.lintelligentdabidjan.info\/news\/wp-json\/wp\/v2\/tags?post=3030"}],"curies":[{"name":"wp","href":"https:\/\/api.w.org\/{rel}","templated":true}]}}