{"id":30394,"date":"2023-03-25T15:49:52","date_gmt":"2023-03-25T14:49:52","guid":{"rendered":"https:\/\/www.lintelligentdabidjan.info\/news\/?p=30394"},"modified":"2023-03-25T16:02:03","modified_gmt":"2023-03-25T15:02:03","slug":"cote-divoire-bouake-accueillera-la-26e-edition-de-la-journee-nationale-de-la-paix","status":"publish","type":"post","link":"https:\/\/www.lintelligentdabidjan.info\/news\/cote-divoire-bouake-accueillera-la-26e-edition-de-la-journee-nationale-de-la-paix\/","title":{"rendered":"C\u00f4te d\u2019Ivoire : Bouak\u00e9 accueillera la 26e \u00e9dition de la Journ\u00e9e Nationale de la Paix"},"content":{"rendered":"<p><em><strong>En C\u00f4te d&#8217;Ivoire, la ville de Bouak\u00e9 accueillira la 26\u00e8 \u00e9dition de la journ\u00e9e nationale la Paix, du Pardon et du Souvenir le 15 novembre prochain.<\/strong><\/em><\/p>\n<p>La ville de Bouak\u00e9 abritera la 26\u00e8 \u00e9dition de la journ\u00e9e nationale de la paix, du pardon et du souvenir le 15 novembre 2023. Le ministre de la R\u00e9conciliation et la coh\u00e9sion nationale, Kouadio Konan Bertin dit KKB l&#8217;a annonc\u00e9 le samedi 25 mars 2023 \u00e0 la pr\u00e9fecture de Bouak\u00e9 en pr\u00e9sence du ministre des Transports, Amadou Kon\u00e9, d\u00e9put\u00e9 de Bouak\u00e9 commune.<\/p>\n<p>\u00ab  Je suis venu annoncer aux populations que la ville de Bouak\u00e9 a \u00e9t\u00e9 choisie par le minist\u00e8re de la R\u00e9conciliation et la coh\u00e9sion nationale pour abriter la prochaine \u00e9dition de la Journ\u00e9e Nationale de la Paix, du Pardon et du Souvenir.  \u00c0 la demande du chef de l\u2019\u00c9tat, tous les ivoiriens doivent s\u2019approprier ce processus, accepter d\u2019aller \u00e0 la r\u00e9conciliation et au pardon.<br \/>\nNous voyons cette ville qui rena\u00eet avec les efforts conjugu\u00e9s de l\u2019ensemble des cadres et \u00e9lus mais surtout avec la pr\u00e9sence du ministre Amadou Kon\u00e9\u2026Tous ces efforts d\u00e9ploy\u00e9s au quotidien pour que Bouak\u00e9 redevienne une ville paisible. Cette journ\u00e9e de la paix, du Pardon et du Souvenir viendra donc consolider tous ces efforts de paix et de coh\u00e9sion que nous observons gr\u00e2ce \u00e0 la vision et \u00e0 la politique du vivre ensemble du pr\u00e9sident de la R\u00e9publique Alassane OUATTARA \u00bb, a annonc\u00e9 KKB \u00e0 la fin de la rencontre avec les forces vives de Bouak\u00e9.<\/p>\n<p>Le ministre de la R\u00e9conciliation et de la coh\u00e9sion nationale avait \u00e0 ses c\u00f4t\u00e9s le ministre des Transports Amadou Kon\u00e9, le maire de la ville, Nicolas Djibo et du secr\u00e9taire g\u00e9n\u00e9ral de pr\u00e9fecture repr\u00e9sentant le pr\u00e9fet de r\u00e9gion Tuo Fozi\u00e9.<\/p>\n<p><strong>Amadou Kon\u00e9 : \u00ab  Nous sommes \u00e0 votre disposition et mettrons tout en \u0153uvre pour maintenir la paix, la coh\u00e9sion et la s\u00e9curit\u00e9 \u00e0 Bouak\u00e9 \u00bb<\/strong><\/p>\n<p>Amadou Kon\u00e9, par ailleurs d\u00e9put\u00e9 de Bouak\u00e9 commune a salu\u00e9 cette annonce et a remerci\u00e9 le ministre de la R\u00e9conciliation et la coh\u00e9sion nationale pour le choix de Bouak\u00e9 pour abriter cet important \u00e9v\u00e9nement.<br \/>\n\u00ab  Cette ville a connu les crises successives survenues en C\u00f4te d\u2019Ivoire. Et depuis, Bouak\u00e9 attendait cette journ\u00e9e de paix (\u2026) Avec le maire, le pr\u00e9fet, le ministre- gouverneur et le forum des confessions religieuses, nous mettrons tout \u00e0 disposition pour que le 15 novembre soit un succ\u00e8s \u00bb, a promis Amadou Kon\u00e9.<br \/>\nPour le d\u00e9put\u00e9 de Bouak\u00e9 commune, la consolidation de la paix et la coh\u00e9sion nationale doit aller au-del\u00e0 de la simple journ\u00e9e de c\u00e9l\u00e9bration. Un forum national pourrait permettre aux acteurs politiques et forces vives du pays de mettre tous les probl\u00e8mes qui entravent \u00e0 la paix sur la table. Un suivi permanent devrait constituer le barom\u00e8tre pour la c\u00e9l\u00e9bration de la paix v\u00e9ritablement retrouv\u00e9e.<\/p>\n<p><strong>[Bient\u00f4t des Assises de la paix et la Coh\u00e9sion nationale ]<\/strong><\/p>\n<p>Dans cette veine, le ministre KKB a fait savoir que des consultations sont faites avant la tenue de la journ\u00e9e nationale de la paix. D\u2019ailleurs une d\u00e9l\u00e9gation du minist\u00e8re restera \u00e0 Bouak\u00e9 pour des s\u00e9ances d\u2019\u00e9coutes. Il en a profit\u00e9 pour annoncer l\u2019organisation des Assises R\u00e9gionales de la Coh\u00e9sion avec l\u2019appui des directeurs r\u00e9gionaux de la r\u00e9conciliation et la coh\u00e9sion nationale.<\/p>\n<p>Le ministre Kouadio Konan Bertin qui s\u00e9journe tout le week-end \u00e0 Bouak\u00e9 se rendra ce samedi \u00e0 la grande mosqu\u00e9e de Bouak\u00e9 et le dimanche 26 mars \u00e0 la grande cath\u00e9drale de Bouak\u00e9 pour passer le message et communier avec les fid\u00e8les musulmans et chr\u00e9tiens. Il sera accompagn\u00e9 par le ministre Amadou Kon\u00e9 qui a d\u00e9cid\u00e9 de prolonger son s\u00e9jour dans la r\u00e9gion apr\u00e8s la visite de travail du Premier ministre Achi Patrick. <\/p>\n<p><strong>Avec Sercom<\/strong><\/p>\n","protected":false},"excerpt":{"rendered":"<p>En C\u00f4te d&#8217;Ivoire, la ville de Bouak\u00e9 accueillira la 26\u00e8 \u00e9dition de la journ\u00e9e nationale la Paix, du Pardon et du Souvenir le 15 novembre prochain. La ville de Bouak\u00e9 abritera la 26\u00e8 \u00e9dition de la journ\u00e9e nationale de la paix, du pardon et du souvenir le 15 novembre 2023. Le ministre de la R\u00e9conciliation [&hellip;]<\/p>\n","protected":false},"author":3,"featured_media":30395,"comment_status":"closed","ping_status":"closed","sticky":false,"template":"","format":"standard","meta":{"_monsterinsights_skip_tracking":false,"_monsterinsights_sitenote_active":false,"_monsterinsights_sitenote_note":"","_monsterinsights_sitenote_category":0,"footnotes":""},"categories":[2,17,3],"tags":[125,77,1885],"class_list":["post-30394","post","type-post","status-publish","format-standard","has-post-thumbnail","hentry","category-featured","category-politique","category-societe","tag-bouake","tag-cote-divoire","tag-journee-nationale-de-la-paix"],"_links":{"self":[{"href":"https:\/\/www.lintelligentdabidjan.info\/news\/wp-json\/wp\/v2\/posts\/30394","targetHints":{"allow":["GET"]}}],"collection":[{"href":"https:\/\/www.lintelligentdabidjan.info\/news\/wp-json\/wp\/v2\/posts"}],"about":[{"href":"https:\/\/www.lintelligentdabidjan.info\/news\/wp-json\/wp\/v2\/types\/post"}],"author":[{"embeddable":true,"href":"https:\/\/www.lintelligentdabidjan.info\/news\/wp-json\/wp\/v2\/users\/3"}],"replies":[{"embeddable":true,"href":"https:\/\/www.lintelligentdabidjan.info\/news\/wp-json\/wp\/v2\/comments?post=30394"}],"version-history":[{"count":5,"href":"https:\/\/www.lintelligentdabidjan.info\/news\/wp-json\/wp\/v2\/posts\/30394\/revisions"}],"predecessor-version":[{"id":30400,"href":"https:\/\/www.lintelligentdabidjan.info\/news\/wp-json\/wp\/v2\/posts\/30394\/revisions\/30400"}],"wp:featuredmedia":[{"embeddable":true,"href":"https:\/\/www.lintelligentdabidjan.info\/news\/wp-json\/wp\/v2\/media\/30395"}],"wp:attachment":[{"href":"https:\/\/www.lintelligentdabidjan.info\/news\/wp-json\/wp\/v2\/media?parent=30394"}],"wp:term":[{"taxonomy":"category","embeddable":true,"href":"https:\/\/www.lintelligentdabidjan.info\/news\/wp-json\/wp\/v2\/categories?post=30394"},{"taxonomy":"post_tag","embeddable":true,"href":"https:\/\/www.lintelligentdabidjan.info\/news\/wp-json\/wp\/v2\/tags?post=30394"}],"curies":[{"name":"wp","href":"https:\/\/api.w.org\/{rel}","templated":true}]}}