{"id":30414,"date":"2023-03-26T23:58:22","date_gmt":"2023-03-26T21:58:22","guid":{"rendered":"https:\/\/www.lintelligentdabidjan.info\/news\/?p=30414"},"modified":"2023-03-27T00:06:48","modified_gmt":"2023-03-26T22:06:48","slug":"affaire-des-supporteurs-des-comores-deplorent-les-conditions-dhebergement-de-leurs-joueurs-a-bouake-la-responsabilite-du-ministere-des-sports-de-cote-divoire-nullement-engage","status":"publish","type":"post","link":"https:\/\/www.lintelligentdabidjan.info\/news\/affaire-des-supporteurs-des-comores-deplorent-les-conditions-dhebergement-de-leurs-joueurs-a-bouake-la-responsabilite-du-ministere-des-sports-de-cote-divoire-nullement-engage\/","title":{"rendered":"Affaire &#8220;Des supporteurs des Comores d\u00e9plorent les conditions d\u2019h\u00e9bergement de leurs joueurs \u00e0 Bouak\u00e9&#8221; :  La responsabilit\u00e9 du Minist\u00e8re des Sports de  C\u00f4te d\u2019Ivoire nullement engag\u00e9e."},"content":{"rendered":"<p><em><strong>Les \u00c9l\u00e9phants de C\u00f4te d\u2019Ivoire ont d\u00e9fait les <a href=\"https:\/\/www.lintelligentdabidjan.info\/news\/apres-cote-divoire-comores-younes-zerdouk-et-louis-gasset-se-prononcent-apres-le-match\/\" target=\"_blank\">C\u0153lacanthes <\/a>du Comores (3-1), le vendredi 24 mars 2023 au stade de la paix de Bouak\u00e9 dans le cadre de la 3\u00e8me Journ\u00e9e des \u00c9liminatoires de la CAN COTE D\u2019IVOIRE 2023.<\/strong><\/em><\/p>\n<p>Quelques heures avant cette confrontation qui s\u2019est d\u00e9roul\u00e9e dans un esprit fair-play selon l\u2019analyse des observateurs les plus avertis de la sc\u00e8ne footballistique, une pol\u00e9mique relative aux conditions d\u2019h\u00e9bergement de la s\u00e9lection comorienne dans la capitale du Gb\u00eak\u00ea a \u00e9t\u00e9 constat\u00e9e sur les r\u00e9seaux sociaux. Le minist\u00e8re des sports d\u00e9gage toute responsabilit\u00e9 et fait des pr\u00e9cisions.<\/p>\n<p>Dans une r\u00e9action publi\u00e9e sur sa page Facebook, le minist\u00e8re des transports marque son \u00e9tonnement face \u00e0 de telle publication.<br \/>\n\u00ab Si cette d\u00e9nonciation \u00e9mane d\u2019une publication sur la page Facebook d\u2019un Comorien, force est de noter avec d\u00e9ception qu&#8217;une certaine presse ivoirienne mal inspir\u00e9e s\u2019est donn\u00e9e pour mission d\u2019en faire l&#8217;\u00e9cho, dans la visible intention de nuire \u00e0 l&#8217;image du Ministre des Sports, de celle du gouvernement et \u00e0 la titanesque \u0153uvre de construction engag\u00e9e \u00bb fait savoir la direction de communication du minist\u00e8re.<\/p>\n<p><strong>Une publication qui vise \u00e0 discr\u00e9diter le minist\u00e8re des sports voire l\u2019Etat de C\u00f4te-d\u2019Ivoire <\/strong><\/p>\n<p>En incriminant \u00e0 tort le Minist\u00e8re des Sports des mauvaises conditions d&#8217;h\u00e9bergement de l&#8217;\u00e9quipe nationale de football comorienne \u00e0 <a href=\"https:\/\/afriksoir.net\/affaire-supporteurs-comores-deplorent-conditions-hebergement-leurs-joueurs-bouake\/\" target=\"_blank\">Bouak\u00e9<\/a>, c&#8217;est l&#8217;Etat de C\u00f4te d&#8217;Ivoire qui est inutilement vis\u00e9e et discr\u00e9dit\u00e9e, qui plus est tristement par des ivoiriens, dans un contexte o\u00f9 l&#8217;union sacr\u00e9e autour des grandes valeurs de notre Nation, devrait \u00eatre de mise.<\/p>\n<p>\u00ab C&#8217;est le lieu d&#8217;informer l&#8217;opinion que dans les dispositions de la CAF (Conf\u00e9d\u00e9ration Africaine de Football), chaque d\u00e9l\u00e9gation en comp\u00e9tition est responsable de l&#8217;h\u00e9bergement de ses repr\u00e9sentants dans le pays h\u00f4te. Pour se faire, la CAF exige de communiquer le lieu de chaque rencontre deux (2) mois avant, afin de permettre \u00e0 l&#8217;\u00e9quipe adversaire de prospecter sur place en vue de s\u00e9lectionner son h\u00e9bergement.<br \/>\nDans le cas d&#8217;esp\u00e8ce, l&#8217;\u00e9quipe comorienne a reconnu lors de la r\u00e9union technique d&#8217;avant match, sa responsabilit\u00e9 dans le choix tardif de son h\u00e9bergement et mieux, a remerci\u00e9 notre pays pour la qualit\u00e9 de l&#8217;accueil re\u00e7u sur notre sol.<br \/>\nD&#8217;ailleurs elle n&#8217;a d\u00e9nonc\u00e9 aucun mauvais h\u00e9bergement d\u00fb au pays h\u00f4te, la C\u00f4te d\u2019Ivoire, durant son s\u00e9jour.<\/p>\n<p>Ce n\u2019est donc ni le Minist\u00e8re des Sports, ni la F\u00e9d\u00e9ration Ivoirienne de Football (FIF), ni la CAF qui a \u00e0 charge l&#8217;h\u00e9bergement des d\u00e9l\u00e9gations lors de la phase des tours \u00e9liminatoires de la CAN sauf si demande formelle est faite par la d\u00e9l\u00e9gation \u00e9trang\u00e8re \u00e0 la f\u00e9d\u00e9ration s\u0153ur de s&#8217;en charger. Ces questions et bien d&#8217;autres sont adress\u00e9es avec pr\u00e9cision et ob\u00e9issent \u00e0 des protocoles bien \u00e9tablis par la CAF, seul propri\u00e9taire de cette grande comp\u00e9tition qu&#8217;est la CAN. Il faut le savoir et pour cela un minimum de culture en allant \u00e0 l&#8217;information et \u00e0 l&#8217;instruction est n\u00e9cessaire \u00bb souligne la direction de communication de Danho Claude Paulin.<\/p>\n<p><strong>Les journalistes exhort\u00e9s \u00e0 plus de professionnalisme <\/strong><\/p>\n<p>De ce qui pr\u00e9c\u00e8de, le Minist\u00e8re des Sports tient \u00e0 rappeler que sa Direction de la Communication s&#8217;est toujours tenue \u00e0 la disposition des usagers et surtout des journalistes afin de mettre \u00e0 leur disposition toutes les informations d&#8217;utilit\u00e9 publique et \u00e0 les orienter en cas de besoin, vers ses services comp\u00e9tents.<\/p>\n<p>C\u2019est le lieu d\u2019interpeler et d\u2019exhorter les journalistes \u00e0 plus de professionnalisme dans l&#8217;exercice de leur m\u00e9tier et cela conform\u00e9ment \u00e0 l\u2019\u00e9thique et \u00e0 la d\u00e9ontologie dont la v\u00e9rification et l\u2019\u00e9quilibre de l\u2019information sont des fondamentaux.<\/p>\n<p><strong>Attention au sabotage des nombreux efforts consentis par la C\u00f4te d\u2019ivoire dans la construction des infrastructures d\u2019accueil de la CAN2023 <\/strong><\/p>\n<p>Le gouvernement ivoirien est en train d&#8217;honorer sereinement et efficacement ses engagements et \u00e0 r\u00e9ussir sa mission en mettant \u00e0 la disposition de la CAF, des infrastructures de qualit\u00e9 dans les d\u00e9lais requis et en cr\u00e9ant un cadre attractif pour l&#8217;accueil du monde en terre ivoirienne.<br \/>\nPar ailleurs, toujours en vue de r\u00e9ussir l&#8217;organisation de cet \u00e9v\u00e9nement sportif capital, un Comit\u00e9 d&#8217;Organisation Local, le COCAN, s&#8217;occupe de l&#8217;op\u00e9rationnalit\u00e9 de l&#8217;\u00e9v\u00e9nement. Rien ne se d\u00e9roule dans le d\u00e9sordre comme semble faire croire l&#8217;article incrimin\u00e9 qui, le faisant, d\u00e9sinforme la population et jette l&#8217;opprobre sur toute une organisation continentale, un \u00c9tat et ses partenaires.<br \/>\n\u00ab Cette all\u00e9gation ne saurait \u00eatre tol\u00e9r\u00e9e, c&#8217;est pourquoi le site source qui a publi\u00e9 l&#8217;article ainsi que les sites qui l&#8217;on relay\u00e9 et la plate-forme qui l&#8217;a repris sont invit\u00e9s \u00e0 retirer imm\u00e9diatement ladite publication et \u00e0 poster un d\u00e9menti sous 24 heures. A d\u00e9faut, le Minist\u00e8re des Sports se r\u00e9serve le droit de saisir l&#8217;Agence Nationale de Presse (ANP) et la Haute Autorit\u00e9 de la Communication Audiovisuelle (HACA) \u00bb conclu la note de la direction de communication du minist\u00e8re des transports.<\/p>\n<p><strong>Philippe Kouhon <\/strong><\/p>\n<p>Source : La Direction de la Communication, minist\u00e8re des Sports<\/p>\n","protected":false},"excerpt":{"rendered":"<p>Les \u00c9l\u00e9phants de C\u00f4te d\u2019Ivoire ont d\u00e9fait les C\u0153lacanthes du Comores (3-1), le vendredi 24 mars 2023 au stade de la paix de Bouak\u00e9 dans le cadre de la 3\u00e8me Journ\u00e9e des \u00c9liminatoires de la CAN COTE D\u2019IVOIRE 2023. Quelques heures avant cette confrontation qui s\u2019est d\u00e9roul\u00e9e dans un esprit fair-play selon l\u2019analyse des observateurs [&hellip;]<\/p>\n","protected":false},"author":3,"featured_media":30415,"comment_status":"closed","ping_status":"closed","sticky":false,"template":"","format":"standard","meta":{"_monsterinsights_skip_tracking":false,"_monsterinsights_sitenote_active":false,"_monsterinsights_sitenote_note":"","_monsterinsights_sitenote_category":0,"footnotes":""},"categories":[2,23],"tags":[125,1853,77,1891,1892,732,1890],"class_list":["post-30414","post","type-post","status-publish","format-standard","has-post-thumbnail","hentry","category-featured","category-sport","tag-bouake","tag-comores","tag-cote-divoire","tag-hebergement","tag-joueurs","tag-sports","tag-supporteurs"],"_links":{"self":[{"href":"https:\/\/www.lintelligentdabidjan.info\/news\/wp-json\/wp\/v2\/posts\/30414","targetHints":{"allow":["GET"]}}],"collection":[{"href":"https:\/\/www.lintelligentdabidjan.info\/news\/wp-json\/wp\/v2\/posts"}],"about":[{"href":"https:\/\/www.lintelligentdabidjan.info\/news\/wp-json\/wp\/v2\/types\/post"}],"author":[{"embeddable":true,"href":"https:\/\/www.lintelligentdabidjan.info\/news\/wp-json\/wp\/v2\/users\/3"}],"replies":[{"embeddable":true,"href":"https:\/\/www.lintelligentdabidjan.info\/news\/wp-json\/wp\/v2\/comments?post=30414"}],"version-history":[{"count":3,"href":"https:\/\/www.lintelligentdabidjan.info\/news\/wp-json\/wp\/v2\/posts\/30414\/revisions"}],"predecessor-version":[{"id":30418,"href":"https:\/\/www.lintelligentdabidjan.info\/news\/wp-json\/wp\/v2\/posts\/30414\/revisions\/30418"}],"wp:featuredmedia":[{"embeddable":true,"href":"https:\/\/www.lintelligentdabidjan.info\/news\/wp-json\/wp\/v2\/media\/30415"}],"wp:attachment":[{"href":"https:\/\/www.lintelligentdabidjan.info\/news\/wp-json\/wp\/v2\/media?parent=30414"}],"wp:term":[{"taxonomy":"category","embeddable":true,"href":"https:\/\/www.lintelligentdabidjan.info\/news\/wp-json\/wp\/v2\/categories?post=30414"},{"taxonomy":"post_tag","embeddable":true,"href":"https:\/\/www.lintelligentdabidjan.info\/news\/wp-json\/wp\/v2\/tags?post=30414"}],"curies":[{"name":"wp","href":"https:\/\/api.w.org\/{rel}","templated":true}]}}