{"id":30457,"date":"2023-03-28T20:18:30","date_gmt":"2023-03-28T18:18:30","guid":{"rendered":"https:\/\/www.lintelligentdabidjan.info\/news\/?p=30457"},"modified":"2023-03-28T20:25:47","modified_gmt":"2023-03-28T18:25:47","slug":"cote-divoire-careme-2023-la-premiere-dame-dominique-ouattara-fait-des-dons-dune-valeur-de-130-millions-de-fcfa-aux-fideles-chretiens","status":"publish","type":"post","link":"https:\/\/www.lintelligentdabidjan.info\/news\/cote-divoire-careme-2023-la-premiere-dame-dominique-ouattara-fait-des-dons-dune-valeur-de-130-millions-de-fcfa-aux-fideles-chretiens\/","title":{"rendered":"C\u00f4te d\u2019Ivoire-Car\u00eame 2023 : La Premi\u00e8re Dame Dominique Ouattara fait des dons d\u2019une valeur de 130 millions de fcfa aux fid\u00e8les chr\u00e9tiens"},"content":{"rendered":"<p><em><strong>Dans le cadre de sa traditionnelle c\u00e9r\u00e9monie de retrouvaille  avec la communaut\u00e9 chr\u00e9tienne, le temps de car\u00eame et  dans un esprit de fraternit\u00e9 et de solidarit\u00e9, la premi\u00e8re Dame Dominique Ouattara a fait des dons aux chr\u00e9tiens de C\u00f4te-d\u2019Ivoire d\u2019une valeur de 130 millions de fcfa. C\u2019\u00e9tait le mardi 28 mars 2023 au cours d\u2019une  c\u00e9r\u00e9monie organis\u00e9e \u00e0 son cabinet d\u2019Abidjan-Cocody, en pr\u00e9sence des Ministres Diomand\u00e9 Vagondo et Myss Belmonde DOGO.<\/strong><\/em><\/p>\n<p>C\u2019est une tradition \u00e0 la Fondation Children Of Africa. \u00ab Durant ces quarante jours de p\u00e9nitence et de pri\u00e8re, nous sommes invit\u00e9s \u00e0 faire preuve de charit\u00e9 et de g\u00e9n\u00e9rosit\u00e9 envers les personnes les plus d\u00e9favoris\u00e9es de nos communaut\u00e9s. C\u2019est dans ce m\u00eame esprit, et avec le devoir d\u2019assistance qui entoure cette p\u00e9riode, que nous avons souhait\u00e9 faire des dons en vivres pour aider et soulager nos fr\u00e8res et s\u0153urs qui en ont le plus besoin \u00bb a pr\u00e9cis\u00e9 la premi\u00e8re Dame Dominique Ouattara.<\/p>\n<p><strong>La gratitude de Madame Dominique Ouattara aux religieux <\/strong><\/p>\n<p>\u00ab Chers guides religieux, nous savons que c\u2019est en grande partie gr\u00e2ce \u00e0 vos pri\u00e8res, et votre intercession que notre pays la C\u00f4te d\u2019Ivoire vit dans la paix et la tranquillit\u00e9. Nous vous exhortons \u00e0 continuer \u00e0 porter notre beau pays au c\u0153ur de vos pri\u00e8res, afin que toutes ses filles et tous ses fils vivent dans un climat apais\u00e9 de fraternit\u00e9 et de coh\u00e9sion \u00bb a-t-elle exhort\u00e9.<\/p>\n<p><strong>Des dons d\u2019une valeur de 130 millions de fcfa <\/strong><\/p>\n<p>Les dons que la premi\u00e8re Dame Dominique Ouattara et la Fondation Children Of Africa ont fait ce mardi 28 mars 2023 \u00e0 la communaut\u00e9 chr\u00e9tienne, sont compos\u00e9s de denr\u00e9es alimentaires de premi\u00e8re n\u00e9cessit\u00e9 telles que : du riz, des p\u00e2tes alimentaires, du couscous, du lait, des petits pois, de l\u2019huile et des boites de tomates concentr\u00e9es. Ces dons d\u2019une valeur totale de 130 millions de F CFA, \u00e9num\u00e9r\u00e9s pr\u00e9c\u00e9demment par la Directrice de la Fondation, Madame Nadine Sangar\u00e9, seront r\u00e9ceptionn\u00e9s par : Les paroisses catholiques ; Les \u00e9glises m\u00e9thodistes unies ; Les \u00e9glises \u00e9vang\u00e9liques ;Les \u00e9glises r\u00e9v\u00e9l\u00e9es d\u2019Afrique  et les congr\u00e9gations et associations religieuses.<br \/>\n<img loading=\"lazy\" decoding=\"async\" src=\"https:\/\/www.lintelligentdabidjan.info\/news\/wp-content\/uploads\/2023\/03\/IMG-20230328-WA0025-300x200.jpg\" alt=\"IMG-20230328-WA0025\" width=\"300\" height=\"200\" class=\"alignnone size-medium wp-image-30461\" srcset=\"https:\/\/www.lintelligentdabidjan.info\/news\/wp-content\/uploads\/2023\/03\/IMG-20230328-WA0025-300x200.jpg 300w, https:\/\/www.lintelligentdabidjan.info\/news\/wp-content\/uploads\/2023\/03\/IMG-20230328-WA0025-768x512.jpg 768w, https:\/\/www.lintelligentdabidjan.info\/news\/wp-content\/uploads\/2023\/03\/IMG-20230328-WA0025-1024x683.jpg 1024w, https:\/\/www.lintelligentdabidjan.info\/news\/wp-content\/uploads\/2023\/03\/IMG-20230328-WA0025-696x464.jpg 696w, https:\/\/www.lintelligentdabidjan.info\/news\/wp-content\/uploads\/2023\/03\/IMG-20230328-WA0025-1068x712.jpg 1068w, https:\/\/www.lintelligentdabidjan.info\/news\/wp-content\/uploads\/2023\/03\/IMG-20230328-WA0025-630x420.jpg 630w, https:\/\/www.lintelligentdabidjan.info\/news\/wp-content\/uploads\/2023\/03\/IMG-20230328-WA0025.jpg 1080w\" sizes=\"auto, (max-width: 300px) 100vw, 300px\" \/><\/p>\n<p><strong>Personnalit\u00e9s politiques et religieuses ayant pris part<\/strong><\/p>\n<p>Ont pris part aux C\u00f4t\u00e9s de la premi\u00e8re Dame Dominique Ouattara, le G\u00e9n\u00e9ral Vagondo Diomand\u00e9, Ministre de l\u2019Int\u00e9rieur et de la S\u00e9curit\u00e9 et Madame la Ministre Myss Belmonde DOGO, Ministre de la Solidarit\u00e9 et de la lutte contre la pauvret\u00e9 qu\u2019elle a salu\u00e9s ainsi que les guides religieux , \u00e0 savoir :<br \/>\nMonseigneur Jean-Baptiste Akwadan, Chapelain de Sa Saintet\u00e9, repr\u00e9sentant la Conf\u00e9rence des Ev\u00eaques de C\u00f4te d\u2019Ivoire, Le R\u00e9v\u00e9rend P\u00e8re Eric Norbert Abekan, Cur\u00e9 de la paroisse Saint-Jacques des Deux-Plateaux,  Le P\u00e8re Hippolyte Agnigori, Cur\u00e9 de la paroisse St-Jean de Cocody repr\u00e9sentant Son Eminence le Cardinal Jean Pierre Kutwa Archev\u00eaque M\u00e9tropolitain d\u2019Abidjan, Le R\u00e9v\u00e9rend Edi\u00e9mou Blin Jacob, Pr\u00e9sident de l\u2019Eglise du Christianisme C\u00e9leste de C\u00f4te d\u2019Ivoire ,Le Pasteur Ak\u00e9 Essoh Andr\u00e9, repr\u00e9sentant le Pr\u00e9sident de la Conf\u00e9rence des Eglises M\u00e9thodistes Unies de C\u00f4te d\u2019Ivoire, Le Pasteur Silu\u00e9 David, repr\u00e9sentant le Pr\u00e9sident de la F\u00e9d\u00e9ration Evang\u00e9lique de C\u00f4te d\u2019Ivoire , Le Pasteur B\u00e9ni\u00e9 Bi, repr\u00e9sentant de l\u2019Eglise Protestante Baptiste \u0152uvres et Missions Internationales ;<br \/>\nAvec eux,  la premi\u00e8re Dame Dominique Ouattara a salu\u00e9 l\u2019ensemble des guides religieux qui les accompagnent, ainsi que toutes les congr\u00e9gations religieuses et associations chr\u00e9tiennes dont elle tient \u00e0 saluer les repr\u00e9sentants. En particulier ses s\u0153urs de l\u2019Association des femmes catholiques de C\u00f4te d\u2019Ivoire, pr\u00e9sid\u00e9e par Mme Jeannette Tour\u00e9.<br \/>\nEnfin, l\u2019\u00e9pouse du pr\u00e9sident Alassane Ouattara a souhait\u00e9 un bon temps de car\u00eame \u00e0 toutes et \u00e0 tous, et une joyeuse f\u00eate de P\u00e2ques \u00e0 toutes les familles chr\u00e9tiennes de C\u00f4te d\u2019Ivoire.<\/p>\n<p><strong>Philippe Kouhon<\/strong><\/p>\n","protected":false},"excerpt":{"rendered":"<p>Dans le cadre de sa traditionnelle c\u00e9r\u00e9monie de retrouvaille avec la communaut\u00e9 chr\u00e9tienne, le temps de car\u00eame et dans un esprit de fraternit\u00e9 et de solidarit\u00e9, la premi\u00e8re Dame Dominique Ouattara a fait des dons aux chr\u00e9tiens de C\u00f4te-d\u2019Ivoire d\u2019une valeur de 130 millions de fcfa. C\u2019\u00e9tait le mardi 28 mars 2023 au cours d\u2019une [&hellip;]<\/p>\n","protected":false},"author":3,"featured_media":30458,"comment_status":"closed","ping_status":"closed","sticky":false,"template":"","format":"standard","meta":{"_monsterinsights_skip_tracking":false,"_monsterinsights_sitenote_active":false,"_monsterinsights_sitenote_note":"","_monsterinsights_sitenote_category":0,"footnotes":""},"categories":[2,3],"tags":[1905,1852,77,1906],"class_list":["post-30457","post","type-post","status-publish","format-standard","has-post-thumbnail","hentry","category-featured","category-societe","tag-careme-2023","tag-chretiens","tag-cote-divoire","tag-dame-dominique-ouattara"],"_links":{"self":[{"href":"https:\/\/www.lintelligentdabidjan.info\/news\/wp-json\/wp\/v2\/posts\/30457","targetHints":{"allow":["GET"]}}],"collection":[{"href":"https:\/\/www.lintelligentdabidjan.info\/news\/wp-json\/wp\/v2\/posts"}],"about":[{"href":"https:\/\/www.lintelligentdabidjan.info\/news\/wp-json\/wp\/v2\/types\/post"}],"author":[{"embeddable":true,"href":"https:\/\/www.lintelligentdabidjan.info\/news\/wp-json\/wp\/v2\/users\/3"}],"replies":[{"embeddable":true,"href":"https:\/\/www.lintelligentdabidjan.info\/news\/wp-json\/wp\/v2\/comments?post=30457"}],"version-history":[{"count":3,"href":"https:\/\/www.lintelligentdabidjan.info\/news\/wp-json\/wp\/v2\/posts\/30457\/revisions"}],"predecessor-version":[{"id":30462,"href":"https:\/\/www.lintelligentdabidjan.info\/news\/wp-json\/wp\/v2\/posts\/30457\/revisions\/30462"}],"wp:featuredmedia":[{"embeddable":true,"href":"https:\/\/www.lintelligentdabidjan.info\/news\/wp-json\/wp\/v2\/media\/30458"}],"wp:attachment":[{"href":"https:\/\/www.lintelligentdabidjan.info\/news\/wp-json\/wp\/v2\/media?parent=30457"}],"wp:term":[{"taxonomy":"category","embeddable":true,"href":"https:\/\/www.lintelligentdabidjan.info\/news\/wp-json\/wp\/v2\/categories?post=30457"},{"taxonomy":"post_tag","embeddable":true,"href":"https:\/\/www.lintelligentdabidjan.info\/news\/wp-json\/wp\/v2\/tags?post=30457"}],"curies":[{"name":"wp","href":"https:\/\/api.w.org\/{rel}","templated":true}]}}