{"id":30499,"date":"2023-03-31T02:31:45","date_gmt":"2023-03-31T00:31:45","guid":{"rendered":"https:\/\/www.lintelligentdabidjan.info\/news\/?p=30499"},"modified":"2023-03-31T03:28:52","modified_gmt":"2023-03-31T01:28:52","slug":"nasseneba-toure-la-cote-divoire-ne-veut-pas-se-priver-de-la-contribution-des-femmes-a-leconomie-nationale","status":"publish","type":"post","link":"https:\/\/www.lintelligentdabidjan.info\/news\/nasseneba-toure-la-cote-divoire-ne-veut-pas-se-priver-de-la-contribution-des-femmes-a-leconomie-nationale\/","title":{"rendered":"Nasseneba Tour\u00e9 : \u00ab La C\u00f4te d\u2019Ivoire ne veut pas se priver de la contribution des femmes \u00e0 l\u2019\u00e9conomie nationale \u00bb"},"content":{"rendered":"<p><em><strong>Nass\u00e9neba Tour\u00e9 estime que la C\u00f4te d\u2019Ivoire ne veut pas se priver de la contribution des femmes \u00e0 l\u2019\u00e9conomie nationale.<\/strong><\/em><\/p>\n<p>La c\u00e9l\u00e9bration officielle de la journ\u00e9e internationale des droits de la femme (JIF) a eu lieu le jeudi 30 mars 2023, au stade Jesse Jackson \u00e0 Yopougon en pr\u00e9sence de la Premi\u00e8re Dame.  Plusieurs personnalit\u00e9s \u00e9taient pr\u00e9sentes \u00e0 la c\u00e9r\u00e9monie. Actuels ou ex-membres du gouvernement, Ambassadeurs accr\u00e9dit\u00e9s en C\u00f4te d\u2019Ivoire ou responsables d\u2019institutions internationales \u00e9taient pr\u00e9sents. La ministre de la femme, de la famille et de I\u2019enfant, Nass\u00e9n\u00e9ba Tour\u00e9, a exprim\u00e9 sa gratitude \u00e0 la Premi\u00e8re Dame pour toutes ses actions men\u00e9es en faveur de l\u2019autonomie et du bien-\u00eatre des femmes. Elle a aussi lou\u00e9 la solidarit\u00e9 et l\u2019altruisme de Dominique Ouattara pour les enfants. \u00ab Par ma modeste voix, les femmes de C\u00f4te d\u2019Ivoire vous prient de bien vouloir accepter l\u2019expression de leur gratitude et de leur reconnaissance \u00bb, lui a-t-elle adress\u00e9.<br \/>\nSe pronon\u00e7ant sur le th\u00e8me, Nass\u00e9n\u00e9ba Tour\u00e9 a dit la d\u00e9termination de la C\u00f4te d\u2019Ivoire \u00e0 ne pas laisser les femmes \u00e0 la tra\u00eene dans son d\u00e9veloppement num\u00e9rique. \u00ab La c\u00e9l\u00e9bration de la journ\u00e9e des droits de la femme cette ann\u00e9e offre une nouvelle occasion \u00e0 chacun et \u00e0 chacune de nous d\u2019\u00e9valuer les efforts entrepris en mati\u00e8re de droits de la femme dans tous les secteurs d\u2019activit\u00e9 et d\u00e9finir les nouvelles perspectives pour am\u00e9liorer  les indicateurs.  (\u2026) Le th\u00e8me choisi par la C\u00f4te d\u2019Ivoire s\u2019int\u00e8gre parfaitement avec les priorit\u00e9s de notre pays, d\u2019autant plus que l\u2019un des objectifs est  de positionner notre pays comme le hub de l\u2019innovation technologique de la sous-r\u00e9gion. (\u2026) La C\u00f4te d\u2019Ivoire ne veut pas se priver de la contribution des femmes \u00e0 l\u2019\u00e9conomie nationale. Le gouvernement met tout en \u0153uvre pour permettre aux femmes qui repr\u00e9sentent 47,8% de la population nationale, d\u2019apporter leur pierre \u00e0 la construction d\u2019une C\u00f4te d\u2018Ivoire \u00e9galitaire et solidaire\u00bb.<\/p>\n<p><strong>J-H Koffo<\/strong><\/p>\n","protected":false},"excerpt":{"rendered":"<p>Nass\u00e9neba Tour\u00e9 estime que la C\u00f4te d\u2019Ivoire ne veut pas se priver de la contribution des femmes \u00e0 l\u2019\u00e9conomie nationale. La c\u00e9l\u00e9bration officielle de la journ\u00e9e internationale des droits de la femme (JIF) a eu lieu le jeudi 30 mars 2023, au stade Jesse Jackson \u00e0 Yopougon en pr\u00e9sence de la Premi\u00e8re Dame. Plusieurs personnalit\u00e9s [&hellip;]<\/p>\n","protected":false},"author":3,"featured_media":30503,"comment_status":"closed","ping_status":"closed","sticky":false,"template":"","format":"standard","meta":{"_monsterinsights_skip_tracking":false,"_monsterinsights_sitenote_active":false,"_monsterinsights_sitenote_note":"","_monsterinsights_sitenote_category":0,"footnotes":""},"categories":[2,3],"tags":[1246,77,1917,548,44],"class_list":["post-30499","post","type-post","status-publish","format-standard","has-post-thumbnail","hentry","category-featured","category-societe","tag-contribution","tag-cote-divoire","tag-economie-nationale","tag-femmes","tag-nasseneba-toure"],"_links":{"self":[{"href":"https:\/\/www.lintelligentdabidjan.info\/news\/wp-json\/wp\/v2\/posts\/30499","targetHints":{"allow":["GET"]}}],"collection":[{"href":"https:\/\/www.lintelligentdabidjan.info\/news\/wp-json\/wp\/v2\/posts"}],"about":[{"href":"https:\/\/www.lintelligentdabidjan.info\/news\/wp-json\/wp\/v2\/types\/post"}],"author":[{"embeddable":true,"href":"https:\/\/www.lintelligentdabidjan.info\/news\/wp-json\/wp\/v2\/users\/3"}],"replies":[{"embeddable":true,"href":"https:\/\/www.lintelligentdabidjan.info\/news\/wp-json\/wp\/v2\/comments?post=30499"}],"version-history":[{"count":1,"href":"https:\/\/www.lintelligentdabidjan.info\/news\/wp-json\/wp\/v2\/posts\/30499\/revisions"}],"predecessor-version":[{"id":30502,"href":"https:\/\/www.lintelligentdabidjan.info\/news\/wp-json\/wp\/v2\/posts\/30499\/revisions\/30502"}],"wp:featuredmedia":[{"embeddable":true,"href":"https:\/\/www.lintelligentdabidjan.info\/news\/wp-json\/wp\/v2\/media\/30503"}],"wp:attachment":[{"href":"https:\/\/www.lintelligentdabidjan.info\/news\/wp-json\/wp\/v2\/media?parent=30499"}],"wp:term":[{"taxonomy":"category","embeddable":true,"href":"https:\/\/www.lintelligentdabidjan.info\/news\/wp-json\/wp\/v2\/categories?post=30499"},{"taxonomy":"post_tag","embeddable":true,"href":"https:\/\/www.lintelligentdabidjan.info\/news\/wp-json\/wp\/v2\/tags?post=30499"}],"curies":[{"name":"wp","href":"https:\/\/api.w.org\/{rel}","templated":true}]}}