{"id":30517,"date":"2023-04-03T02:10:26","date_gmt":"2023-04-03T00:10:26","guid":{"rendered":"https:\/\/www.lintelligentdabidjan.info\/news\/?p=30517"},"modified":"2023-04-03T02:11:02","modified_gmt":"2023-04-03T00:11:02","slug":"centre-de-service-civique-de-bimbresso-adama-bictogo-et-yael-braun-pivet-promettent-daccompagner-les-jeunes-ivoiriens","status":"publish","type":"post","link":"https:\/\/www.lintelligentdabidjan.info\/news\/centre-de-service-civique-de-bimbresso-adama-bictogo-et-yael-braun-pivet-promettent-daccompagner-les-jeunes-ivoiriens\/","title":{"rendered":"Centre de service civique de Bimbresso-Adama Bictogo et Ya\u00ebl Braun-Pivet promettent d&#8217;accompagner les jeunes Ivoiriens"},"content":{"rendered":"<p><em><strong>La pr\u00e9sidente de l&#8217;Assembl\u00e9e nationale fran\u00e7aise, Mme Ya\u00ebl Braun-Pivet a visit\u00e9 le Centre de service civique de Bimbresso en compagnie de son homologue ivoirien, Adama Bictogo. Les deux pr\u00e9sidents d&#8217;Assembl\u00e9e nationale ont pris l&#8217;engagement d\u2019accompagner  les jeunes ivoiriens dans leur processus d&#8217;insertion sociale.<\/strong><\/em><\/p>\n<p>Les pensionnaires du Centre de service civique de Bimbresso ont  accueilli deux h\u00f4tes de marque, le dimanche 2 avril 2023 dans leurs locaux : le pr\u00e9sident de l&#8217;Assembl\u00e9e nationale de C\u00f4te d&#8217;Ivoire, Adama Bictogo et celle de la France, Ya\u00ebl Braun-Pivet.<br \/>\nLe pr\u00e9sident de l&#8217;Assembl\u00e9e nationale de C\u00f4te d&#8217;Ivoire et son homologue de France ont d\u00e9but\u00e9 leur visite au Centre de service civique de Bimbresso  par les infrastructures, notamment le r\u00e9fectoire et les dortoirs des pensionnaires. Adama Bictogo et Ya\u00ebl Braun-Pivet qui avaient \u00e0 leur c\u00f4t\u00e9 le ministre de la Communication et de l&#8217;\u00c9conomie num\u00e9rique, Amadou Coulibaly, repr\u00e9sentant le ministre de la Promotion de la Jeunesse, de l&#8217;Insertion professionnelle et du Service civique, Mamadou Tour\u00e9, ont, par la suite, pris place sous un chapiteau, pour des \u00e9changes avec les pensionnaires de ce centre. &#8221; Vous avez \u00e9t\u00e9 d&#8217;un courage incroyable. Vous nous avez dit des choses tr\u00e8s fortes. Vous nous avez dit et cela est valable partout dans le monde, que nous avons eu raison de croire en vous (&#8230;) Vous avez raison de croire en vous. Quoi de plus beau que de se dire,  quand on est un adulte en devenir, qu&#8217;on se tient debout, qu&#8217;on peut compter sur soi-m\u00eame et que les autres peuvent compter sur vous, parce que vous allez faire partie de ce grand collectif que constitue une Nation. Nous avons besoin d&#8217;hommes et de femmes qui soient form\u00e9s, respectueux.  C&#8217;est comme \u00e7a que nous pourrons construire de grandes Nations. Vous pouvez compter sur la France, le soutien ind\u00e9fectible de l&#8217;Agence fran\u00e7aise de d\u00e9veloppement (AFD). C&#8217;est ce que nous, dirigeants politiques, nous vous devons. Nous avons une dette envers vous (&#8230;) Nous devons tous nous r\u00e9unir pour pouvoir vous offrir un avenir. Nous comptons sur vous et je vous promets que vous pouvez compter sur nous &#8220;, a dit la pr\u00e9sidente de l&#8217;Assembl\u00e9e nationale fran\u00e7aise.<\/p>\n<p><strong>Adama Bictogo, pr\u00e9sident de l&#8217;Assembl\u00e9e nationale de C\u00f4te d&#8217;Ivoire : &#8220;Les valeurs enseign\u00e9es ici sont l&#8217;audace, la foi, le travail, la discipline, mais surtout de fiert\u00e9&#8221;<\/strong><\/p>\n<p>Pour sa premi\u00e8re visite au Centre de service civique de Bimbresso, Adama Bictogo a f\u00e9licit\u00e9 le directeur g\u00e9n\u00e9ral de l&#8217;Office national du service civique, Tour\u00e9 Mamadou et les encadreurs, qui ont inculqu\u00e9 des valeurs aux 250 pensionnaire qui composent la 3\u00e8me cohorte de ce centre, depuis son ouverture en 2017 : &#8220;Les valeurs enseign\u00e9es ici sont l&#8217;audace, la foi, le travail, la discipline, mais surtout de fiert\u00e9. La premi\u00e8re force c&#8217;est la confiance en soi.Nous avons pu noter que les encadreurs ont d\u00e9velopp\u00e9 en vous la force de la r\u00e9ussite qui passe par la foi en vous-m\u00eames&#8221;.<\/p>\n<p>Le ministre Amadou Coulibaly a r\u00e9v\u00e9l\u00e9 que les jeunes repr\u00e9sentent  75% de la population ivoirienne. &#8221; L&#8217;Agence fran\u00e7aise de d\u00e9veloppement a apport\u00e9 \u00e0 travers le C2D, depuis 2014, son soutien au dispositif du service civique en C\u00f4te d&#8217;Ivoire. Le C2D a permis de construire les centres de Bimbresso, Bouak\u00e9 et de prendre en charge la formation et l&#8217;insertion de plus de 600 jeunes dans lesdits centres, pour un co\u00fbt total de plus de 3 milliards de FCFA. Au regard des succ\u00e8s et face au besoin de prise en charge de nombreux jeunes en situation de vuln\u00e9rabilit\u00e9, le gouvernement ivoirien a d\u00e9cid\u00e9, en juin 2021, du passage \u00e0 \u00e9chelle du service civique en C\u00f4te d&#8217;Ivoire et autoris\u00e9 la construction de 14 centres de service civique, \u00e0 raison d&#8217;un centre par District d&#8217;une capacit\u00e9 de 1.000 pensionnaires par cohorte, soit 14.000 pensionnaires&#8221;, a indiqu\u00e9 Amadou Coulibaly. Pour ce faire un appui de 13 milliards de FCFA a  \u00e9t\u00e9 apport\u00e9 par l&#8217;AFD, dans le cadre de la troisi\u00e8me phase du Contrat de d\u00e9sendettement et de d\u00e9veloppement (C2D 3).<br \/>\nDans leurs t\u00e9moignages, Diomand\u00e9 S\u00e9kou, Ciss\u00e9 Korotoum et Gbaka C\u00e9dric, deux pensionnaires,  ont dit tout le bien qu&#8217;ils pensent du Centre de service civique de Bimbresso, qui a apport\u00e9 beaucoup dans leur vie, \u00e0 travers la formation qu&#8217;ils ont re\u00e7ue et qui leur permet aujourd&#8217;hui d&#8217;\u00eatre ind\u00e9pendants et de soutenir leurs familles.<\/p>\n<p><strong>Olivier Dion<\/strong><\/p>\n","protected":false},"excerpt":{"rendered":"<p>La pr\u00e9sidente de l&#8217;Assembl\u00e9e nationale fran\u00e7aise, Mme Ya\u00ebl Braun-Pivet a visit\u00e9 le Centre de service civique de Bimbresso en compagnie de son homologue ivoirien, Adama Bictogo. Les deux pr\u00e9sidents d&#8217;Assembl\u00e9e nationale ont pris l&#8217;engagement d\u2019accompagner les jeunes ivoiriens dans leur processus d&#8217;insertion sociale. Les pensionnaires du Centre de service civique de Bimbresso ont accueilli deux [&hellip;]<\/p>\n","protected":false},"author":3,"featured_media":30518,"comment_status":"closed","ping_status":"closed","sticky":false,"template":"","format":"standard","meta":{"_monsterinsights_skip_tracking":false,"_monsterinsights_sitenote_active":false,"_monsterinsights_sitenote_note":"","_monsterinsights_sitenote_category":0,"footnotes":""},"categories":[2,3],"tags":[323,1927,895,701,1928],"class_list":["post-30517","post","type-post","status-publish","format-standard","has-post-thumbnail","hentry","category-featured","category-societe","tag-adama-bictogo","tag-centre-de-service-civique-de-bimbresso","tag-ivoiriens","tag-jeunes","tag-yael-braun-pivet"],"_links":{"self":[{"href":"https:\/\/www.lintelligentdabidjan.info\/news\/wp-json\/wp\/v2\/posts\/30517","targetHints":{"allow":["GET"]}}],"collection":[{"href":"https:\/\/www.lintelligentdabidjan.info\/news\/wp-json\/wp\/v2\/posts"}],"about":[{"href":"https:\/\/www.lintelligentdabidjan.info\/news\/wp-json\/wp\/v2\/types\/post"}],"author":[{"embeddable":true,"href":"https:\/\/www.lintelligentdabidjan.info\/news\/wp-json\/wp\/v2\/users\/3"}],"replies":[{"embeddable":true,"href":"https:\/\/www.lintelligentdabidjan.info\/news\/wp-json\/wp\/v2\/comments?post=30517"}],"version-history":[{"count":1,"href":"https:\/\/www.lintelligentdabidjan.info\/news\/wp-json\/wp\/v2\/posts\/30517\/revisions"}],"predecessor-version":[{"id":30519,"href":"https:\/\/www.lintelligentdabidjan.info\/news\/wp-json\/wp\/v2\/posts\/30517\/revisions\/30519"}],"wp:featuredmedia":[{"embeddable":true,"href":"https:\/\/www.lintelligentdabidjan.info\/news\/wp-json\/wp\/v2\/media\/30518"}],"wp:attachment":[{"href":"https:\/\/www.lintelligentdabidjan.info\/news\/wp-json\/wp\/v2\/media?parent=30517"}],"wp:term":[{"taxonomy":"category","embeddable":true,"href":"https:\/\/www.lintelligentdabidjan.info\/news\/wp-json\/wp\/v2\/categories?post=30517"},{"taxonomy":"post_tag","embeddable":true,"href":"https:\/\/www.lintelligentdabidjan.info\/news\/wp-json\/wp\/v2\/tags?post=30517"}],"curies":[{"name":"wp","href":"https:\/\/api.w.org\/{rel}","templated":true}]}}