{"id":30584,"date":"2023-04-11T03:50:13","date_gmt":"2023-04-11T01:50:13","guid":{"rendered":"https:\/\/www.lintelligentdabidjan.info\/news\/?p=30584"},"modified":"2023-04-11T03:50:29","modified_gmt":"2023-04-11T01:50:29","slug":"agboville-comment-un-couple-a-ete-assassine-dans-le-campement-dassegnon","status":"publish","type":"post","link":"https:\/\/www.lintelligentdabidjan.info\/news\/agboville-comment-un-couple-a-ete-assassine-dans-le-campement-dassegnon\/","title":{"rendered":"Agboville-Comment un couple a \u00e9t\u00e9 assassin\u00e9 dans le campement d&#8217;Assegnon"},"content":{"rendered":"<p><em><strong>Somda Bienvenue raconte comment son p\u00e8re Somda Julfred et sa femme ont \u00e9t\u00e9 assassin\u00e9s  dans un campement \u00e0 Assegnon, un  village de la sous-pr\u00e9fecture d\u2019Agboville.<\/strong><\/em><\/p>\n<p>Dans la nuit du vendredi 07 au samedi 08 avril 2023 dans un campement situ\u00e9 \u00e0 Ess\u00e9gnon village de la sous-pr\u00e9fecture d\u2019Agboville, Somda Julfred et son \u00e9pouse ont \u00e9t\u00e9 tu\u00e9s. Les raisons de ce double meurtre restent  encore inconnues des habitants de Ess\u00e9gnon qui se comment un tel assassinat a pu se produire dans leur village. <\/p>\n<p><strong>\u00ab Mon p\u00e8re a \u00e9t\u00e9 \u00e9gorg\u00e9, sa femme atrocement machett\u00e9e \u00bb <\/strong><\/p>\n<p>Rencontr\u00e9 \u00e0 la morgue, le dimanche 09 avril 2023 dans la journ\u00e9e, Somda Bienvenue fils du d\u00e9funt raconte : \u00ab J\u2019ai \u00e9t\u00e9 alert\u00e9 par mon oncle \u00e0 Abidjan de l\u2019assassinat de mon p\u00e8re Somda Julfred et son \u00e9pouse Assita dans la nuit du vendredi 07 au samedi 08 avril 2023. Mon feu p\u00e8re \u00e9tait le chef des ouvriers de la plantation de Monsieur Sanogo \u00e0 Ess\u00e9gnon o\u00f9 il \u00e9tait en charge d\u2019entretenir les palmiers \u00e0 l\u2019huile, la plantation d\u2019h\u00e9v\u00e9a ainsi que l\u2019\u00e9levage (Moutons, poulets \u00bb, d\u00e9clare Somda Bienvenue.  Il  pr\u00e9cise que son p\u00e8re de son vivant lui  disait qu\u2019il avait maille \u00e0 partir avec des ouvriers de la seconde plantation d\u00e9nomm\u00e9e \u2018\u2019 Petit Paris \u2018\u2019,  en raison de   la croissance de sa plantation.<br \/>\n\u00ab De ce fait, il a donc pris soin d\u2019informer son patron Monsieur Sanogo des \u00e9carts de propos qui existaient, de fa\u00e7on sporadique entre lui et certains ouvriers de la seconde plantation. Malheureusement, Somda Julfred et son \u00e9pouse ont \u00e9t\u00e9 retrouv\u00e9s assassin\u00e9s, leurs corps ont \u00e9t\u00e9 vus le samedi 08 avril 2023 au matin.  Mon p\u00e8re a \u00e9t\u00e9 \u00e9gorg\u00e9, sa femme atrocement machett\u00e9e \u00bb.<\/p>\n<p><strong>Les explications de l\u2019ouvrier Sanogo Issa <\/strong><\/p>\n<p>Sanogo Issa ouvrier \u00e0 la plantation \u2018\u2019 Petit Paris \u2018\u2019 donne sa version des faits  : \u00ab Le samedi 08 avril \u00e0 08 heures environs du matin, j\u2019ai appel\u00e9 Somda Julfred au t\u00e9l\u00e9phone en vain, dans le but de lui remettre de l\u2019argent pour sa f\u00eate de P\u00e2ques  sous l\u2019ordre de mon patron Monsieur Sanogo. Une fois arriv\u00e9 au domicile de Somda, je l\u2019ai vu allong\u00e9 sur sa terrasse le corps sans vie, la gorge tranch\u00e9e. \u00c0 quelques m\u00e8tres de Somda, \u00e9tait couch\u00e9e son \u00e9pouse Assita taillad\u00e9e \u00e0 la machette \u00bb. La Brigade de la gendarmerie de Rubino et la police scientifique venue d&#8217;Abidjan se sont rendues sur le lieu du crime, pour recueillir quelques informations compl\u00e9mentaires. Une enqu\u00eate est ouverte par la gendarmerie pour mettre le grappin sur les auteurs de cet assassinat.<\/p>\n<p><strong>Consty \u00e0 Agboville<\/strong><\/p>\n","protected":false},"excerpt":{"rendered":"<p>Somda Bienvenue raconte comment son p\u00e8re Somda Julfred et sa femme ont \u00e9t\u00e9 assassin\u00e9s dans un campement \u00e0 Assegnon, un village de la sous-pr\u00e9fecture d\u2019Agboville. Dans la nuit du vendredi 07 au samedi 08 avril 2023 dans un campement situ\u00e9 \u00e0 Ess\u00e9gnon village de la sous-pr\u00e9fecture d\u2019Agboville, Somda Julfred et son \u00e9pouse ont \u00e9t\u00e9 tu\u00e9s. [&hellip;]<\/p>\n","protected":false},"author":3,"featured_media":30585,"comment_status":"closed","ping_status":"closed","sticky":false,"template":"","format":"standard","meta":{"_monsterinsights_skip_tracking":false,"_monsterinsights_sitenote_active":false,"_monsterinsights_sitenote_note":"","_monsterinsights_sitenote_category":0,"footnotes":""},"categories":[2,3],"tags":[255,1954,1956,1955,1953],"class_list":["post-30584","post","type-post","status-publish","format-standard","has-post-thumbnail","hentry","category-featured","category-societe","tag-agboville","tag-assassine","tag-assegnon","tag-campement","tag-couple"],"_links":{"self":[{"href":"https:\/\/www.lintelligentdabidjan.info\/news\/wp-json\/wp\/v2\/posts\/30584","targetHints":{"allow":["GET"]}}],"collection":[{"href":"https:\/\/www.lintelligentdabidjan.info\/news\/wp-json\/wp\/v2\/posts"}],"about":[{"href":"https:\/\/www.lintelligentdabidjan.info\/news\/wp-json\/wp\/v2\/types\/post"}],"author":[{"embeddable":true,"href":"https:\/\/www.lintelligentdabidjan.info\/news\/wp-json\/wp\/v2\/users\/3"}],"replies":[{"embeddable":true,"href":"https:\/\/www.lintelligentdabidjan.info\/news\/wp-json\/wp\/v2\/comments?post=30584"}],"version-history":[{"count":1,"href":"https:\/\/www.lintelligentdabidjan.info\/news\/wp-json\/wp\/v2\/posts\/30584\/revisions"}],"predecessor-version":[{"id":30586,"href":"https:\/\/www.lintelligentdabidjan.info\/news\/wp-json\/wp\/v2\/posts\/30584\/revisions\/30586"}],"wp:featuredmedia":[{"embeddable":true,"href":"https:\/\/www.lintelligentdabidjan.info\/news\/wp-json\/wp\/v2\/media\/30585"}],"wp:attachment":[{"href":"https:\/\/www.lintelligentdabidjan.info\/news\/wp-json\/wp\/v2\/media?parent=30584"}],"wp:term":[{"taxonomy":"category","embeddable":true,"href":"https:\/\/www.lintelligentdabidjan.info\/news\/wp-json\/wp\/v2\/categories?post=30584"},{"taxonomy":"post_tag","embeddable":true,"href":"https:\/\/www.lintelligentdabidjan.info\/news\/wp-json\/wp\/v2\/tags?post=30584"}],"curies":[{"name":"wp","href":"https:\/\/api.w.org\/{rel}","templated":true}]}}