{"id":30924,"date":"2023-05-19T01:37:00","date_gmt":"2023-05-18T23:37:00","guid":{"rendered":"https:\/\/www.lintelligentdabidjan.info\/news\/?p=30924"},"modified":"2023-05-19T01:52:39","modified_gmt":"2023-05-18T23:52:39","slug":"employabilite-en-cote-divoire-comment-lallemagne-compte-apporter-son-soutien","status":"publish","type":"post","link":"https:\/\/www.lintelligentdabidjan.info\/news\/employabilite-en-cote-divoire-comment-lallemagne-compte-apporter-son-soutien\/","title":{"rendered":"Employabilit\u00e9 en C\u00f4te d&#8217;Ivoire -Comment l&#8217;Allemagne compte apporter son soutien"},"content":{"rendered":"<p><em><strong>L&#8217;Allemagne entend apporter son soutien \u00e0 la C\u00f4te d&#8217;Ivoire dans le cadre de l&#8217;employabilit\u00e9. <\/strong><\/em><\/p>\n<p>La KfW, la banque de d\u00e9veloppement de la R\u00e9publique f\u00e9d\u00e9rale d&#8217;Allemagne a \u00e9labor\u00e9 un m\u00e9canisme d\u00e9nomm\u00e9 &#8220;Facilit\u00e9 Investissement pour l&#8217;emploi&#8221;, qui permettra de subventionner des porteurs de projets cr\u00e9ateurs d&#8217;emplois d\u00e9cents en C\u00f4te d&#8217;Ivoire. <\/p>\n<p>La Facilit\u00e9 Investissement pour l&#8217;emploi de la KfW a \u00e9t\u00e9 pr\u00e9sent\u00e9e le lundi 15 mai 2023 aux Deux-Plateaux Vallons, au cours d&#8217;une conf\u00e9rence de presse co-anim\u00e9e par Ronald Bauer, directeur IFE, J\u00fcrgen Fechter, directeur du Bureau de la KfW pour la C\u00f4te d&#8217;Ivoire et Serge Eric Tour\u00e9, point focal IFE en C\u00f4te d\u2019Ivoire.<br \/>\nLa Facilit\u00e9 Investissement pour l&#8217;emploi (IFE) de la KfW s&#8217;inscrit dans le cadre de l&#8217;initiative sp\u00e9ciale &#8220;Emploi d\u00e9cent pour une transition juste&#8221; du minist\u00e8re f\u00e9d\u00e9ral allemand de la Coop\u00e9ration \u00e9conomique et du D\u00e9veloppement, dont l&#8217;objectif est de supprimer les barri\u00e8res \u00e0 l&#8217;investissement.<br \/>\nAinsi, du 1er au 30 juin 2023, des propositions de projets \u00e0 fort impact sur la cr\u00e9ation d&#8217;emplois sont attendues dans certains pays d&#8217;Afrique, dont la C\u00f4te d&#8217;Ivoire, selon Serge Tour\u00e9, point-focal IFE en terre ivoirienne. &#8220;Il y a 4 cat\u00e9gories de projets \u00e9ligibles qui concernent les les entit\u00e9s publiques et priv\u00e9es, les organisations non gouvernementales&#8230; Pour chacune des cat\u00e9gories, les candidats s\u00e9lectionn\u00e9s b\u00e9n\u00e9ficieront d&#8217;un financement allant de 25% \u00e0 90% du co\u00fbt du projet. Pour cette ann\u00e9e, nous mettons l&#8217;accent sur des projets portant sur le changement climatique, les \u00e9nergies renouvelables. Le montant des subventions de l&#8217;IFE oscille entre 1 et 10 millions d&#8217;euros. Toutefois, le solde du co\u00fbt du projet est \u00e0 la charge des candidats s\u00e9lectionn\u00e9s&#8221;, a expliqu\u00e9 Serge Tour\u00e9. Selon les conf\u00e9renciers, les projets attendus devront cr\u00e9er au moins 125 emplois, pour chaque million d&#8217;euros de subvention. Les projets portant sur le changement climatique, devront, quant \u00e0 eux, cr\u00e9er au moins 80 emplois. <\/p>\n<p><strong>Olivier Dion<\/strong><\/p>\n","protected":false},"excerpt":{"rendered":"<p>L&#8217;Allemagne entend apporter son soutien \u00e0 la C\u00f4te d&#8217;Ivoire dans le cadre de l&#8217;employabilit\u00e9. La KfW, la banque de d\u00e9veloppement de la R\u00e9publique f\u00e9d\u00e9rale d&#8217;Allemagne a \u00e9labor\u00e9 un m\u00e9canisme d\u00e9nomm\u00e9 &#8220;Facilit\u00e9 Investissement pour l&#8217;emploi&#8221;, qui permettra de subventionner des porteurs de projets cr\u00e9ateurs d&#8217;emplois d\u00e9cents en C\u00f4te d&#8217;Ivoire. La Facilit\u00e9 Investissement pour l&#8217;emploi de la [&hellip;]<\/p>\n","protected":false},"author":3,"featured_media":30927,"comment_status":"closed","ping_status":"closed","sticky":false,"template":"","format":"standard","meta":{"_monsterinsights_skip_tracking":false,"_monsterinsights_sitenote_active":false,"_monsterinsights_sitenote_note":"","_monsterinsights_sitenote_category":0,"footnotes":""},"categories":[2,21,3],"tags":[132,2088,2087,77,2086,2089],"class_list":["post-30924","post","type-post","status-publish","format-standard","has-post-thumbnail","hentry","category-featured","category-international","category-societe","tag-allemagne","tag-apporter","tag-compte","tag-cote-divoire","tag-employabilite","tag-soutien"],"_links":{"self":[{"href":"https:\/\/www.lintelligentdabidjan.info\/news\/wp-json\/wp\/v2\/posts\/30924","targetHints":{"allow":["GET"]}}],"collection":[{"href":"https:\/\/www.lintelligentdabidjan.info\/news\/wp-json\/wp\/v2\/posts"}],"about":[{"href":"https:\/\/www.lintelligentdabidjan.info\/news\/wp-json\/wp\/v2\/types\/post"}],"author":[{"embeddable":true,"href":"https:\/\/www.lintelligentdabidjan.info\/news\/wp-json\/wp\/v2\/users\/3"}],"replies":[{"embeddable":true,"href":"https:\/\/www.lintelligentdabidjan.info\/news\/wp-json\/wp\/v2\/comments?post=30924"}],"version-history":[{"count":1,"href":"https:\/\/www.lintelligentdabidjan.info\/news\/wp-json\/wp\/v2\/posts\/30924\/revisions"}],"predecessor-version":[{"id":30925,"href":"https:\/\/www.lintelligentdabidjan.info\/news\/wp-json\/wp\/v2\/posts\/30924\/revisions\/30925"}],"wp:featuredmedia":[{"embeddable":true,"href":"https:\/\/www.lintelligentdabidjan.info\/news\/wp-json\/wp\/v2\/media\/30927"}],"wp:attachment":[{"href":"https:\/\/www.lintelligentdabidjan.info\/news\/wp-json\/wp\/v2\/media?parent=30924"}],"wp:term":[{"taxonomy":"category","embeddable":true,"href":"https:\/\/www.lintelligentdabidjan.info\/news\/wp-json\/wp\/v2\/categories?post=30924"},{"taxonomy":"post_tag","embeddable":true,"href":"https:\/\/www.lintelligentdabidjan.info\/news\/wp-json\/wp\/v2\/tags?post=30924"}],"curies":[{"name":"wp","href":"https:\/\/api.w.org\/{rel}","templated":true}]}}