{"id":31088,"date":"2023-06-08T02:16:08","date_gmt":"2023-06-08T00:16:08","guid":{"rendered":"https:\/\/www.lintelligentdabidjan.info\/news\/?p=31088"},"modified":"2023-06-08T03:00:57","modified_gmt":"2023-06-08T01:00:57","slug":"cooperation-economique-comment-lile-maurice-et-la-cote-divoire-comptent-renforcer-leur-partenariat","status":"publish","type":"post","link":"https:\/\/www.lintelligentdabidjan.info\/news\/cooperation-economique-comment-lile-maurice-et-la-cote-divoire-comptent-renforcer-leur-partenariat\/","title":{"rendered":"\u00a0Coop\u00e9ration \u00e9conomique -Comment l\u2019\u00cele Maurice et la C\u00f4te d&#8217;Ivoire comptent renforcer leur partenariat"},"content":{"rendered":"<p><em><strong>La Chambre de Commerce et d&#8217;Industrie de C\u00f4te d&#8217;Ivoire en collaboration avec l&#8217;Economic Developement Bord de Maurice a organis\u00e9 un Forum \u00c9conomique \u00cele Maurice-C\u00f4te d&#8217;Ivoire, le mercredi 07 juin 2023 \u00e0 la salle de conf\u00e9rence de l&#8217;institution consulaire \u00e0 Abidjan-Plateau.<\/strong><\/em><\/p>\n<p>Selon les initiateurs, ce forum \u00e9conomique vise \u00e0 promouvoir les relations entre les op\u00e9rateurs \u00e9conomiques et hommes d&#8217;affaires ivoiriens et mauriciens, mais aussi de tisser des partenariats. Pour Sakaria Kon\u00e9, Ambassadeur de la C\u00f4te d\u2019Ivoire \u00e0 l&#8217;\u00eele, vue les atouts touristiques, culturels, \u00e9conomiques dont elle regorge , il est important de valoriser la C\u00f4te d&#8217;Ivoire. \u00ab\u00a0  La C\u00f4te d&#8217;Ivoire est un pays attractif avec tout ce qu&#8217;il y a comme facilit\u00e9 mise en place par l&#8217;\u00c9tat de C\u00f4te d&#8217;Ivoire. Maurice est un pays important, le secteur le plus important c&#8217;est celui du tourisme qui est le centre de l&#8217;\u00e9conomie Mauricienne, c&#8217;est le secteur des Finances et ensuite le secteur du textile. Maurice est championne dans le textile et enfin le secteur de la canne \u00e0 sucre parce l&#8217;\u00e9conomie de l&#8217;\u00eele Maurice est bas\u00e9e aussi sur la canne \u00e0 sucre \u00bb\u00a0 , a d\u00e9clar\u00e9 Sakaria Kon\u00e9, Ambassadeur de C\u00f4te d&#8217;Ivoire \u00e0 l&#8217;\u00eele Maurice.<br \/>\nSelon le vice-pr\u00e9sident de la Chambre de Commerce et d\u2019Industrie de C\u00f4te d&#8217;Ivoire , Bakary Maguiraga , l&#8217;\u00cele Maurice est une petite \u00eele qui, \u00e9conomiquement, repr\u00e9sente une fortune colossale au niveau des investisseurs.\u00a0\u00ab\u00a0 Il y a de l&#8217;expertise et il y a des moyens de mobilisation des finances d&#8217;investissement en Afrique. Une de nos missions \u00e9tant l&#8217;appui aux entreprises, nous avons convi\u00e9 d&#8217;autres entreprises, des banquiers et un panel d&#8217;investisseurs et d&#8217;entrepreneurs pour leur montrer les opportunit\u00e9s que nous leur offrons. Une des raisons, c&#8217;est de pouvoir \u00e9changer avec les Mauriciens et voir qu&#8217;est-ce que nous pouvons leur emprunter \u00bb\u00a0 \u00a0, a-t-il soulign\u00e9.<br \/>\nPour l&#8217;occasion, une pr\u00e9sentation sur les opportunit\u00e9s d&#8217;investissement, les secteurs \u00e0 fort potentialit\u00e9 de croissance, l&#8217;environnement des affaires et les m\u00e9canismes d&#8217;incitation aux investissements en C\u00f4te d&#8217;Ivoire a \u00e9t\u00e9 faite. Sachin Mohabeer, deputy chief executive officer, Economic Development Board-Mauritius, a expliqu\u00e9 qu&#8217;\u00e0 travers les potentialit\u00e9s dont regorge l&#8217;Afrique, ils veulent inviter le monde entier \u00e0 venir investir. Mieux, il a affirm\u00e9 qu&#8217;ils envisagent de poursuivre les \u00e9changes en se rendant en C\u00f4te d&#8217;Ivoire afin d&#8217;affiner leurs projets d&#8217;investissement en terre ivoirienne.\u00a0\u00ab\u00a0 \u00c0 Maurice, nous avons des industries qui sont bien d\u00e9velopp\u00e9es soit dans le textile, le tourisme ou dans les finances. De l\u00e0, nous allons voir si nous pouvons avoir des partenariats afin de convaincre nos soci\u00e9t\u00e9s de venir investir en C\u00f4te d&#8217;Ivoire \u00bb\u00a0 \u00a0, a-t-il affirm\u00e9. Notons que cette rencontre s&#8217;inscrit dans le cadre du Africa CEO forum qui s&#8217;est tenu les 5 et 6 juin dernier auquel a pris part la d\u00e9l\u00e9gation mauricienne. En marge du forum Economique de ce jour, une d\u00e9l\u00e9gation mauricienne a \u00e9t\u00e9 re\u00e7u le mardi 6 juin 2023, par le pr\u00e9sident de la Chambre de Commerce et d\u2019Industrie de C\u00f4te d&#8217;Ivoire Tour\u00e9 Faman.<\/p>\n<p><strong>Mamadou Ouattara avec A. Traor\u00e9 (Stagiaire)<\/strong><\/p>\n","protected":false},"excerpt":{"rendered":"<p>La Chambre de Commerce et d&#8217;Industrie de C\u00f4te d&#8217;Ivoire en collaboration avec l&#8217;Economic Developement Bord de Maurice a organis\u00e9 un Forum \u00c9conomique \u00cele Maurice-C\u00f4te d&#8217;Ivoire, le mercredi 07 juin 2023 \u00e0 la salle de conf\u00e9rence de l&#8217;institution consulaire \u00e0 Abidjan-Plateau. Selon les initiateurs, ce forum \u00e9conomique vise \u00e0 promouvoir les relations entre les op\u00e9rateurs \u00e9conomiques [&hellip;]<\/p>\n","protected":false},"author":3,"featured_media":31099,"comment_status":"closed","ping_status":"closed","sticky":false,"template":"","format":"standard","meta":{"_monsterinsights_skip_tracking":false,"_monsterinsights_sitenote_active":false,"_monsterinsights_sitenote_note":"","_monsterinsights_sitenote_category":0,"footnotes":""},"categories":[2,18],"tags":[2158,77,2159,1806],"class_list":["post-31088","post","type-post","status-publish","format-standard","has-post-thumbnail","hentry","category-featured","category-economie","tag-cooperation-economique","tag-cote-divoire","tag-ile-maurice","tag-partenariat"],"_links":{"self":[{"href":"https:\/\/www.lintelligentdabidjan.info\/news\/wp-json\/wp\/v2\/posts\/31088","targetHints":{"allow":["GET"]}}],"collection":[{"href":"https:\/\/www.lintelligentdabidjan.info\/news\/wp-json\/wp\/v2\/posts"}],"about":[{"href":"https:\/\/www.lintelligentdabidjan.info\/news\/wp-json\/wp\/v2\/types\/post"}],"author":[{"embeddable":true,"href":"https:\/\/www.lintelligentdabidjan.info\/news\/wp-json\/wp\/v2\/users\/3"}],"replies":[{"embeddable":true,"href":"https:\/\/www.lintelligentdabidjan.info\/news\/wp-json\/wp\/v2\/comments?post=31088"}],"version-history":[{"count":3,"href":"https:\/\/www.lintelligentdabidjan.info\/news\/wp-json\/wp\/v2\/posts\/31088\/revisions"}],"predecessor-version":[{"id":31098,"href":"https:\/\/www.lintelligentdabidjan.info\/news\/wp-json\/wp\/v2\/posts\/31088\/revisions\/31098"}],"wp:featuredmedia":[{"embeddable":true,"href":"https:\/\/www.lintelligentdabidjan.info\/news\/wp-json\/wp\/v2\/media\/31099"}],"wp:attachment":[{"href":"https:\/\/www.lintelligentdabidjan.info\/news\/wp-json\/wp\/v2\/media?parent=31088"}],"wp:term":[{"taxonomy":"category","embeddable":true,"href":"https:\/\/www.lintelligentdabidjan.info\/news\/wp-json\/wp\/v2\/categories?post=31088"},{"taxonomy":"post_tag","embeddable":true,"href":"https:\/\/www.lintelligentdabidjan.info\/news\/wp-json\/wp\/v2\/tags?post=31088"}],"curies":[{"name":"wp","href":"https:\/\/api.w.org\/{rel}","templated":true}]}}