{"id":31090,"date":"2023-06-08T02:23:40","date_gmt":"2023-06-08T00:23:40","guid":{"rendered":"https:\/\/www.lintelligentdabidjan.info\/news\/?p=31090"},"modified":"2023-06-08T02:31:38","modified_gmt":"2023-06-08T00:31:38","slug":"spectre-autistique-en-cote-divoire-habib-bamba-reaffirme-son-engagement-a-soutenir-les-autistes","status":"publish","type":"post","link":"https:\/\/www.lintelligentdabidjan.info\/news\/spectre-autistique-en-cote-divoire-habib-bamba-reaffirme-son-engagement-a-soutenir-les-autistes\/","title":{"rendered":"\u00a0Spectre autistique en C\u00f4te d\u2019Ivoire -Habib Bamba r\u00e9affirme son engagement \u00e0 soutenir les autistes"},"content":{"rendered":"<p><em><strong>Lors de la rencontre-bilan avec les parents d\u2019enfants autistes b\u00e9n\u00e9ficiant du Projet \u2018\u2018Repit\u2019\u2019, le samedi 03 juin 2023 \u00e0 Abidjan Cocody-Riviera Golf, Habib Bamba, directeur g\u00e9n\u00e9ral de la fondation Orange C\u00f4te d\u2019Ivoire, a r\u00e9affirm\u00e9 son engagement \u00e0 soutenir les actions de prise en charge des personnes autistes, \u00e0 travers l\u2019Association \u2018\u2018Autisme C\u00f4te d\u2019Ivoire\u2019\u2019.<\/strong><\/em><\/p>\n<p>Selon Habib Bamba, le projet \u2018\u2019Repit\u2019\u2019 vise \u00e0 accompagner la prise en charge, \u00e0 domicile des enfants avec autisme, renforcer le soutien \u00e0 la parentalit\u00e9 des enfants autistes et favoriser la r\u00e9duction des troubles chez ceux-ci. Ainsi, dans cette dynamique, ce sont 34 familles qui ont \u00e9t\u00e9 s\u00e9lectionn\u00e9es notamment \u00e0 Abidjan, Bassam, Dabou, Yamoussoukro pour b\u00e9n\u00e9ficier de cet accompagnement d\u2019une dur\u00e9e de 12 mois. \u00ab Les enfants sont au c\u0153ur du projet et c\u2019est tout naturellement que nous sommes tous engag\u00e9s pour eux. Leur progr\u00e8s, leur r\u00e9ussite sont notre plus grande r\u00e9compense \u00bb, a indiqu\u00e9 Habib Bamba. La sant\u00e9 est l\u2019une des priorit\u00e9s de la Fondation. C\u2019est pourquoi, Habib Bamba a fait savoir que sa structure est engag\u00e9e pour la sant\u00e9 et le bien-\u00eatre des personnes vuln\u00e9rables. Elle met l\u2019accent sur la lutte contre les maladies cardio-vasculaires, l\u2019hypertension art\u00e9rielle, la sant\u00e9 m\u00e8re-enfant, les maladies sensorielles , la r\u00e9habilitation et la construction de centres de sant\u00e9 et maternit\u00e9, la lutte contre la s\u00e9dentarit\u00e9, le handicap et l\u2019autisme. Parlant de l\u2019autisme et pour r\u00e9pondre \u00e0 cette probl\u00e9matique, il a fait savoir que \u00ab la fondation accompagne l\u2019Association Autisme C\u00f4te d\u2019Ivoire et le centre \u2018\u2018Marguerite T\u00e9 Bonl\u00e9\u2019\u2019 dans la prise en charge des enfants autistes \u00e0 travers le dispositif d\u2019accompagnement pour les familles \u00bb.<br \/>\nPour sa part, la coordinatrice-adjointe du projet, Dr Yapi Lawrence, p\u00e9dopsychiatre, cheffe de service du Centre Marguerite T\u00e9 Bonl\u00e9 , a relev\u00e9 que le projet R\u00e9pit des familles vise \u00e0 contribuer \u00e0 la prise en charge des personnes atteintes de Trouble du Spectre de l\u2019Autisme (TSA). \u00ab De fa\u00e7on sp\u00e9cifique, il s\u2019agit d\u2019organiser un pool d\u2019intervenants pour les prises en charge \u00e0 domicile des enfants avec TSA ; de renforcer le soutien \u00e0 la parentalit\u00e9 des enfants souffrant de TSA ; renforcer les comp\u00e9tences des enfants avec TSA afin de favoriser la r\u00e9duction des troubles ; d\u00e9velopper de l\u2019information et des outils de travail pour am\u00e9liorer la prise en charge des personnes avec autisme \u00bb, a-t-elle expliqu\u00e9. La pr\u00e9sidente de l\u2019Association Autisme C\u00f4te d\u2019Ivoire, Larissa Goubo, s\u2019est r\u00e9jouie du soutien de la fondation avec ce dispositif qui enregistre des avanc\u00e9es notables et positives \u00e9valu\u00e9es \u00e0 au moins 22%, peu de temps apr\u00e8s sa mise en place. \u00ab C\u2019est une bouff\u00e9e d\u2019air, un grand soulagement que de vous savoir \u00e0 nos c\u00f4t\u00e9s \u00bb, a-t-elle salu\u00e9.<br \/>\nNotons que dans cette dynamique, 18 intervenants ont \u00e9t\u00e9 form\u00e9s et il a \u00e9t\u00e9 effectu\u00e9 plus de 100 visites \u00e0 domicile \u00e0 Abobo, Cocody, Dabou, Grand Bassam, Yamoussoukro.<\/p>\n<p><strong>Olivier Dion avec A. Traor\u00e9 (Stagiaire) avec sercom<\/strong><\/p>\n","protected":false},"excerpt":{"rendered":"<p>Lors de la rencontre-bilan avec les parents d\u2019enfants autistes b\u00e9n\u00e9ficiant du Projet \u2018\u2018Repit\u2019\u2019, le samedi 03 juin 2023 \u00e0 Abidjan Cocody-Riviera Golf, Habib Bamba, directeur g\u00e9n\u00e9ral de la fondation Orange C\u00f4te d\u2019Ivoire, a r\u00e9affirm\u00e9 son engagement \u00e0 soutenir les actions de prise en charge des personnes autistes, \u00e0 travers l\u2019Association \u2018\u2018Autisme C\u00f4te d\u2019Ivoire\u2019\u2019. Selon Habib [&hellip;]<\/p>\n","protected":false},"author":3,"featured_media":31095,"comment_status":"closed","ping_status":"closed","sticky":false,"template":"","format":"standard","meta":{"_monsterinsights_skip_tracking":false,"_monsterinsights_sitenote_active":false,"_monsterinsights_sitenote_note":"","_monsterinsights_sitenote_category":0,"footnotes":""},"categories":[2,3],"tags":[2163,77,2162,2161,2160],"class_list":["post-31090","post","type-post","status-publish","format-standard","has-post-thumbnail","hentry","category-featured","category-societe","tag-autistes","tag-cote-divoire","tag-engagement","tag-habib-bamba","tag-spectre-autistique"],"_links":{"self":[{"href":"https:\/\/www.lintelligentdabidjan.info\/news\/wp-json\/wp\/v2\/posts\/31090","targetHints":{"allow":["GET"]}}],"collection":[{"href":"https:\/\/www.lintelligentdabidjan.info\/news\/wp-json\/wp\/v2\/posts"}],"about":[{"href":"https:\/\/www.lintelligentdabidjan.info\/news\/wp-json\/wp\/v2\/types\/post"}],"author":[{"embeddable":true,"href":"https:\/\/www.lintelligentdabidjan.info\/news\/wp-json\/wp\/v2\/users\/3"}],"replies":[{"embeddable":true,"href":"https:\/\/www.lintelligentdabidjan.info\/news\/wp-json\/wp\/v2\/comments?post=31090"}],"version-history":[{"count":2,"href":"https:\/\/www.lintelligentdabidjan.info\/news\/wp-json\/wp\/v2\/posts\/31090\/revisions"}],"predecessor-version":[{"id":31096,"href":"https:\/\/www.lintelligentdabidjan.info\/news\/wp-json\/wp\/v2\/posts\/31090\/revisions\/31096"}],"wp:featuredmedia":[{"embeddable":true,"href":"https:\/\/www.lintelligentdabidjan.info\/news\/wp-json\/wp\/v2\/media\/31095"}],"wp:attachment":[{"href":"https:\/\/www.lintelligentdabidjan.info\/news\/wp-json\/wp\/v2\/media?parent=31090"}],"wp:term":[{"taxonomy":"category","embeddable":true,"href":"https:\/\/www.lintelligentdabidjan.info\/news\/wp-json\/wp\/v2\/categories?post=31090"},{"taxonomy":"post_tag","embeddable":true,"href":"https:\/\/www.lintelligentdabidjan.info\/news\/wp-json\/wp\/v2\/tags?post=31090"}],"curies":[{"name":"wp","href":"https:\/\/api.w.org\/{rel}","templated":true}]}}