{"id":311,"date":"2016-10-04T01:50:37","date_gmt":"2016-10-03T23:50:37","guid":{"rendered":"http:\/\/www.lintelligentdabidjan.info\/news\/?p=311"},"modified":"2016-10-04T17:34:27","modified_gmt":"2016-10-04T15:34:27","slug":"sam-lafricain-predit-la-chute-de-ouattara-il-doit-partir-comme-compaore-a-fui","status":"publish","type":"post","link":"https:\/\/www.lintelligentdabidjan.info\/news\/sam-lafricain-predit-la-chute-de-ouattara-il-doit-partir-comme-compaore-a-fui\/","title":{"rendered":"Sam l&#8217;Africain pr\u00e9dit la chute de Ouattara : &#8221; il doit partir comme Compaor\u00e9 a fui &#8220;"},"content":{"rendered":"<p>En meeting dimanche 2 octobre 2016 aux c\u00f4t\u00e9s de Pascal Affi N&#8217;guessan , Jichi Sam dit Sam l\u2019Africain a pr\u00e9dit la chute du Pr\u00e9sident Ouattara , dont il a qualifi\u00e9 la qualifi\u00e9 la gouvernance de p\u00e9riode de vengeance.<br \/>\n<!--more--><\/p>\n<p>&#8221; Si Alassane ( sic ) s\u2019ent\u00eate avec cette constitution , il doit partir comme Blaise Compaor\u00e9 a fui le Burkina Faso. Aujourd\u2019hui , Ouattara ( sic ) ne fait plus peur. L\u2019heure de la vengeance est arriv\u00e9e. Chacun de nous a \u00e9t\u00e9 victime de quelque chose &#8220;, a dit l&#8217;ex t\u00e9moin du procureur Bensouda \u00e0 la Haye pour justifier la mobilisation contre la nouvelle constitution. <\/p>\n<div class=\"fb-comments\" data-width=\"728\" data-numposts=\"50\"><\/div>\n","protected":false},"excerpt":{"rendered":"<p>En meeting dimanche 2 octobre 2016 aux c\u00f4t\u00e9s de Pascal Affi N&#8217;guessan , Jichi Sam dit Sam l\u2019Africain a pr\u00e9dit la chute du Pr\u00e9sident Ouattara , dont il a qualifi\u00e9 la qualifi\u00e9 la gouvernance de p\u00e9riode de vengeance.<\/p>\n","protected":false},"author":2,"featured_media":312,"comment_status":"closed","ping_status":"closed","sticky":false,"template":"","format":"standard","meta":{"_monsterinsights_skip_tracking":false,"_monsterinsights_sitenote_active":false,"_monsterinsights_sitenote_note":"","_monsterinsights_sitenote_category":0,"footnotes":""},"categories":[17],"tags":[39,40,32,38],"class_list":["post-311","post","type-post","status-publish","format-standard","has-post-thumbnail","hentry","category-politique","tag-alassane-ouattara","tag-blaise-compaore","tag-constitution","tag-sam-lafricain"],"_links":{"self":[{"href":"https:\/\/www.lintelligentdabidjan.info\/news\/wp-json\/wp\/v2\/posts\/311","targetHints":{"allow":["GET"]}}],"collection":[{"href":"https:\/\/www.lintelligentdabidjan.info\/news\/wp-json\/wp\/v2\/posts"}],"about":[{"href":"https:\/\/www.lintelligentdabidjan.info\/news\/wp-json\/wp\/v2\/types\/post"}],"author":[{"embeddable":true,"href":"https:\/\/www.lintelligentdabidjan.info\/news\/wp-json\/wp\/v2\/users\/2"}],"replies":[{"embeddable":true,"href":"https:\/\/www.lintelligentdabidjan.info\/news\/wp-json\/wp\/v2\/comments?post=311"}],"version-history":[{"count":2,"href":"https:\/\/www.lintelligentdabidjan.info\/news\/wp-json\/wp\/v2\/posts\/311\/revisions"}],"predecessor-version":[{"id":356,"href":"https:\/\/www.lintelligentdabidjan.info\/news\/wp-json\/wp\/v2\/posts\/311\/revisions\/356"}],"wp:featuredmedia":[{"embeddable":true,"href":"https:\/\/www.lintelligentdabidjan.info\/news\/wp-json\/wp\/v2\/media\/312"}],"wp:attachment":[{"href":"https:\/\/www.lintelligentdabidjan.info\/news\/wp-json\/wp\/v2\/media?parent=311"}],"wp:term":[{"taxonomy":"category","embeddable":true,"href":"https:\/\/www.lintelligentdabidjan.info\/news\/wp-json\/wp\/v2\/categories?post=311"},{"taxonomy":"post_tag","embeddable":true,"href":"https:\/\/www.lintelligentdabidjan.info\/news\/wp-json\/wp\/v2\/tags?post=311"}],"curies":[{"name":"wp","href":"https:\/\/api.w.org\/{rel}","templated":true}]}}