{"id":31119,"date":"2023-06-12T02:07:02","date_gmt":"2023-06-12T00:07:02","guid":{"rendered":"https:\/\/www.lintelligentdabidjan.info\/news\/?p=31119"},"modified":"2023-06-12T02:15:07","modified_gmt":"2023-06-12T00:15:07","slug":"agboville-sam-etiasse-aux-militants-du-ppa-ci-pardonnez-a-fleur-si-elle-vous-a-offenses","status":"publish","type":"post","link":"https:\/\/www.lintelligentdabidjan.info\/news\/agboville-sam-etiasse-aux-militants-du-ppa-ci-pardonnez-a-fleur-si-elle-vous-a-offenses\/","title":{"rendered":"Agboville &#8211; Sam Etiass\u00e9 aux militants du Ppa-ci :\u00ab Pardonnez \u00e0 Fleur, si elle vous a offens\u00e9s\u00bb"},"content":{"rendered":"<p><em><strong>Sam Etiass\u00e9 a demand\u00e9 aux militants du Ppa-ci  de pardonner \u00e0 Fleur si elle les a offens\u00e9s. <\/strong><\/em><\/p>\n<p>L\u2019investiture des \u00e9lus de la f\u00e9d\u00e9ration Ppa-CI s\u2019est tenue le samedi 10 juin 2023 \u00e0 l\u2019espace \u00e9v\u00e8nementiel au quartier r\u00e9sidentiel nouveau en pr\u00e9sence d\u2019une  d\u00e9l\u00e9gation du Pdci conduite par le secr\u00e9taire de section, N\u2019da Pascal. La candidate du Ppa-CI \u00e0 l\u2019\u00e9lection municipale, Fleur Esther Ak\u00e9 M\u2019b\u00f4 alias Ohonon (Reine) a  demand\u00e9 aux militants de se mobiliser  pour la victoire  : \u00ab Je tiens \u00e0 remercier les secr\u00e9taires de sections et militants du Ppa-Ci venus en grand nombre \u00e0 cette investiture des \u00e9lus du parti. Agboville doit \u00eatre la racine de la reconqu\u00eate du Ppa-CI \u00e0 l\u2019\u00e9lection pr\u00e9sidentielle de l\u2019an 2025. Pour ma part, je vous demande d\u2019\u00eatre mobilis\u00e9s pour la victoire aux  \u00e9lections r\u00e9gionales et municipales \u00bb. <\/p>\n<p> Avant  l\u2019investiture des \u00e9lus de la f\u00e9d\u00e9ration Ppa-CI, le conseiller strat\u00e9gique politique, Sam Etiass\u00e9 Jean-Baptiste a demand\u00e9 aux militants du parti de Laurent Gbagbo de pardonner \u00e0 la candidate du Ppa-CI avant les municipales prochaines : \u00ab Je demande \u00e0 tous les militants du Ppa-CI de pardonner \u00e0 Fleur Esther Ak\u00e9 M\u2019b\u00f4 alias Ohonon, si d\u2019aventure elle vous a offens\u00e9s. Chers camarades, le nom de Laurent Gbagbo sera inscrit sur la liste \u00e9lectorale, notre souci est de remporter les r\u00e9gionales et les municipales\u00bb. Il a ajout\u00e9 que les secr\u00e9taires de section sont en mission  command\u00e9e  : \u00ab Le pr\u00e9sident Laurent Gbagbo attend la victoire du Ppa-CI \u00e0 ces \u00e9lections r\u00e9gionales et municipales au soir du 02 septembre 2023. Vous, secr\u00e9taires de section, vous \u00eates en mission commando. Rendez-vous le 02 septembre 2023 \u00bb.<br \/>\nLe professeur Adon Marie-Clarisse, 2e vice-pr\u00e9sidente du Ppa-CI  et Ouaraga Eug\u00e9nie , 3e vice-pr\u00e9sidente du parti ont proc\u00e9d\u00e9 \u00e0 l\u2019investiture des 18 secr\u00e9taires de section des quartiers et villages de la commune   : \u00ab Merci pour l\u2019accueil et l\u2019esprit de largesse que nous ont \u00e9t\u00e9  r\u00e9serv\u00e9s  par le pr\u00e9fet de r\u00e9gion, pr\u00e9fet du d\u00e9partement Sihindou Coulibaly. Cette investiture doit vous requinquer pour la victoire des \u00e9lections locales \u00e0 venir \u00bb, a dit le professeur Adon Marie- Clarisse. Le f\u00e9d\u00e9ral du Ppa-CI Obodji Men\u00e9 Michel a appel\u00e9 les  \u00e9lus investis et militants du Ppa-CI \u00e0 \u0153uvrer pour la victoire aux r\u00e9gionales et aux municipales.<\/p>\n<p><strong>Consty \u00e0 Agboville<\/strong><\/p>\n","protected":false},"excerpt":{"rendered":"<p>Sam Etiass\u00e9 a demand\u00e9 aux militants du Ppa-ci de pardonner \u00e0 Fleur si elle les a offens\u00e9s. L\u2019investiture des \u00e9lus de la f\u00e9d\u00e9ration Ppa-CI s\u2019est tenue le samedi 10 juin 2023 \u00e0 l\u2019espace \u00e9v\u00e8nementiel au quartier r\u00e9sidentiel nouveau en pr\u00e9sence d\u2019une d\u00e9l\u00e9gation du Pdci conduite par le secr\u00e9taire de section, N\u2019da Pascal. La candidate du [&hellip;]<\/p>\n","protected":false},"author":3,"featured_media":31122,"comment_status":"closed","ping_status":"closed","sticky":false,"template":"","format":"standard","meta":{"_monsterinsights_skip_tracking":false,"_monsterinsights_sitenote_active":false,"_monsterinsights_sitenote_note":"","_monsterinsights_sitenote_category":0,"footnotes":""},"categories":[2,17],"tags":[255,2166,1663,1393,750],"class_list":["post-31119","post","type-post","status-publish","format-standard","has-post-thumbnail","hentry","category-featured","category-politique","tag-agboville","tag-fleur","tag-militants","tag-ppa-ci","tag-sam-etiasse"],"_links":{"self":[{"href":"https:\/\/www.lintelligentdabidjan.info\/news\/wp-json\/wp\/v2\/posts\/31119","targetHints":{"allow":["GET"]}}],"collection":[{"href":"https:\/\/www.lintelligentdabidjan.info\/news\/wp-json\/wp\/v2\/posts"}],"about":[{"href":"https:\/\/www.lintelligentdabidjan.info\/news\/wp-json\/wp\/v2\/types\/post"}],"author":[{"embeddable":true,"href":"https:\/\/www.lintelligentdabidjan.info\/news\/wp-json\/wp\/v2\/users\/3"}],"replies":[{"embeddable":true,"href":"https:\/\/www.lintelligentdabidjan.info\/news\/wp-json\/wp\/v2\/comments?post=31119"}],"version-history":[{"count":1,"href":"https:\/\/www.lintelligentdabidjan.info\/news\/wp-json\/wp\/v2\/posts\/31119\/revisions"}],"predecessor-version":[{"id":31120,"href":"https:\/\/www.lintelligentdabidjan.info\/news\/wp-json\/wp\/v2\/posts\/31119\/revisions\/31120"}],"wp:featuredmedia":[{"embeddable":true,"href":"https:\/\/www.lintelligentdabidjan.info\/news\/wp-json\/wp\/v2\/media\/31122"}],"wp:attachment":[{"href":"https:\/\/www.lintelligentdabidjan.info\/news\/wp-json\/wp\/v2\/media?parent=31119"}],"wp:term":[{"taxonomy":"category","embeddable":true,"href":"https:\/\/www.lintelligentdabidjan.info\/news\/wp-json\/wp\/v2\/categories?post=31119"},{"taxonomy":"post_tag","embeddable":true,"href":"https:\/\/www.lintelligentdabidjan.info\/news\/wp-json\/wp\/v2\/tags?post=31119"}],"curies":[{"name":"wp","href":"https:\/\/api.w.org\/{rel}","templated":true}]}}