{"id":31132,"date":"2023-06-13T01:55:56","date_gmt":"2023-06-12T23:55:56","guid":{"rendered":"https:\/\/www.lintelligentdabidjan.info\/news\/?p=31132"},"modified":"2023-06-13T02:20:30","modified_gmt":"2023-06-13T00:20:30","slug":"rhdp-les-conseils-de-michel-koffi-benoit-et-adom-roger-aux-membres-depr","status":"publish","type":"post","link":"https:\/\/www.lintelligentdabidjan.info\/news\/rhdp-les-conseils-de-michel-koffi-benoit-et-adom-roger-aux-membres-depr\/","title":{"rendered":"RHDP-Les conseils de Michel Koffi Beno\u00eet et Adom Roger aux membres d\u2019Epr"},"content":{"rendered":"<p><em><strong>Michel Koffi Beno\u00eet et Adom Roger ont prodigu\u00e9 des conseils aux membres d\u2019Epr lors de leur sortie officielle. <\/strong><\/em><\/p>\n<p>Le cercle de r\u00e9flexion \u2018\u2019Engag\u00e9s pour la R\u00e9publique (Epr)\u2019\u2019 a effectu\u00e9 sa sortie officielle suivie d\u2019une conf\u00e9rence inaugurale, le jeudi 08 juin 2023 dans un h\u00f4tel \u00e0 Abidjan-Plateau sous le parrainage de Robert Beugr\u00e9 Mamb\u00e9.<\/p>\n<p>Michel Koffi Beno\u00eet, s\u00e9nateur, repr\u00e9sentant le parrain de la c\u00e9r\u00e9monie Robert Beugr\u00e9 Mamb\u00e9, ministre-gouverneur du district autonome d&#8217;Abidjan et par ailleurs, 1er vice-pr\u00e9sident du directoire du Rhdp a exprim\u00e9 sa reconnaissance pour avoir \u00e9t\u00e9 choisi pour pr\u00e9sider la c\u00e9r\u00e9monie de rentr\u00e9e. Il a encourag\u00e9 les jeunes \u00e0 rester sur la voie et sur le chemin de la v\u00e9rit\u00e9. \u00ab Personne ne vous en voudra et l&#8217;histoire vous donnera raison. Ayez confiance en vous-m\u00eames. Au sein de cette famille qu&#8217;est le Rhdp, vous d\u00e9couvrirez les hommes et les femmes qui ont tourn\u00e9 le dos \u00e0 un certain pass\u00e9 (&#8230;) des hommes et des femmes d\u00e9termin\u00e9s \u00e0 mettre ensemble leurs id\u00e9es, leur savoir-faire pour \u00e9crire cette nouvelle page qui va aujourd&#8217;hui et demain servir \u00e0 cette nouvelle g\u00e9n\u00e9ration (\u2026) Au Rhdp, vous ne manquerez pas de mod\u00e8le. Le pr\u00e9sident de notre parti son excellence Monsieur Alassane Ouattara pr\u00e9sident de la R\u00e9publique est une parfaite illustration de ces mod\u00e8les.\u00bb, a-t-il mentionn\u00e9.<\/p>\n<p><strong>Les \u00e9l\u00e9ments qui doivent fonder un parti politique. <\/strong><\/p>\n<p>Adom Roger, directeur de cabinet du secr\u00e9taire ex\u00e9cutif du Rhdp Ciss\u00e9 Ibrahima Bacongo a conduit la conf\u00e9rence inaugurale avec pour th\u00e8me \u201cengagement et militantisme au sein du Rhdp\u201d il a exprim\u00e9 sa satisfaction de se retrouver aux c\u00f4t\u00e9s de son parrain le s\u00e9nateur Koffi Beno\u00eet. \u00ab Celui qui s&#8217;engage, gouverne. Les jeunes pr\u00e9f\u00e8rent ne pas s&#8217;engager dans les probl\u00e8mes des autres. Les \u00e9l\u00e9ments qui doivent fonder un parti politique sont la discipline militante, la formation politique. La troisi\u00e8me, c&#8217;est la participation active aux activit\u00e9s du parti et la quatri\u00e8me, c&#8217;est la participation financi\u00e8re. Nous avons une chance d&#8217;avoir un bon leader qui est le pr\u00e9sident Alassane Ouattara. On le suit tous parce qu&#8217;on est tous fiers de le suivre, on aime ce qu&#8217;il fait, on le suit avec amour, avec volont\u00e9. \u00bb, a-t-il fait savoir.<br \/>\nSelon le pr\u00e9sident du cercle de r\u00e9flexion \u2019\u2019Engag\u00e9s pour la R\u00e9publique\u201d, Solomann Abraham Sanogo, un bon militant doit mettre son int\u00e9r\u00eat personnel en second plan. \u00abUn bon et vrai militant doit avant tout mettre l\u2019int\u00e9r\u00eat g\u00e9n\u00e9ral du groupe avant son int\u00e9r\u00eat personnel. Il ne doit rien faire qui puisse fragiliser ou d\u00e9stabiliser son parti. La discipline du parti exige de tous qu\u2019une fois que la direction du parti d\u00e9cide de quelque chose, tous les militants doivent se plier et ob\u00e9ir sans aucun pr\u00e9alable. Il a l\u2019obligation de respecter scrupuleusement sans h\u00e9sitation ni murmure les ordres de la hi\u00e9rarchie\u00bb, a-t-il d\u00e9clar\u00e9.<br \/>\nRappelons que ce mouvement citoyen regroupe en son sein des jeunes cadres de l&#8217;administration publique ivoirienne , du secteur priv\u00e9, des chefs d&#8217;entreprise, des op\u00e9rateurs \u00e9conomiques, des hommes de m\u00e9dias , des enseignants et aussi des \u00e9tudiants.<\/p>\n<p><strong>Mamadou Ouattara avec C\u00e9cile Mobio<\/strong><\/p>\n","protected":false},"excerpt":{"rendered":"<p>Michel Koffi Beno\u00eet et Adom Roger ont prodigu\u00e9 des conseils aux membres d\u2019Epr lors de leur sortie officielle. Le cercle de r\u00e9flexion \u2018\u2019Engag\u00e9s pour la R\u00e9publique (Epr)\u2019\u2019 a effectu\u00e9 sa sortie officielle suivie d\u2019une conf\u00e9rence inaugurale, le jeudi 08 juin 2023 dans un h\u00f4tel \u00e0 Abidjan-Plateau sous le parrainage de Robert Beugr\u00e9 Mamb\u00e9. Michel Koffi [&hellip;]<\/p>\n","protected":false},"author":3,"featured_media":31137,"comment_status":"closed","ping_status":"closed","sticky":false,"template":"","format":"standard","meta":{"footnotes":""},"categories":[2,17],"tags":[2168,1578,2169,1800,2167,144],"class_list":["post-31132","post","type-post","status-publish","format-standard","has-post-thumbnail","hentry","category-featured","category-politique","tag-adom-roger","tag-conseils","tag-epr","tag-membres","tag-michel-koffi-benoit","tag-rhdp"],"_links":{"self":[{"href":"https:\/\/www.lintelligentdabidjan.info\/news\/wp-json\/wp\/v2\/posts\/31132","targetHints":{"allow":["GET"]}}],"collection":[{"href":"https:\/\/www.lintelligentdabidjan.info\/news\/wp-json\/wp\/v2\/posts"}],"about":[{"href":"https:\/\/www.lintelligentdabidjan.info\/news\/wp-json\/wp\/v2\/types\/post"}],"author":[{"embeddable":true,"href":"https:\/\/www.lintelligentdabidjan.info\/news\/wp-json\/wp\/v2\/users\/3"}],"replies":[{"embeddable":true,"href":"https:\/\/www.lintelligentdabidjan.info\/news\/wp-json\/wp\/v2\/comments?post=31132"}],"version-history":[{"count":2,"href":"https:\/\/www.lintelligentdabidjan.info\/news\/wp-json\/wp\/v2\/posts\/31132\/revisions"}],"predecessor-version":[{"id":31138,"href":"https:\/\/www.lintelligentdabidjan.info\/news\/wp-json\/wp\/v2\/posts\/31132\/revisions\/31138"}],"wp:featuredmedia":[{"embeddable":true,"href":"https:\/\/www.lintelligentdabidjan.info\/news\/wp-json\/wp\/v2\/media\/31137"}],"wp:attachment":[{"href":"https:\/\/www.lintelligentdabidjan.info\/news\/wp-json\/wp\/v2\/media?parent=31132"}],"wp:term":[{"taxonomy":"category","embeddable":true,"href":"https:\/\/www.lintelligentdabidjan.info\/news\/wp-json\/wp\/v2\/categories?post=31132"},{"taxonomy":"post_tag","embeddable":true,"href":"https:\/\/www.lintelligentdabidjan.info\/news\/wp-json\/wp\/v2\/tags?post=31132"}],"curies":[{"name":"wp","href":"https:\/\/api.w.org\/{rel}","templated":true}]}}