{"id":31192,"date":"2023-06-20T00:29:25","date_gmt":"2023-06-19T22:29:25","guid":{"rendered":"https:\/\/www.lintelligentdabidjan.info\/news\/?p=31192"},"modified":"2023-07-15T11:14:37","modified_gmt":"2023-07-15T09:14:37","slug":"lintelligent-en-pdf-bruno-kone-expose-sur-lacces-au-logement-en-afrique-a-la-4eme-edition-du-filoses-deficit-de-56-millions-dunites-et-60-de-la-population-urbaine-dans-les-bidonv","status":"publish","type":"post","link":"https:\/\/www.lintelligentdabidjan.info\/news\/lintelligent-en-pdf-bruno-kone-expose-sur-lacces-au-logement-en-afrique-a-la-4eme-edition-du-filoses-deficit-de-56-millions-dunites-et-60-de-la-population-urbaine-dans-les-bidonv\/","title":{"rendered":"L\u2019Intelligent en PDF : Bruno Kon\u00e9 expose sur l&#8217;acc\u00e8s au logement en Afrique \u00e0 la 4\u00e8me \u00e9dition du FILOSES-     D\u00e9ficit  de 56 millions d&#8217;unit\u00e9s et 60 % de la population urbaine dans les bidonvilles"},"content":{"rendered":"<p><strong>La 4\u00e8me \u00e9dition du Forum International du logement social, \u00e9conomique et de standing (FILOSES 2023) s&#8217;est achev\u00e9e le samedi 17 juin 2023 \u00e0 la CAISTAB \u00e0 Abidjan-Plateau. Qu\u2019est ce que le ministre de la Construction, du Logement et de l&#8217;Urbanisme, Bruno Nabagn\u00e9 Kon\u00e9 a dit au cours de cette c\u00e9r\u00e9monie sur les bidonvilles ?<\/strong><\/p>\n<p>Article \u00e0 d\u00e9couvrir en ligne sur<\/p>\n<p><a href=\"https:\/\/news.abidjan.net\/titrologie\/39-lintellige%20nt-dabidjan\/articles\" target=\"_blank\">https:\/\/news.abidjan.net\/titrologie\/39-lintellige%20nt-dabidjan\/articles<\/a><\/p>\n<p>\u00c0 consulter aussi le compte rendu de la c\u00e9r\u00e9monie de lancement de la Signature \u00e9lectronique dans l\u2019Administration Publique, du lancement des programmes entrepreneuriat du Pj-Gouv, de l\u2019installation du comit\u00e9 du District autonome de la Vall\u00e9e du Bandama charg\u00e9 du suivi du plan national de d\u00e9veloppement (Pnd) 2021-2025 , de la pr\u00e9sentation de l\u2019Ong &#8220;Tr\u00e9sor du c\u0153ur&#8221; et de la signature d\u2019un protocole d\u2019entente entre le District autonome de Yamoussoukro et le Royaume des Pays-Bas en C\u00f4te d\u2019Ivoire.<\/p>\n<p>Cliquez pour les d\u00e9tails<\/p>\n<p><a href=\"https:\/\/www.pressecotedivoire.ci\/titrologie\/LINTELLIGENTDABIDJAN51733oY9EM\/journal\" target=\"_blank\">https:\/\/www.pressecotedivoire.ci\/titrologie\/LINTELLIGENTDABIDJAN51733oY9EM\/journal<\/a><\/p>\n<p>\u00c0 lire en sport un entretien avec Franck Kessi\u00e9 ( Milieu de terrain des \u00c9l\u00e9phants) et le lancement de la 23e \u00e9dition de l\u2019Open de C\u00f4te d\u2019Ivoire.<\/p>\n<p><a href=\"https:\/\/news.lia.ci\/\" target=\"_blank\">https:\/\/news.lia.ci\/<\/a><\/p>\n","protected":false},"excerpt":{"rendered":"<p>La 4\u00e8me \u00e9dition du Forum International du logement social, \u00e9conomique et de standing (FILOSES 2023) s&#8217;est achev\u00e9e le samedi 17 juin 2023 \u00e0 la CAISTAB \u00e0 Abidjan-Plateau. Qu\u2019est ce que le ministre de la Construction, du Logement et de l&#8217;Urbanisme, Bruno Nabagn\u00e9 Kon\u00e9 a dit au cours de cette c\u00e9r\u00e9monie sur les bidonvilles ? Article [&hellip;]<\/p>\n","protected":false},"author":3,"featured_media":31193,"comment_status":"closed","ping_status":"closed","sticky":false,"template":"","format":"standard","meta":{"_monsterinsights_skip_tracking":false,"_monsterinsights_sitenote_active":false,"_monsterinsights_sitenote_note":"","_monsterinsights_sitenote_category":0,"footnotes":""},"categories":[2265],"tags":[],"class_list":["post-31192","post","type-post","status-publish","format-standard","has-post-thumbnail","hentry","category-lintelligent-en-pdf"],"_links":{"self":[{"href":"https:\/\/www.lintelligentdabidjan.info\/news\/wp-json\/wp\/v2\/posts\/31192","targetHints":{"allow":["GET"]}}],"collection":[{"href":"https:\/\/www.lintelligentdabidjan.info\/news\/wp-json\/wp\/v2\/posts"}],"about":[{"href":"https:\/\/www.lintelligentdabidjan.info\/news\/wp-json\/wp\/v2\/types\/post"}],"author":[{"embeddable":true,"href":"https:\/\/www.lintelligentdabidjan.info\/news\/wp-json\/wp\/v2\/users\/3"}],"replies":[{"embeddable":true,"href":"https:\/\/www.lintelligentdabidjan.info\/news\/wp-json\/wp\/v2\/comments?post=31192"}],"version-history":[{"count":4,"href":"https:\/\/www.lintelligentdabidjan.info\/news\/wp-json\/wp\/v2\/posts\/31192\/revisions"}],"predecessor-version":[{"id":31200,"href":"https:\/\/www.lintelligentdabidjan.info\/news\/wp-json\/wp\/v2\/posts\/31192\/revisions\/31200"}],"wp:featuredmedia":[{"embeddable":true,"href":"https:\/\/www.lintelligentdabidjan.info\/news\/wp-json\/wp\/v2\/media\/31193"}],"wp:attachment":[{"href":"https:\/\/www.lintelligentdabidjan.info\/news\/wp-json\/wp\/v2\/media?parent=31192"}],"wp:term":[{"taxonomy":"category","embeddable":true,"href":"https:\/\/www.lintelligentdabidjan.info\/news\/wp-json\/wp\/v2\/categories?post=31192"},{"taxonomy":"post_tag","embeddable":true,"href":"https:\/\/www.lintelligentdabidjan.info\/news\/wp-json\/wp\/v2\/tags?post=31192"}],"curies":[{"name":"wp","href":"https:\/\/api.w.org\/{rel}","templated":true}]}}