{"id":31260,"date":"2023-06-30T01:36:39","date_gmt":"2023-06-29T23:36:39","guid":{"rendered":"https:\/\/www.lintelligentdabidjan.info\/news\/?p=31260"},"modified":"2023-07-01T00:37:45","modified_gmt":"2023-06-30T22:37:45","slug":"municipales-et-regionales-dans-le-gbeke-un-seminaire-organise-pour-des-elections-apaisees","status":"publish","type":"post","link":"https:\/\/www.lintelligentdabidjan.info\/news\/municipales-et-regionales-dans-le-gbeke-un-seminaire-organise-pour-des-elections-apaisees\/","title":{"rendered":"Municipales et r\u00e9gionales dans le Gb\u00eak\u00ea- Un s\u00e9minaire organis\u00e9 pour des \u00e9lections apais\u00e9es"},"content":{"rendered":"<p><em><strong>Un s\u00e9minaire a \u00e9t\u00e9 organis\u00e9 pour des \u00e9lections apais\u00e9es lors des municipales et r\u00e9gionales 2023 dans le Gb\u00eak\u00ea.<\/strong><\/em><\/p>\n<p>Le samedi 24 juin 2023, \u00e0 la salle de r\u00e9union de la pr\u00e9fecture de r\u00e9gion de Bouak\u00e9, les populations de la r\u00e9gion de Gb\u00eak\u00ea ont \u00e9t\u00e9 invit\u00e9es \u00e0 s&#8217;approprier les valeurs d\u00e9mocratiques et de cohabitation afin de consolider la paix et la qui\u00e9tude sociale lors d\u2019un s\u00e9minaire initi\u00e9 par le Minist\u00e8re de la R\u00e9conciliation et de la Coh\u00e9sion Nationale, \u00e0 travers sa direction du Suivi-\u00c9valuation et de la Promotion de la D\u00e9mocratie (Dsepd). Cette sensibilisation \u00e9tait plac\u00e9e sous le th\u00e8me : &#8220;Acteurs sociaux : Quelles valeurs d\u00e9mocratiques pour des \u00e9lections apais\u00e9es ?&#8221;. Selon le Professeur Kouadio Adou Fran\u00e7ois, directeur du Dsepd, cette activit\u00e9 s&#8217;inscrit dans le cadre d&#8217;une campagne nationale de sensibilisation pour des \u00e9lections r\u00e9gionales et municipales apais\u00e9es. Occasion pour lui d&#8217;instruire les participants, notamment les responsables des structures de jeunesse, de femmes et la soci\u00e9t\u00e9 civile sur la n\u00e9cessit\u00e9 de promouvoir les valeurs d\u00e9mocratiques et pour le renforcement de la coh\u00e9sion sociale en p\u00e9riode pr\u00e9\u00e9lectorale, \u00e9lectorale et post \u00e9lectorale. &#8220;En pr\u00e9lude aux \u00e9lections qui se tiendront le 02 septembre 2023, nous parcourons le pays profond \u00e0 l&#8217;effet de sensibiliser les populations particuli\u00e8rement les jeunes sur les valeurs d\u00e9mocratiques. Les \u00e9lections ne doivent pas \u00eatre des moments de division ou de fracture sociale. Les jeunes plus que tout le monde doivent \u00e9viter les violences surtout en p\u00e9riode \u00e9lectorale. Ils sont le socle de la C\u00f4te d&#8217;Ivoire \u00e9mergente. Nous devons encadrer notre jeunesse et leur inculquer la culture de la paix. Il est important que les jeunes prennent conscience de leurs responsabilit\u00e9s car c&#8217;est \u00e0 eux qu&#8217;appartient la C\u00f4te d&#8217;Ivoire de demain. Pour ce faire le pays a besoin de paix et d&#8217;unit\u00e9. Aucun d\u00e9veloppement ne peut se faire sans la paix et la stabilit\u00e9&#8221;, a dit Pr. Kouadio Adou Fran\u00e7ois. S&#8217;appuyant sur le fait que, la violence est oppos\u00e9e \u00e0 la d\u00e9mocratie. &#8220;La d\u00e9mocratie c&#8217;est le respect des lois et des institutions. C&#8217;est le d\u00e9bat contradictoire et l&#8217;acceptation de l&#8217;autre. La d\u00e9mocratie ce n&#8217;est pas la division, ni le tribalisme, la violence ou la destruction du bien d&#8217;autrui&#8221;, a-t-il ajout\u00e9. Pour sa part, le d\u00e9l\u00e9gu\u00e9 r\u00e9gional du Conseil national des jeunes de C\u00f4te d&#8217;Ivoire (Cnjci) section Gb\u00eak\u00ea, Ouattara Kiffory Inza a, en qualit\u00e9 de porte-parole des participants r\u00e9it\u00e9r\u00e9 l&#8217;engagement des jeunes de Bouak\u00e9 \u00e0 \u0153uvrer au quotidien pour des \u00e9lections apais\u00e9es sans violences dans la r\u00e9gion.<\/p>\n<p><strong>Aboubacar Al Syddick \u00e0 Bouak\u00e9<\/strong><\/p>\n","protected":false},"excerpt":{"rendered":"<p>Un s\u00e9minaire a \u00e9t\u00e9 organis\u00e9 pour des \u00e9lections apais\u00e9es lors des municipales et r\u00e9gionales 2023 dans le Gb\u00eak\u00ea. Le samedi 24 juin 2023, \u00e0 la salle de r\u00e9union de la pr\u00e9fecture de r\u00e9gion de Bouak\u00e9, les populations de la r\u00e9gion de Gb\u00eak\u00ea ont \u00e9t\u00e9 invit\u00e9es \u00e0 s&#8217;approprier les valeurs d\u00e9mocratiques et de cohabitation afin de [&hellip;]<\/p>\n","protected":false},"author":3,"featured_media":31273,"comment_status":"closed","ping_status":"closed","sticky":false,"template":"","format":"standard","meta":{"_monsterinsights_skip_tracking":false,"_monsterinsights_sitenote_active":false,"_monsterinsights_sitenote_note":"","_monsterinsights_sitenote_category":0,"footnotes":""},"categories":[2,17],"tags":[2209,646,338,2208,1620,1767],"class_list":["post-31260","post","type-post","status-publish","format-standard","has-post-thumbnail","hentry","category-featured","category-politique","tag-apaisees","tag-elections","tag-gbeke","tag-municipales","tag-regionales","tag-seminaire"],"_links":{"self":[{"href":"https:\/\/www.lintelligentdabidjan.info\/news\/wp-json\/wp\/v2\/posts\/31260","targetHints":{"allow":["GET"]}}],"collection":[{"href":"https:\/\/www.lintelligentdabidjan.info\/news\/wp-json\/wp\/v2\/posts"}],"about":[{"href":"https:\/\/www.lintelligentdabidjan.info\/news\/wp-json\/wp\/v2\/types\/post"}],"author":[{"embeddable":true,"href":"https:\/\/www.lintelligentdabidjan.info\/news\/wp-json\/wp\/v2\/users\/3"}],"replies":[{"embeddable":true,"href":"https:\/\/www.lintelligentdabidjan.info\/news\/wp-json\/wp\/v2\/comments?post=31260"}],"version-history":[{"count":2,"href":"https:\/\/www.lintelligentdabidjan.info\/news\/wp-json\/wp\/v2\/posts\/31260\/revisions"}],"predecessor-version":[{"id":31265,"href":"https:\/\/www.lintelligentdabidjan.info\/news\/wp-json\/wp\/v2\/posts\/31260\/revisions\/31265"}],"wp:featuredmedia":[{"embeddable":true,"href":"https:\/\/www.lintelligentdabidjan.info\/news\/wp-json\/wp\/v2\/media\/31273"}],"wp:attachment":[{"href":"https:\/\/www.lintelligentdabidjan.info\/news\/wp-json\/wp\/v2\/media?parent=31260"}],"wp:term":[{"taxonomy":"category","embeddable":true,"href":"https:\/\/www.lintelligentdabidjan.info\/news\/wp-json\/wp\/v2\/categories?post=31260"},{"taxonomy":"post_tag","embeddable":true,"href":"https:\/\/www.lintelligentdabidjan.info\/news\/wp-json\/wp\/v2\/tags?post=31260"}],"curies":[{"name":"wp","href":"https:\/\/api.w.org\/{rel}","templated":true}]}}