{"id":31314,"date":"2023-07-06T00:41:21","date_gmt":"2023-07-05T22:41:21","guid":{"rendered":"https:\/\/www.lintelligentdabidjan.info\/news\/?p=31314"},"modified":"2023-07-06T00:46:12","modified_gmt":"2023-07-05T22:46:12","slug":"cote-divoire-des-techniciens-et-ouvriers-industriels-annoncent-une-ceremonie-dhommage-au-president-ouattara","status":"publish","type":"post","link":"https:\/\/www.lintelligentdabidjan.info\/news\/cote-divoire-des-techniciens-et-ouvriers-industriels-annoncent-une-ceremonie-dhommage-au-president-ouattara\/","title":{"rendered":"C\u00f4te d\u2019Ivoire-Des techniciens et ouvriers industriels  annoncent  une c\u00e9r\u00e9monie d\u2019hommage  au Pr\u00e9sident Ouattara"},"content":{"rendered":"<p><em><strong>L\u2019Union nationale des techniciens et ouvriers industriels de C\u00f4te d\u2019Ivoire (Untoici)  a  tenu  le mercredi 05 juin 2023, une conf\u00e9rence de presse \u00e0 la Maison de la presse \u00e0 Abidjan- Plateau  dans le cadre de la c\u00e9r\u00e9monie d\u2019hommage au pr\u00e9sident Alassane Ouattara qu\u2019elle entend organiser.<\/strong><\/em><\/p>\n<p>N\u2019douba Adou Jean-Marc,  secr\u00e9taire g\u00e9n\u00e9ral de l\u2019Union nationale des techniciens et ouvriers de C\u00f4te d\u2019Ivoire (Untoici), par ailleurs conf\u00e9rencier du jour a  situ\u00e9  l\u2019importance des techniciens et ouvriers industriels dans l\u2019\u00e9conomie.  \u00ab L\u2019\u00e9conomie de la C\u00f4te d\u2019Ivoire depuis son ind\u00e9pendance repose sur l\u2019agriculture .  Aujourd\u2019hui l\u2019industrialisation de cette agriculture s\u2019impose et  cela passe par une volont\u00e9 politique \u00bb, a-t-il affirm\u00e9. Le conf\u00e9rencier  a fait mention des objectifs de l\u2019Untoici qui, selon lui, se donne la l\u00e9gitimit\u00e9 de prendre part \u00e0 tous les d\u00e9bats li\u00e9s aux acteurs, op\u00e9rateurs, animateurs du secteur industriel ivoirien.  \u00ab En effet, depuis sa cr\u00e9ation le 31 d\u00e9cembre 2021, le bureau ex\u00e9cutif de l\u2019Untoici pr\u00e9sid\u00e9 par Fofana Hinnako Beno\u00eet s\u2019est assign\u00e9 comme mission, l\u2019encadrement, la formation, promotion et la valorisation des m\u00e9tiers de l\u2019industrie, le renforcement des capacit\u00e9s des techniciens et ouvriers afin de permettre \u00e0 notre pays de rester comp\u00e9titif du point de vue \u00e9conomique et d\u00e9veloppement \u00bb,a-t-il ajout\u00e9. L \u2019Untoici envisage une tourn\u00e9e de sensibilisation \u00e0 partir du 10 juillet 2023 dans toutes les zones industrielles suivie d\u2019un point de presse le 27 juillet 2023 avant la c\u00e9r\u00e9monie d\u2019hommage et de remerciement au chef de l\u2019\u00c9tat le 29 juillet 2023.<br \/>\n15 000 ouvriers et industriels sont attendus \u00e0 cette c\u00e9r\u00e9monie d\u2019hommage  qui aura lieu \u00e0 l\u2019Agora de la commune de Koumassi.<\/p>\n<p><strong>Olivier Dion  et Gerard Batoua stagiaire)<\/strong><\/p>\n","protected":false},"excerpt":{"rendered":"<p>L\u2019Union nationale des techniciens et ouvriers industriels de C\u00f4te d\u2019Ivoire (Untoici) a tenu le mercredi 05 juin 2023, une conf\u00e9rence de presse \u00e0 la Maison de la presse \u00e0 Abidjan- Plateau dans le cadre de la c\u00e9r\u00e9monie d\u2019hommage au pr\u00e9sident Alassane Ouattara qu\u2019elle entend organiser. N\u2019douba Adou Jean-Marc, secr\u00e9taire g\u00e9n\u00e9ral de l\u2019Union nationale des techniciens [&hellip;]<\/p>\n","protected":false},"author":3,"featured_media":31317,"comment_status":"closed","ping_status":"closed","sticky":false,"template":"","format":"standard","meta":{"_monsterinsights_skip_tracking":false,"_monsterinsights_sitenote_active":false,"_monsterinsights_sitenote_note":"","_monsterinsights_sitenote_category":0,"footnotes":""},"categories":[2,3],"tags":[2228,77,715,2227,34,2226,2229,2225],"class_list":["post-31314","post","type-post","status-publish","format-standard","has-post-thumbnail","hentry","category-featured","category-societe","tag-ceremonie","tag-cote-divoire","tag-hommage","tag-industriels","tag-ouattara","tag-ouvriers","tag-president","tag-techniciens"],"_links":{"self":[{"href":"https:\/\/www.lintelligentdabidjan.info\/news\/wp-json\/wp\/v2\/posts\/31314","targetHints":{"allow":["GET"]}}],"collection":[{"href":"https:\/\/www.lintelligentdabidjan.info\/news\/wp-json\/wp\/v2\/posts"}],"about":[{"href":"https:\/\/www.lintelligentdabidjan.info\/news\/wp-json\/wp\/v2\/types\/post"}],"author":[{"embeddable":true,"href":"https:\/\/www.lintelligentdabidjan.info\/news\/wp-json\/wp\/v2\/users\/3"}],"replies":[{"embeddable":true,"href":"https:\/\/www.lintelligentdabidjan.info\/news\/wp-json\/wp\/v2\/comments?post=31314"}],"version-history":[{"count":1,"href":"https:\/\/www.lintelligentdabidjan.info\/news\/wp-json\/wp\/v2\/posts\/31314\/revisions"}],"predecessor-version":[{"id":31315,"href":"https:\/\/www.lintelligentdabidjan.info\/news\/wp-json\/wp\/v2\/posts\/31314\/revisions\/31315"}],"wp:featuredmedia":[{"embeddable":true,"href":"https:\/\/www.lintelligentdabidjan.info\/news\/wp-json\/wp\/v2\/media\/31317"}],"wp:attachment":[{"href":"https:\/\/www.lintelligentdabidjan.info\/news\/wp-json\/wp\/v2\/media?parent=31314"}],"wp:term":[{"taxonomy":"category","embeddable":true,"href":"https:\/\/www.lintelligentdabidjan.info\/news\/wp-json\/wp\/v2\/categories?post=31314"},{"taxonomy":"post_tag","embeddable":true,"href":"https:\/\/www.lintelligentdabidjan.info\/news\/wp-json\/wp\/v2\/tags?post=31314"}],"curies":[{"name":"wp","href":"https:\/\/api.w.org\/{rel}","templated":true}]}}