{"id":31404,"date":"2023-07-15T20:18:10","date_gmt":"2023-07-15T18:18:10","guid":{"rendered":"https:\/\/www.lintelligentdabidjan.info\/news\/?p=31404"},"modified":"2023-07-15T20:21:18","modified_gmt":"2023-07-15T18:21:18","slug":"forces-armees-ivoiriennes-une-maturite-reconnue","status":"publish","type":"post","link":"https:\/\/www.lintelligentdabidjan.info\/news\/forces-armees-ivoiriennes-une-maturite-reconnue\/","title":{"rendered":"Forces arm\u00e9es ivoiriennes, une maturit\u00e9 reconnue !"},"content":{"rendered":"<p><em><strong>Gr\u00e2ce aux efforts entrepris, la r\u00e9forme de l\u2019arm\u00e9e bat son plein et les partenaires, africains et internationaux de longue date, reconnaissent favorablement les Forces Arm\u00e9es de C\u00f4te d&#8217;Ivoire (FACI).<\/strong><\/em><\/p>\n<p>Loin d\u2019\u00eatre un effet de communication, une anecdote illustre l\u2019excellence des FACI. Sur les r\u00e9seaux sociaux, la mise \u00e0 l\u2019honneur d\u2019un militaire est tr\u00e8s repr\u00e9sentative. A l\u2019issue d\u2019un stage de qualification au Centre d\u2019entra\u00eenement au combat en for\u00eat du Gabon (CEC-FoGa) auxquels d\u2019autres militaires africains participaient, un capitaine ivoirien a \u00e9t\u00e9 non seulement re\u00e7u major pour les phases d\u2019aguerrissement et de p\u00e9dagogie, mais il a directement \u00e9t\u00e9 qualifi\u00e9 instructeur alors qu\u2019il ne devait suivre que la formation moniteur !<\/p>\n<p><strong>La C\u00f4te d\u2019Ivoire cit\u00e9e comme mod\u00e8le&#8230;<\/strong><\/p>\n<p>Le 9 mai dernier, les forces sp\u00e9ciales ont brillamment d\u00e9montr\u00e9 leurs savoir-faire dans la lib\u00e9ration d\u2019otages. A l\u2019occasion d\u2019une c\u00e9r\u00e9monie organis\u00e9e \u00e0 l\u2019Acad\u00e9mie de lutte anti-terroriste (AILCT) de Jacqueville, les forces d\u2019\u00e9lite ont su convaincre, et les retours sont unanimes. Le repr\u00e9sentant de l\u2019arm\u00e9e des \u00c9tats-Unis, de l\u2019Europe du Sud et de l\u2019Afrique, Moussa Doukour\u00e9, s\u2019est dit impressionn\u00e9 par la qualit\u00e9, le niveau d\u2019entra\u00eenement et le professionnalisme des soldats. A tel point qu\u2019il recommande aux pays de la sous-r\u00e9gion de copier le \u00ab mod\u00e8le ivoirien \u00bb. De son c\u00f4t\u00e9, le chef d\u2019\u00e9tat-major de l\u2019arm\u00e9e du B\u00e9nin, le g\u00e9n\u00e9ral Issa Abou, inspir\u00e9 et conscient des capacit\u00e9s d\u2019autres pays africains dans le domaine, s\u2019est r\u00e9joui des prochaines collaborations \u00e0 instaurer avec la C\u00f4te d\u2019Ivoire.<br \/>\nContre les ravages de la piraterie maritime, certains pays du golfe de Guin\u00e9e, dont la C\u00f4te d\u2019Ivoire, ont int\u00e9gr\u00e9 le renforcement des moyens de surveillance et de riposte. Aussi, mi-avril la marine ivoirienne a secouru le navire \u00ab Success 9 \u00bb, pavillon singapourien. Attaqu\u00e9 par des pirates dans les eaux internationales, \u00e0 600 kilom\u00e8tres au sud d\u2019Abidjan, le patrouilleur de haute mer \u00ab Contre-Amiral Fadika \u00bb a localis\u00e9 le navire, secouru l\u2019\u00e9quipage, et proc\u00e9d\u00e9 \u00e0 sa mise en s\u00e9curit\u00e9 au port, une fois l\u2019alerte donn\u00e9e.<\/p>\n<p><strong>Et, f\u00e9d\u00e9ratrice d\u2019une pens\u00e9e strat\u00e9gique<\/strong><\/p>\n<p>Du 8 au 12 mai \u00e0 Abidjan, la C\u00f4te d\u2019Ivoire a organis\u00e9, avec la participation du Maroc, le 11e Sommet des Forces Terrestres Africaines. 349 participants venus de 36 pays d\u2019Afrique sur 54, et 6 autres d\u2019Europe. Cet \u00e9v\u00e8nement, organis\u00e9 conjointement par l\u2019\u00c9tat-major g\u00e9n\u00e9ral des arm\u00e9es de C\u00f4te d\u2019Ivoire et l\u2019US-Army avait pour th\u00e8me : \u00ab Relever les d\u00e9fis de la s\u00e9curit\u00e9 gr\u00e2ce aux partenariats civilo-militaires \u00bb.<br \/>\nUne \u00ab  opportunit\u00e9 pour la haute hi\u00e9rarchie des forces terrestres africaines de penser des strat\u00e9gies pragmatiques et r\u00e9alistes face aux d\u00e9fis s\u00e9curitaires nationaux et internationaux\u00bb, a expliqu\u00e9 le ministre d\u2019\u00c9tat ivoirien, ministre de la D\u00e9fense, T\u00e9n\u00e9 Birahima Ouattara.  L\u2019objectif de cette rencontre consistait \u00e0 \u00e9changer sur les d\u00e9fis de s\u00e9curit\u00e9 en Afrique, et \u00e0 d\u00e9velopper des solutions compl\u00e9mentaires et collaboratives avec les partenaires, notamment r\u00e9gionaux, \u00e0 travers l\u2019Afrique.<\/p>\n<p><strong>Les solutions tiennent aux actions de d\u00e9veloppement&#8230;<\/strong><\/p>\n<p>Les propositions ont rapidement suivi. L\u2019approche globale de prise en compte des populations est \u00ab indispensable au succ\u00e8s de l\u2019action des forces arm\u00e9es. L\u2019action militaire appuy\u00e9e par les actions de d\u00e9veloppement constitue \u00e0 l\u2019\u00e9vidence un moyen efficace pour combattre le fl\u00e9au du terrorisme \u00bb, a expliqu\u00e9 le ministre d\u2019\u00c9tat Ouattara.<br \/>\nEt de r\u00e9affirmer la volont\u00e9 nationale de poursuivre une meilleure dynamique l\u2019arm\u00e9e : \u00ab Nous nous sommes engag\u00e9s dans la r\u00e9forme de notre outil de d\u00e9fense afin de r\u00e9pondre efficacement aux menaces terroristes, dans le Nord. Cette r\u00e9forme s\u2019est traduite entre autres, par la cr\u00e9ation d\u2019une zone op\u00e9rationnelle Nord avec plus de 2 500 soldats d\u00e9ploy\u00e9s en permanence, et par la mise en \u0153uvre par le Gouvernement d\u2019un programme de d\u00e9veloppement d\u2019infrastructures de base et d\u2019activit\u00e9s g\u00e9n\u00e9ratrices de revenus au profit des populations. Ces actions int\u00e8grent la prise en charge de nos fr\u00e8res d\u00e9plac\u00e9s venus des pays voisins en proie au terrorisme. \u00bb<\/p>\n<p><strong>Et aux partenaires uniques et ind\u00e9fectibles<\/strong><\/p>\n<p>Lors de ce Sommet \u00e0 Abidjan, le ministre d\u2019\u00c9tat Ouattara a tenu \u00e0 exprimer sa satisfaction. Il a soulign\u00e9, au fil des ans, le partenariat op\u00e9rationnel et solide de son pays avec les \u00c9tats-Unis, notamment avec \u00ab Flintlock \u00bb : un exercice multinational anti-terroriste organis\u00e9 en Afrique par le commandement des op\u00e9rations sp\u00e9ciales des \u00c9tats-Unis depuis 2005, et dont la C\u00f4te d\u2019Ivoire est partenaire. 1300 soldats d\u2019\u00e9lite, issus de 29 pays dont 13 d\u2019Afrique et plusieurs autres d\u2019Europe y participent.<br \/>\nN\u00e9anmoins, le g\u00e9n\u00e9ral d\u2019arm\u00e9e Williams Darryl, commandant des Forces am\u00e9ricaines pour l\u2019Europe et l\u2019Afrique, a raison. Les \u00ab solutions viendront [\u00e0 terme] des Africains \u00bb.<br \/>\nEffectivement, pour vaincre les d\u00e9fis s\u00e9curitaires sur le continent, la C\u00f4te d&#8217;Ivoire saura bient\u00f4t faire pr\u00e9valoir sa puissance, et jouer un r\u00f4le primordial sur l\u2019\u00e9quilibre r\u00e9gional.<\/p>\n<p><strong>Constantine<\/strong><\/p>\n","protected":false},"excerpt":{"rendered":"<p>Gr\u00e2ce aux efforts entrepris, la r\u00e9forme de l\u2019arm\u00e9e bat son plein et les partenaires, africains et internationaux de longue date, reconnaissent favorablement les Forces Arm\u00e9es de C\u00f4te d&#8217;Ivoire (FACI). Loin d\u2019\u00eatre un effet de communication, une anecdote illustre l\u2019excellence des FACI. Sur les r\u00e9seaux sociaux, la mise \u00e0 l\u2019honneur d\u2019un militaire est tr\u00e8s repr\u00e9sentative. A [&hellip;]<\/p>\n","protected":false},"author":3,"featured_media":31406,"comment_status":"closed","ping_status":"closed","sticky":false,"template":"","format":"standard","meta":{"_monsterinsights_skip_tracking":false,"_monsterinsights_sitenote_active":false,"_monsterinsights_sitenote_note":"","_monsterinsights_sitenote_category":0,"footnotes":""},"categories":[2,1,3],"tags":[2266,2267,2268],"class_list":["post-31404","post","type-post","status-publish","format-standard","has-post-thumbnail","hentry","category-featured","category-actualites","category-societe","tag-forces-armees-ivoiriennes","tag-maturite","tag-reconnue"],"_links":{"self":[{"href":"https:\/\/www.lintelligentdabidjan.info\/news\/wp-json\/wp\/v2\/posts\/31404","targetHints":{"allow":["GET"]}}],"collection":[{"href":"https:\/\/www.lintelligentdabidjan.info\/news\/wp-json\/wp\/v2\/posts"}],"about":[{"href":"https:\/\/www.lintelligentdabidjan.info\/news\/wp-json\/wp\/v2\/types\/post"}],"author":[{"embeddable":true,"href":"https:\/\/www.lintelligentdabidjan.info\/news\/wp-json\/wp\/v2\/users\/3"}],"replies":[{"embeddable":true,"href":"https:\/\/www.lintelligentdabidjan.info\/news\/wp-json\/wp\/v2\/comments?post=31404"}],"version-history":[{"count":1,"href":"https:\/\/www.lintelligentdabidjan.info\/news\/wp-json\/wp\/v2\/posts\/31404\/revisions"}],"predecessor-version":[{"id":31405,"href":"https:\/\/www.lintelligentdabidjan.info\/news\/wp-json\/wp\/v2\/posts\/31404\/revisions\/31405"}],"wp:featuredmedia":[{"embeddable":true,"href":"https:\/\/www.lintelligentdabidjan.info\/news\/wp-json\/wp\/v2\/media\/31406"}],"wp:attachment":[{"href":"https:\/\/www.lintelligentdabidjan.info\/news\/wp-json\/wp\/v2\/media?parent=31404"}],"wp:term":[{"taxonomy":"category","embeddable":true,"href":"https:\/\/www.lintelligentdabidjan.info\/news\/wp-json\/wp\/v2\/categories?post=31404"},{"taxonomy":"post_tag","embeddable":true,"href":"https:\/\/www.lintelligentdabidjan.info\/news\/wp-json\/wp\/v2\/tags?post=31404"}],"curies":[{"name":"wp","href":"https:\/\/api.w.org\/{rel}","templated":true}]}}