{"id":31416,"date":"2023-07-18T03:17:27","date_gmt":"2023-07-18T01:17:27","guid":{"rendered":"https:\/\/www.lintelligentdabidjan.info\/news\/?p=31416"},"modified":"2023-07-22T12:04:47","modified_gmt":"2023-07-22T10:04:47","slug":"lintelligent-en-pdf-chantal-camara-prete-serment-en-qualite-de-presidente-du-conseil-constitutionnel-alassane-ouattara-linvite-a-sinspirer-de-mamadou-kone","status":"publish","type":"post","link":"https:\/\/www.lintelligentdabidjan.info\/news\/lintelligent-en-pdf-chantal-camara-prete-serment-en-qualite-de-presidente-du-conseil-constitutionnel-alassane-ouattara-linvite-a-sinspirer-de-mamadou-kone\/","title":{"rendered":"L\u2019Intelligent en PDF:  Chantal Camara pr\u00eate serment en qualit\u00e9 de pr\u00e9sidente du Conseil Constitutionnel- Alassane Ouattara l&#8217;invite \u00e0 s\u2019inspirer de Mamadou Kon\u00e9"},"content":{"rendered":"<p><strong>Alassane Ouattara a invit\u00e9 Chantal Camara, la nouvelle pr\u00e9sidente du Conseil Constitutionnel \u00e0 trouver en son pr\u00e9d\u00e9cesseur Mamadou Kon\u00e9 \u00ab une source d&#8217;inspiration et un mod\u00e8le, pour la r\u00e9ussite de sa mission \u00bb. Qu\u2019est ce que le chef de l\u2019\u00c9tat a dit concernant Chantal Camara ?<\/strong><\/p>\n<p>Article \u00e0 d\u00e9couvrir en ligne sur<\/p>\n<p><a href=\"https:\/\/news.abidjan.net\/titrologie\/39-lintellige%20nt-dabidjan\/articles\" target=\"_blank\">https:\/\/news.abidjan.net\/titrologie\/39-lintellige%20nt-dabidjan\/articles<\/a><\/p>\n<p>\u00c0 lire aussi la conf\u00e9rence de presse co-anim\u00e9e par Dj\u00e9dj\u00e9 Mady et St\u00e9phane Kipr\u00e9, l\u2019appel de Dr Raymonde Goudou Coffie aux jeunes de Toumodi dans le cadre des \u00e9lections locales dans le B\u00e9lier, l\u2019appel de Anne Ouloto aux fonctionnaires du District de la Vall\u00e9e du Bandaman et le compte rendu de la 49\u00e8me r\u00e9union du Comit\u00e9 ex\u00e9cutif de l\u2019Union parlementaire de l\u2019Organisation de la coop\u00e9ration islamique \u00e0 Abidjan.<\/p>\n<p>Cliquez pour les d\u00e9tails<\/p>\n<p><a href=\"https:\/\/www.pressecotedivoire.ci\/titrologie\/LIA5179xiMacDtZ23a2\/journal\" target=\"_blank\">https:\/\/www.pressecotedivoire.ci\/titrologie\/LIA5179xiMacDtZ23a2\/journal<\/a><\/p>\n<p>\u00c0 consulter \u00e9galement les attentes des hommes de Beugr\u00e9 Mamb\u00e9 vis-\u00e0-vis de la Cgeci dans le cadre de Ecocir Abidjan 2023 et le compte rendu de la conf\u00e9rence de presse de Tour\u00e9 Souleymane annon\u00e7ant sa candidature aux municipales \u00e0 Treichville en ind\u00e9pendant.<\/p>\n<p><a href=\"https:\/\/news.lia.ci\/\" target=\"_blank\">https:\/\/news.lia.ci\/<\/a><\/p>\n","protected":false},"excerpt":{"rendered":"<p>Alassane Ouattara a invit\u00e9 Chantal Camara, la nouvelle pr\u00e9sidente du Conseil Constitutionnel \u00e0 trouver en son pr\u00e9d\u00e9cesseur Mamadou Kon\u00e9 \u00ab une source d&#8217;inspiration et un mod\u00e8le, pour la r\u00e9ussite de sa mission \u00bb. Qu\u2019est ce que le chef de l\u2019\u00c9tat a dit concernant Chantal Camara ? Article \u00e0 d\u00e9couvrir en ligne sur https:\/\/news.abidjan.net\/titrologie\/39-lintellige%20nt-dabidjan\/articles \u00c0 lire [&hellip;]<\/p>\n","protected":false},"author":3,"featured_media":31417,"comment_status":"closed","ping_status":"closed","sticky":false,"template":"","format":"standard","meta":{"_monsterinsights_skip_tracking":false,"_monsterinsights_sitenote_active":false,"_monsterinsights_sitenote_note":"","_monsterinsights_sitenote_category":0,"footnotes":""},"categories":[2265],"tags":[],"class_list":["post-31416","post","type-post","status-publish","format-standard","has-post-thumbnail","hentry","category-lintelligent-en-pdf"],"_links":{"self":[{"href":"https:\/\/www.lintelligentdabidjan.info\/news\/wp-json\/wp\/v2\/posts\/31416","targetHints":{"allow":["GET"]}}],"collection":[{"href":"https:\/\/www.lintelligentdabidjan.info\/news\/wp-json\/wp\/v2\/posts"}],"about":[{"href":"https:\/\/www.lintelligentdabidjan.info\/news\/wp-json\/wp\/v2\/types\/post"}],"author":[{"embeddable":true,"href":"https:\/\/www.lintelligentdabidjan.info\/news\/wp-json\/wp\/v2\/users\/3"}],"replies":[{"embeddable":true,"href":"https:\/\/www.lintelligentdabidjan.info\/news\/wp-json\/wp\/v2\/comments?post=31416"}],"version-history":[{"count":3,"href":"https:\/\/www.lintelligentdabidjan.info\/news\/wp-json\/wp\/v2\/posts\/31416\/revisions"}],"predecessor-version":[{"id":31423,"href":"https:\/\/www.lintelligentdabidjan.info\/news\/wp-json\/wp\/v2\/posts\/31416\/revisions\/31423"}],"wp:featuredmedia":[{"embeddable":true,"href":"https:\/\/www.lintelligentdabidjan.info\/news\/wp-json\/wp\/v2\/media\/31417"}],"wp:attachment":[{"href":"https:\/\/www.lintelligentdabidjan.info\/news\/wp-json\/wp\/v2\/media?parent=31416"}],"wp:term":[{"taxonomy":"category","embeddable":true,"href":"https:\/\/www.lintelligentdabidjan.info\/news\/wp-json\/wp\/v2\/categories?post=31416"},{"taxonomy":"post_tag","embeddable":true,"href":"https:\/\/www.lintelligentdabidjan.info\/news\/wp-json\/wp\/v2\/tags?post=31416"}],"curies":[{"name":"wp","href":"https:\/\/api.w.org\/{rel}","templated":true}]}}