{"id":31419,"date":"2023-07-18T03:39:12","date_gmt":"2023-07-18T01:39:12","guid":{"rendered":"https:\/\/www.lintelligentdabidjan.info\/news\/?p=31419"},"modified":"2023-07-18T03:40:15","modified_gmt":"2023-07-18T01:40:15","slug":"promotion-de-lentreprenariat-actions-sociales-la-fondation-diamant-noir-adama-bictogo-lance-ses-activites-a-yopougon","status":"publish","type":"post","link":"https:\/\/www.lintelligentdabidjan.info\/news\/promotion-de-lentreprenariat-actions-sociales-la-fondation-diamant-noir-adama-bictogo-lance-ses-activites-a-yopougon\/","title":{"rendered":"Promotion de l\u2019entreprenariat, actions sociales-La Fondation Diamant noir Adama Bictogo lance ses activit\u00e9s \u00e0  Yopougon"},"content":{"rendered":"<p><em><strong>Cr\u00e9\u00e9e le 25 f\u00e9vrier 2023, la Fondation Diamant noir Adama Bictogo s\u2019emploie \u00e0 promouvoir et renforcer les \u0153uvres du pr\u00e9sident de l\u2019Assembl\u00e9e nationale.<\/strong><\/em><\/p>\n<p>Le si\u00e8ge de la Fondation Diamant noir Adama Bictogo, \u00e0 Yopougon Selmer a \u00e9t\u00e9 pr\u00e9sent\u00e9 aux populations le samedi 15 juillet 2023, par le pr\u00e9sident du conseil d\u2019administration de cette fondation, Ahmed Soumahoro.<br \/>\nPlusieurs raisons ont milit\u00e9 en faveur de la cr\u00e9ation de la Fondation Diamant noir Adama Bictogo, selon Ahmed Soumahoro, le pr\u00e9sident du conseil d\u2019administration : \u00ab Anim\u00e9s par la volont\u00e9 de contribuer \u00e0 l\u2019am\u00e9lioration des conditions de vie et \u00e0 l\u2019\u00e9ducation des populations, nous avons choisi comme mod\u00e8le Adama Bictogo et avons cr\u00e9\u00e9 une institution internationale apolitique \u00e0 but non lucratif, d\u2019int\u00e9r\u00eat g\u00e9n\u00e9ral d\u00e9nomm\u00e9e Fondation Diamant noir Adama Bictogo (FDNAB). Nous avons choisi, parce que nous avons constat\u00e9 sa grande implication dans le d\u00e9veloppement \u00e9conomique et social des populations, \u00e0 travers la cr\u00e9ation de plusieurs entreprises en C\u00f4te d\u2019Ivoire. C\u2019est pourquoi, nous comptons rassembler toutes les populations, sans distinction, dans la bonne fraternit\u00e9, la coh\u00e9sion et la solidarit\u00e9, pour une C\u00f4te d\u2019Ivoire prosp\u00e8re et d\u00e9velopp\u00e9e\u00bb.<br \/>\nCette fondation qui compte d\u00e9j\u00e0 4. 653 membres \u00e0 Yopougon, entend \u00e9tendre ses actions aux autres communes de la C\u00f4te d\u2019Ivoire, afin de promouvoir l\u2019id\u00e9al de servir l\u2019int\u00e9r\u00eat g\u00e9n\u00e9ral, lutter contre la pauvret\u00e9, par des appuis, aussi bien mat\u00e9riels que financiers, \u00e0 l\u2019am\u00e9lioration des conditions de vie des populations de Yopougon, commune qui abrite son si\u00e8ge et des autres villes de la C\u00f4te d\u2019Ivoire.<\/p>\n<p><strong>Olivier Dion<\/strong><\/p>\n","protected":false},"excerpt":{"rendered":"<p>Cr\u00e9\u00e9e le 25 f\u00e9vrier 2023, la Fondation Diamant noir Adama Bictogo s\u2019emploie \u00e0 promouvoir et renforcer les \u0153uvres du pr\u00e9sident de l\u2019Assembl\u00e9e nationale. Le si\u00e8ge de la Fondation Diamant noir Adama Bictogo, \u00e0 Yopougon Selmer a \u00e9t\u00e9 pr\u00e9sent\u00e9 aux populations le samedi 15 juillet 2023, par le pr\u00e9sident du conseil d\u2019administration de cette fondation, Ahmed [&hellip;]<\/p>\n","protected":false},"author":3,"featured_media":31420,"comment_status":"closed","ping_status":"closed","sticky":false,"template":"","format":"standard","meta":{"_monsterinsights_skip_tracking":false,"_monsterinsights_sitenote_active":false,"_monsterinsights_sitenote_note":"","_monsterinsights_sitenote_category":0,"footnotes":""},"categories":[2,3],"tags":[1171,2272,323,2273,2271,81],"class_list":["post-31419","post","type-post","status-publish","format-standard","has-post-thumbnail","hentry","category-featured","category-societe","tag-activites","tag-actions-sociales","tag-adama-bictogo","tag-fondation-diamant-noir","tag-promotion-de-lentreprenariat","tag-yopougon"],"_links":{"self":[{"href":"https:\/\/www.lintelligentdabidjan.info\/news\/wp-json\/wp\/v2\/posts\/31419","targetHints":{"allow":["GET"]}}],"collection":[{"href":"https:\/\/www.lintelligentdabidjan.info\/news\/wp-json\/wp\/v2\/posts"}],"about":[{"href":"https:\/\/www.lintelligentdabidjan.info\/news\/wp-json\/wp\/v2\/types\/post"}],"author":[{"embeddable":true,"href":"https:\/\/www.lintelligentdabidjan.info\/news\/wp-json\/wp\/v2\/users\/3"}],"replies":[{"embeddable":true,"href":"https:\/\/www.lintelligentdabidjan.info\/news\/wp-json\/wp\/v2\/comments?post=31419"}],"version-history":[{"count":1,"href":"https:\/\/www.lintelligentdabidjan.info\/news\/wp-json\/wp\/v2\/posts\/31419\/revisions"}],"predecessor-version":[{"id":31421,"href":"https:\/\/www.lintelligentdabidjan.info\/news\/wp-json\/wp\/v2\/posts\/31419\/revisions\/31421"}],"wp:featuredmedia":[{"embeddable":true,"href":"https:\/\/www.lintelligentdabidjan.info\/news\/wp-json\/wp\/v2\/media\/31420"}],"wp:attachment":[{"href":"https:\/\/www.lintelligentdabidjan.info\/news\/wp-json\/wp\/v2\/media?parent=31419"}],"wp:term":[{"taxonomy":"category","embeddable":true,"href":"https:\/\/www.lintelligentdabidjan.info\/news\/wp-json\/wp\/v2\/categories?post=31419"},{"taxonomy":"post_tag","embeddable":true,"href":"https:\/\/www.lintelligentdabidjan.info\/news\/wp-json\/wp\/v2\/tags?post=31419"}],"curies":[{"name":"wp","href":"https:\/\/api.w.org\/{rel}","templated":true}]}}