{"id":31571,"date":"2023-08-05T23:16:01","date_gmt":"2023-08-05T21:16:01","guid":{"rendered":"https:\/\/www.lintelligentdabidjan.info\/news\/?p=31571"},"modified":"2023-08-05T23:45:29","modified_gmt":"2023-08-05T21:45:29","slug":"hommage-de-jean-blaise-gwet-au-president-henri-konan-bedie-decede-a-lage-de-89-ans","status":"publish","type":"post","link":"https:\/\/www.lintelligentdabidjan.info\/news\/hommage-de-jean-blaise-gwet-au-president-henri-konan-bedie-decede-a-lage-de-89-ans\/","title":{"rendered":"Hommage de Jean Blaise GWET au pr\u00e9sident Henri Konan B\u00e9di\u00e9,  d\u00e9c\u00e9d\u00e9 \u00e0 l\u2019\u00e2ge de 89 ans."},"content":{"rendered":"<p><strong>Suite au d\u00e9c\u00e8s du pr\u00e9sident Henri Konan B\u00e9di\u00e9 le 1er Ao\u00fbt 2023 ,jean blaise GWET rend un hommage au chantre de l&#8217;ivoirit\u00e9 d\u00e9c\u00e9d\u00e9 \u00e0 l&#8217;\u00e2ge de 89 ans<\/strong><\/p>\n<p>Leader du Parti d\u00e9mocratique de la C\u00f4te d&#8217;Ivoire, le Pr\u00e9sident Henri KONAN B\u00c9DI\u00c9, d\u00e9c\u00e9d\u00e9 \u00e0 Abidjan \u00e0 l&#8217;\u00e2ge de 89 ans, \u00e9tait depuis un demi figures les plus embl\u00e9matiques de la vie politique du pays dont il \u00e9tait l&#8217;un des piliers. Il \u00e9tait un des b\u00e2tisseurs de notre d\u00e9mocratie, un des Hommes les plus engag\u00e9s dans la con si\u00e8cle, l\u2019une des struction politique de la C\u00f4te d&#8217;Ivoire. Sa disparition est une grande perte pour la sc\u00e8ne politique africaine, pour la C\u00f4te d&#8217;Ivoire, et surtout, pour sa famille biologique.<\/p>\n<p><img loading=\"lazy\" decoding=\"async\" src=\"https:\/\/www.lintelligentdabidjan.info\/news\/wp-content\/uploads\/2023\/08\/IMG-20230805-WA0023-215x300.jpg\" alt=\"IMG-20230805-WA0023\" width=\"215\" height=\"300\" class=\"alignnone size-medium wp-image-31576\" srcset=\"https:\/\/www.lintelligentdabidjan.info\/news\/wp-content\/uploads\/2023\/08\/IMG-20230805-WA0023-215x300.jpg 215w, https:\/\/www.lintelligentdabidjan.info\/news\/wp-content\/uploads\/2023\/08\/IMG-20230805-WA0023.jpg 228w\" sizes=\"auto, (max-width: 215px) 100vw, 215px\" \/><br \/>\nSa disparition annonce aussi, le d\u00e9but de la fin d\u2019une g\u00e9n\u00e9ration politique sortante, qui d\u2019une mani\u00e8re naturelle, c\u00e9dera la place \u00e0 une nouvelle g\u00e9n\u00e9ration d&#8217;hommes et de femmes politiques, aussi consciente,  avec le c\u0153ur plus tourn\u00e9 vers les int\u00e9r\u00eats des peuples, que par le pouvoir. Une nouvelle g\u00e9n\u00e9ration que nous incarnons d\u00e9s ormais.  Je voudrais \u00e0 cet effet, rassurer sa m\u00e9moire, qu\u2019elle repose en paix. Il laisse une nouvelle g\u00e9n\u00e9ration d\u2019Homme politiques portant des valeurs g\u00e9n\u00e9ration qui incarne la paix , , la coh\u00e9sion sociale et la tol\u00e9rance G\u00e9n\u00e9ra une nouvelle . Une nouvelle tion, qui continuera positivement leur combat, pour une Afrique libre, unie et forte. Au Pr\u00e9sident Alassane Ouattara , qui a toute mon admiration, pour avoir su donner \u00e0 la C\u00f4te d&#8217;Ivoire ses lettres de noblesse dans le concert des Nations, je lui adresse mes vives condol\u00e9ances, pour la disparition de ce digne fils de la Nation Ivoirienne, qui a \u0153uvrer ensemble avec lui, pour donner \u00e0 la C\u00f4te d&#8217;Ivoire, la chance de devenir ce qu\u2019elle est aujourd\u2019hui. Au nom de ma famille politique le MPCC, au nom de mes fr\u00e8res et s\u0153urs Camerounais, et surtout \u00e0 mon nom propre, j\u2019exprime \u00e0 la famille du d\u00e9funt, \u00e0 sa famille politique, ainsi qu&#8217;\u00e0 tout le peuple Ivoirien, notre profonde et collective affliction, et nos sinc\u00e8res condol\u00e9ances.   Que son \u00e2me repose en paix et que Dieu l&#8217;accueille dans son Royaume.<\/p>\n<p><strong>Jean Blaise GWET Pr\u00e9sident National du PMCC <\/strong><\/p>\n","protected":false},"excerpt":{"rendered":"<p>Suite au d\u00e9c\u00e8s du pr\u00e9sident Henri Konan B\u00e9di\u00e9 le 1er Ao\u00fbt 2023 ,jean blaise GWET rend un hommage au chantre de l&#8217;ivoirit\u00e9 d\u00e9c\u00e9d\u00e9 \u00e0 l&#8217;\u00e2ge de 89 ans Leader du Parti d\u00e9mocratique de la C\u00f4te d&#8217;Ivoire, le Pr\u00e9sident Henri KONAN B\u00c9DI\u00c9, d\u00e9c\u00e9d\u00e9 \u00e0 Abidjan \u00e0 l&#8217;\u00e2ge de 89 ans, \u00e9tait depuis un demi figures les [&hellip;]<\/p>\n","protected":false},"author":3,"featured_media":31572,"comment_status":"closed","ping_status":"closed","sticky":false,"template":"","format":"standard","meta":{"_monsterinsights_skip_tracking":false,"_monsterinsights_sitenote_active":false,"_monsterinsights_sitenote_note":"","_monsterinsights_sitenote_category":0,"footnotes":""},"categories":[2,17],"tags":[145,715,2347],"class_list":["post-31571","post","type-post","status-publish","format-standard","has-post-thumbnail","hentry","category-featured","category-politique","tag-henri-konan-bedie","tag-hommage","tag-jean-blaise-gwet"],"_links":{"self":[{"href":"https:\/\/www.lintelligentdabidjan.info\/news\/wp-json\/wp\/v2\/posts\/31571","targetHints":{"allow":["GET"]}}],"collection":[{"href":"https:\/\/www.lintelligentdabidjan.info\/news\/wp-json\/wp\/v2\/posts"}],"about":[{"href":"https:\/\/www.lintelligentdabidjan.info\/news\/wp-json\/wp\/v2\/types\/post"}],"author":[{"embeddable":true,"href":"https:\/\/www.lintelligentdabidjan.info\/news\/wp-json\/wp\/v2\/users\/3"}],"replies":[{"embeddable":true,"href":"https:\/\/www.lintelligentdabidjan.info\/news\/wp-json\/wp\/v2\/comments?post=31571"}],"version-history":[{"count":3,"href":"https:\/\/www.lintelligentdabidjan.info\/news\/wp-json\/wp\/v2\/posts\/31571\/revisions"}],"predecessor-version":[{"id":31577,"href":"https:\/\/www.lintelligentdabidjan.info\/news\/wp-json\/wp\/v2\/posts\/31571\/revisions\/31577"}],"wp:featuredmedia":[{"embeddable":true,"href":"https:\/\/www.lintelligentdabidjan.info\/news\/wp-json\/wp\/v2\/media\/31572"}],"wp:attachment":[{"href":"https:\/\/www.lintelligentdabidjan.info\/news\/wp-json\/wp\/v2\/media?parent=31571"}],"wp:term":[{"taxonomy":"category","embeddable":true,"href":"https:\/\/www.lintelligentdabidjan.info\/news\/wp-json\/wp\/v2\/categories?post=31571"},{"taxonomy":"post_tag","embeddable":true,"href":"https:\/\/www.lintelligentdabidjan.info\/news\/wp-json\/wp\/v2\/tags?post=31571"}],"curies":[{"name":"wp","href":"https:\/\/api.w.org\/{rel}","templated":true}]}}