{"id":31890,"date":"2023-09-15T21:36:27","date_gmt":"2023-09-15T19:36:27","guid":{"rendered":"https:\/\/www.lintelligentdabidjan.info\/news\/?p=31890"},"modified":"2023-09-15T21:57:42","modified_gmt":"2023-09-15T19:57:42","slug":"eleve-au-grade-de-commandeur-dans-lordre-du-merite-le-devouement-de-danho-paulin-a-la-cote-divoire-recompense","status":"publish","type":"post","link":"https:\/\/www.lintelligentdabidjan.info\/news\/eleve-au-grade-de-commandeur-dans-lordre-du-merite-le-devouement-de-danho-paulin-a-la-cote-divoire-recompense\/","title":{"rendered":"\u00c9lev\u00e9 au grade de Commandeur dans l&#8217;ordre du m\u00e9rite-  Le d\u00e9vouement de Danho Paulin \u00e0 la C\u00f4te d&#8217;Ivoire r\u00e9compens\u00e9"},"content":{"rendered":"<p><em><strong>Une autre distinction pour le ministre des Sports Danho Paulin, par ailleurs pr\u00e9sident de l&#8217;Union des villes et communes de C\u00f4te d&#8217;Ivoire (Uvicoci). Le D\u00e9put\u00e9-maire d&#8217;Att\u00e9coub\u00e9 a \u00e9t\u00e9 fait commandeur dans l&#8217;ordre du m\u00e9rite nationale par la grande chancellerie, le jeudi 14 septembre 2023. <\/strong><\/em><\/p>\n<p>Cette distinction du patron du sport en C\u00f4te d\u2019Ivoire vient s&#8217;ajouter \u00e0 celle d\u00e9j\u00e0 obtenue dans sa carri\u00e8re. En effet, le ministre des Sports a \u00e9t\u00e9 Commandeur dans l\u2019Ordre du M\u00e9rite Sportif de C\u00f4te d\u2019Ivoire, Commandeur dans l\u2019ordre du M\u00e9rite de la Fonction Publique, Officier de l\u2019Ordre National, Officier de l\u2019Ordre du M\u00e9rite Ivoirien de la Solidarit\u00e9 Nationale, Grand Prix Sp\u00e9cial de la R\u00e9conciliation Nationale et Citoyen d\u2019honneur des Villes de Bombay et Auxerre. Apr\u00e8s cinq ans \u00e0 la t\u00eate du d\u00e9partement minist\u00e9riel des sports, il est commandeur dans l\u2019ordre national de la R\u00e9publique de C\u00f4te d\u2019Ivoire pour r\u00e9compenser ses m\u00e9rites. <\/p>\n<p>Entr\u00e9 au gouvernement en juillet 2018, en qualit\u00e9 de Ministre des Sports  il a conduit, avec brio, les grands projets d\u2019infrastructures du Gouvernement et la Politique Nationale des Sports. La construction des stades de la CAN 2023, le projet Aisance nautique, la construction d&#8217;infrastructures de proximit\u00e9 notamment les Agoras sont entre autres les grands chantiers r\u00e9alis\u00e9s et en cours d&#8217;ach\u00e8vement par son d\u00e9partement minist\u00e9riel. <\/p>\n<p>Il occupe, \u00e9galement, le poste de Rapporteur G\u00e9n\u00e9ral de la Conf\u00e9rence des Ministres de la Jeunesse et des Sports (CONFEJES) \u00e0 l\u2019issue de la 39\u00e8me session qui s\u2019est d\u00e9roul\u00e9e du 22 au 28 mars 2023 \u00e0 Brazzaville au Congo. <\/p>\n<p>Maire de la commune d&#8217;Att\u00e9coub\u00e9 depuis 2001, les populations lui ont confi\u00e9 un autre mandat de cinq ans pour continuer l&#8217;\u0153uvre de d\u00e9veloppement dans la &#8221; commune famille&#8221;. Apr\u00e8s 22 ans consacr\u00e9s \u00e0 b\u00e2tir la Commune Famille, Danho Paulin se voit confier les r\u00eanes de la fa\u00eeti\u00e8re des Municipalit\u00e9s, l\u2019Union des Villes et Communes de C\u00f4te d\u2019Ivoire (UVICOCI) en mars 2019.<br \/>\nInconditionnel militant engag\u00e9 pour le d\u00e9veloppement et le rayonnement de son pays auquel il reste  attach\u00e9, le ministre des Sports  re\u00e7oit \u00e0 juste titre, les honneurs et la reconnaissance nationale pour les \u00e9minents services rendus \u00e0 la C\u00f4te d\u2019Ivoire.<\/p>\n<p><strong>Ange Kouadio<\/strong><\/p>\n","protected":false},"excerpt":{"rendered":"<p>Une autre distinction pour le ministre des Sports Danho Paulin, par ailleurs pr\u00e9sident de l&#8217;Union des villes et communes de C\u00f4te d&#8217;Ivoire (Uvicoci). Le D\u00e9put\u00e9-maire d&#8217;Att\u00e9coub\u00e9 a \u00e9t\u00e9 fait commandeur dans l&#8217;ordre du m\u00e9rite nationale par la grande chancellerie, le jeudi 14 septembre 2023. Cette distinction du patron du sport en C\u00f4te d\u2019Ivoire vient s&#8217;ajouter [&hellip;]<\/p>\n","protected":false},"author":3,"featured_media":31898,"comment_status":"closed","ping_status":"closed","sticky":false,"template":"","format":"standard","meta":{"_monsterinsights_skip_tracking":false,"_monsterinsights_sitenote_active":false,"_monsterinsights_sitenote_note":"","_monsterinsights_sitenote_category":0,"footnotes":""},"categories":[2,3],"tags":[77,733,2461,2460,2462],"class_list":["post-31890","post","type-post","status-publish","format-standard","has-post-thumbnail","hentry","category-featured","category-societe","tag-cote-divoire","tag-danho-paulin","tag-devouement","tag-grade-de-commandeur-ordre-du-merite","tag-recompense"],"_links":{"self":[{"href":"https:\/\/www.lintelligentdabidjan.info\/news\/wp-json\/wp\/v2\/posts\/31890","targetHints":{"allow":["GET"]}}],"collection":[{"href":"https:\/\/www.lintelligentdabidjan.info\/news\/wp-json\/wp\/v2\/posts"}],"about":[{"href":"https:\/\/www.lintelligentdabidjan.info\/news\/wp-json\/wp\/v2\/types\/post"}],"author":[{"embeddable":true,"href":"https:\/\/www.lintelligentdabidjan.info\/news\/wp-json\/wp\/v2\/users\/3"}],"replies":[{"embeddable":true,"href":"https:\/\/www.lintelligentdabidjan.info\/news\/wp-json\/wp\/v2\/comments?post=31890"}],"version-history":[{"count":1,"href":"https:\/\/www.lintelligentdabidjan.info\/news\/wp-json\/wp\/v2\/posts\/31890\/revisions"}],"predecessor-version":[{"id":31892,"href":"https:\/\/www.lintelligentdabidjan.info\/news\/wp-json\/wp\/v2\/posts\/31890\/revisions\/31892"}],"wp:featuredmedia":[{"embeddable":true,"href":"https:\/\/www.lintelligentdabidjan.info\/news\/wp-json\/wp\/v2\/media\/31898"}],"wp:attachment":[{"href":"https:\/\/www.lintelligentdabidjan.info\/news\/wp-json\/wp\/v2\/media?parent=31890"}],"wp:term":[{"taxonomy":"category","embeddable":true,"href":"https:\/\/www.lintelligentdabidjan.info\/news\/wp-json\/wp\/v2\/categories?post=31890"},{"taxonomy":"post_tag","embeddable":true,"href":"https:\/\/www.lintelligentdabidjan.info\/news\/wp-json\/wp\/v2\/tags?post=31890"}],"curies":[{"name":"wp","href":"https:\/\/api.w.org\/{rel}","templated":true}]}}