{"id":31963,"date":"2023-09-27T02:55:55","date_gmt":"2023-09-27T00:55:55","guid":{"rendered":"https:\/\/www.lintelligentdabidjan.info\/news\/?p=31963"},"modified":"2023-09-27T03:08:22","modified_gmt":"2023-09-27T01:08:22","slug":"cote-divoire-le-cosim-appelle-a-la-reconnaissance-des-mariages-traditionnels-et-religieux","status":"publish","type":"post","link":"https:\/\/www.lintelligentdabidjan.info\/news\/cote-divoire-le-cosim-appelle-a-la-reconnaissance-des-mariages-traditionnels-et-religieux\/","title":{"rendered":"C\u00f4te d&#8217;Ivoire &#8211; Le Cosim appelle \u00e0 la reconnaissance des mariages traditionnels et religieux"},"content":{"rendered":"<p><em><strong>Le Cosim a appel\u00e9 \u00e0 la reconnaissance des mariages traditionnels et religieux en C\u00f4te d&#8217;Ivoire lors de la c\u00e9l\u00e9bration du Mahouloud 2023. <\/strong><\/em><\/p>\n<p>La c\u00e9r\u00e9monie officielle de c\u00e9l\u00e9bration du Mahouloud comm\u00e9morant la naissance du proph\u00e8te Mohamed a eu lieu le mardi 26 septembre 2023 \u00e0 la grande mosqu\u00e9e de la Riviera Golf de Cocody en pr\u00e9sence du Vice-Pr\u00e9sident de la R\u00e9publique Ti\u00e9moko Meyliet Kon\u00e9 repr\u00e9sentant le Chef de l&#8217;\u00c9tat Alassane Ouattara. Au cours de cette c\u00e9r\u00e9monie qui avait pour th\u00e8me &#8220;&#8221; Les enseignements du proph\u00e8te Mohamed pour l\u2019\u00e9quilibre et le bien-\u00eatre de la famille&#8221;, le pr\u00e9sident du Conseil sup\u00e9rieur des Imams, des Mosqu\u00e9es et des Affaires islamiques (Cosim ) le Cheick A\u00efma Ousmane Diakit\u00e9 a appel\u00e9 \u00e0 la reconnaissance des mariages traditionnels et religieux. <\/p>\n<p>&#8220;Le Cosim saisit l&#8217;occasion pour lancer un appel en direction des autorit\u00e9s publiques en vue de la reconnaissance des mariages religieux et traditionnels afin d&#8217;une part de garantir les droits de tr\u00e8s nombreuses femmes \u00e0 vivre dans la dignit\u00e9 en parfaite harmonie et en conformit\u00e9 de nos pratiques soci\u00e9tales. Et d&#8217;autre part, de pr\u00e9server les droits des enfants n\u00e9s de ces mariages. Tout ceci concourant \u00e9videmment \u00e0 la promotion de la famille. C&#8217;\u00e9tait d&#8217;ailleurs ce qui \u00e9tait pratiqu\u00e9 en C\u00f4te d&#8217;Ivoire jusqu&#8217;en 1970 conform\u00e9ment aux dispositions transitoires de la loi num\u00e9ro 64 381 du 7 octobre 1964 concernant le mariage o\u00f9 le l\u00e9gislateur avait d\u00e9cid\u00e9 que tout mariage traditionnel c\u00e9l\u00e9br\u00e9 et ayant fait l&#8217;objet de d\u00e9claration devant l&#8217;autorit\u00e9 administrative comp\u00e9tente est rev\u00eatu de la valeur de mariage l\u00e9gal&#8221;, a t-il d\u00e9clar\u00e9.<\/p>\n<p><strong>Tour\u00e9 Abdoulaye<\/strong><\/p>\n","protected":false},"excerpt":{"rendered":"<p>Le Cosim a appel\u00e9 \u00e0 la reconnaissance des mariages traditionnels et religieux en C\u00f4te d&#8217;Ivoire lors de la c\u00e9l\u00e9bration du Mahouloud 2023. La c\u00e9r\u00e9monie officielle de c\u00e9l\u00e9bration du Mahouloud comm\u00e9morant la naissance du proph\u00e8te Mohamed a eu lieu le mardi 26 septembre 2023 \u00e0 la grande mosqu\u00e9e de la Riviera Golf de Cocody en pr\u00e9sence [&hellip;]<\/p>\n","protected":false},"author":3,"featured_media":31970,"comment_status":"closed","ping_status":"closed","sticky":false,"template":"","format":"standard","meta":{"_monsterinsights_skip_tracking":false,"_monsterinsights_sitenote_active":false,"_monsterinsights_sitenote_note":"","_monsterinsights_sitenote_category":0,"footnotes":""},"categories":[2,20,3],"tags":[590,77,2509,2508,657,2510],"class_list":["post-31963","post","type-post","status-publish","format-standard","has-post-thumbnail","hentry","category-featured","category-art-et-culture","category-societe","tag-cosim","tag-cote-divoire","tag-mariages","tag-reconnaissance","tag-religieux","tag-traditionnels"],"_links":{"self":[{"href":"https:\/\/www.lintelligentdabidjan.info\/news\/wp-json\/wp\/v2\/posts\/31963","targetHints":{"allow":["GET"]}}],"collection":[{"href":"https:\/\/www.lintelligentdabidjan.info\/news\/wp-json\/wp\/v2\/posts"}],"about":[{"href":"https:\/\/www.lintelligentdabidjan.info\/news\/wp-json\/wp\/v2\/types\/post"}],"author":[{"embeddable":true,"href":"https:\/\/www.lintelligentdabidjan.info\/news\/wp-json\/wp\/v2\/users\/3"}],"replies":[{"embeddable":true,"href":"https:\/\/www.lintelligentdabidjan.info\/news\/wp-json\/wp\/v2\/comments?post=31963"}],"version-history":[{"count":3,"href":"https:\/\/www.lintelligentdabidjan.info\/news\/wp-json\/wp\/v2\/posts\/31963\/revisions"}],"predecessor-version":[{"id":31966,"href":"https:\/\/www.lintelligentdabidjan.info\/news\/wp-json\/wp\/v2\/posts\/31963\/revisions\/31966"}],"wp:featuredmedia":[{"embeddable":true,"href":"https:\/\/www.lintelligentdabidjan.info\/news\/wp-json\/wp\/v2\/media\/31970"}],"wp:attachment":[{"href":"https:\/\/www.lintelligentdabidjan.info\/news\/wp-json\/wp\/v2\/media?parent=31963"}],"wp:term":[{"taxonomy":"category","embeddable":true,"href":"https:\/\/www.lintelligentdabidjan.info\/news\/wp-json\/wp\/v2\/categories?post=31963"},{"taxonomy":"post_tag","embeddable":true,"href":"https:\/\/www.lintelligentdabidjan.info\/news\/wp-json\/wp\/v2\/tags?post=31963"}],"curies":[{"name":"wp","href":"https:\/\/api.w.org\/{rel}","templated":true}]}}