{"id":31972,"date":"2023-09-28T01:50:56","date_gmt":"2023-09-27T23:50:56","guid":{"rendered":"https:\/\/www.lintelligentdabidjan.info\/news\/?p=31972"},"modified":"2023-09-28T01:50:56","modified_gmt":"2023-09-27T23:50:56","slug":"mahouloud-2023-vagondo-diomande-engage-les-guides-religieux-a-leducation-de-la-jeunesse","status":"publish","type":"post","link":"https:\/\/www.lintelligentdabidjan.info\/news\/mahouloud-2023-vagondo-diomande-engage-les-guides-religieux-a-leducation-de-la-jeunesse\/","title":{"rendered":"Mahouloud 2023- Vagondo Diomand\u00e9 engage les guides religieux \u00e0 l\u2019\u00e9ducation de la jeunesse \u00a0"},"content":{"rendered":"<p><em><strong>La c\u00e9r\u00e9monie officielle de\u00a0c\u00e9l\u00e9bration du Mahouloud comm\u00e9morant la naissance du proph\u00e8te Mohamed (S.P.L) s&#8217;est tenue le mardi 26 septembre 2023 \u00e0 la grande mosqu\u00e9e de la Riviera Golf d\u2019Abidjan-Cocody en pr\u00e9sence du vice-Pr\u00e9sident de la R\u00e9publique,\u00a0Ti\u00e9moko\u00a0Meyliet Kon\u00e9 repr\u00e9sentant le Pr\u00e9sident Alassane Ouattara.<\/strong><\/em><\/p>\n<p>\u00c0 cette occasion, le G\u00e9n\u00e9ral Vagondo Diomand\u00e9, porte-parole du\u00a0Pr\u00e9sident de la R\u00e9publique, s\u2019est fait l\u2019\u00e9cho de l\u2019actualit\u00e9 qui relaie abondamment ces jours-ci,\u00a0\u00e0 savoir\u00a0l\u2019app\u00e9tence de nombreux jeunes pour des substances illicites et destructrices. \u00ab Je voudrais simplement citer cette nouvelle drogue qui porte malheureusement le nom Kadhafi. Les services de pr\u00e9vention et de r\u00e9pression de l\u2019\u00c9tat contre ces fl\u00e9aux sont certes \u00e0 la t\u00e2che tous les jours. Votre mobilisation en tant que leaders d\u2019opinion pour la cause de nos jeunes est bien \u00e9videmment plus que n\u00e9cessaire. Vos actions doivent davantage venir en appui \u00e0 celles de l\u2019\u00c9tat dans le cadre de leur \u00e9ducation pour la construction de citoyens modernes \u00bb, a affirm\u00e9 Vagondo Diomand\u00e9. Par ailleurs, il a exhort\u00e9 l\u2019ensemble des Ivoiriens \u00e0 s\u2019engager davantage dans l&#8217;encadrement et la sensibilisation de la jeunesse qui s\u2019\u00e9gare. \u00ab Les jeunes sont\u00a0les porteurs de l&#8217;avenir de la soci\u00e9t\u00e9, ils doivent \u00eatre sensibilis\u00e9s aux valeurs de responsabilit\u00e9, de courage, de pers\u00e9v\u00e9rance et de tol\u00e9rance. Mais surtout nous devons apprendre \u00e0 ces jeunes \u00e0 cultiver un amour excessif pour le travail. Le travail est un facteur d\u2019\u00e9panouissement personnel. Le travail est cr\u00e9ateur de richesse. Il est le seul moyen de d\u00e9veloppement harmonieux du pays. \u00c0 ce titre, les jeunes se doivent de jouir de toutes leurs facult\u00e9s \u00bb, a-t-il d\u00e9clar\u00e9.<br \/>\nCheick A\u00efma Ousmane Diakit\u00e9, pr\u00e9sident du Conseil sup\u00e9rieur des imams, des mosqu\u00e9es et des affaires islamiques (Cosim), a fait savoir que la c\u00e9l\u00e9bration du Mahouloud constitue une excellente tribune pour promouvoir les valeurs qu\u2019enseignent la vie et l&#8217;\u0153uvre du Proph\u00e8te Mohamed (S.P.L). Ainsi, en choisissant comme th\u00e8me \u00ab Les enseignements du messager d\u2019Allah pour l\u2019\u00e9quilibre et le bien-\u00eatre de la famille \u00bb,\u00a0pour\u00a0l&#8217;\u00e9dition 2023, le Cosim voudrait remettre la famille au centre de toutes les attentions et de toutes les bonnes intentions en faveur d&#8217;un d\u00e9veloppement harmonieux de la soci\u00e9t\u00e9. \u00ab Au regard de nombreuses d\u00e9viances soci\u00e9tales observ\u00e9es, il importe de tirer sur la sonnette d&#8217;alarme et d\u2019appeler la communaut\u00e9 humaine \u00e0 se pencher sur les risques encourus par le monde si rien n&#8217;est fait pour sauvegarder l&#8217;embryon de la soci\u00e9t\u00e9 qui constitue le noyau familial. Nous consid\u00e9rons que les fondements de la famille h\u00e9t\u00e9rosexuelle en tant qu&#8217;institution sociale de procr\u00e9ation, d&#8217;\u00e9ducation et de formation de l&#8217;individu sont menac\u00e9s par d&#8217;autres formes de composition familiale \u00bb, a-t-il dit. Pour lui, ces menaces constituent un risque plus que certain et d\u00e9s\u00e9quilibre l\u2019humanit\u00e9. C\u2019est pourquoi,\u00a0 \u00a0 le Cosim,\u00a0\u00a0a-t-il d\u00e9clar\u00e9 , est r\u00e9solument engag\u00e9,\u00a0 \u00e0 l&#8217;instar des autres confessions religieuses, \u00e0 mener toutes les actions d&#8217;exhortation et de plaidoyer en direction des familles, des jeunes, des communaut\u00e9s afin de lutter contre toutes les formes de d\u00e9pravation des m\u0153urs et pr\u00e9server l&#8217;int\u00e9r\u00eat des jeunes, l&#8217;avenir de la soci\u00e9t\u00e9.<br \/>\nAboubacar Samassi, imam de la mosqu\u00e9e de la Riviera 3, conf\u00e9rencier du jour, a d\u00e9plor\u00e9 \u00a0 la mise en vente de documents p\u00e9dagogiques \u00e0 contenu homosexuel avec pour cible les enfants\u00a0 . \u00ab Restons des avertisseurs et des annonciateurs pour nos familles.\u00a0 Communiquons avec nos enfants, veillons sur les relations et les fr\u00e9quentations de nos enfants (\u2026) L&#8217;\u00c9tat de C\u00f4te d&#8217;Ivoire, par le canal de la Haute autorit\u00e9 de la Communication audiovisuelle, se doit de renforcer la veille m\u00e9diatique \u00e0 l&#8217;effet de d\u00e9celer et de sanctionner, les programmes audiovisuels qui diffusent des \u00e9missions qui font une promotion insidieuse ou expresse de l&#8217;homosexualit\u00e9 et des vices assimil\u00e9s \u00bb, a conseill\u00e9 le guide religieux .<br \/>\n\u00a0<\/p>\n<p>\u00a0<br \/>\n<strong>Tour\u00e9 Abdoulaye avec A. Traor\u00e9 (Stagiaire)<\/strong><\/p>\n<p>\u00a0<br \/>\n\u00a0<br \/>\n\u00a0<br \/>\n\u00a0<\/p>\n<p>\u00a0<\/p>\n","protected":false},"excerpt":{"rendered":"<p>La c\u00e9r\u00e9monie officielle de\u00a0c\u00e9l\u00e9bration du Mahouloud comm\u00e9morant la naissance du proph\u00e8te Mohamed (S.P.L) s&#8217;est tenue le mardi 26 septembre 2023 \u00e0 la grande mosqu\u00e9e de la Riviera Golf d\u2019Abidjan-Cocody en pr\u00e9sence du vice-Pr\u00e9sident de la R\u00e9publique,\u00a0Ti\u00e9moko\u00a0Meyliet Kon\u00e9 repr\u00e9sentant le Pr\u00e9sident Alassane Ouattara. \u00c0 cette occasion, le G\u00e9n\u00e9ral Vagondo Diomand\u00e9, porte-parole du\u00a0Pr\u00e9sident de la R\u00e9publique, s\u2019est [&hellip;]<\/p>\n","protected":false},"author":3,"featured_media":31973,"comment_status":"closed","ping_status":"closed","sticky":false,"template":"","format":"standard","meta":{"_monsterinsights_skip_tracking":false,"_monsterinsights_sitenote_active":false,"_monsterinsights_sitenote_note":"","_monsterinsights_sitenote_category":0,"footnotes":""},"categories":[2,3],"tags":[1200,2512,691,2511],"class_list":["post-31972","post","type-post","status-publish","format-standard","has-post-thumbnail","hentry","category-featured","category-societe","tag-education","tag-guides-religieux","tag-jeunesse","tag-mahouloud-2023-vagondo-diomande"],"_links":{"self":[{"href":"https:\/\/www.lintelligentdabidjan.info\/news\/wp-json\/wp\/v2\/posts\/31972","targetHints":{"allow":["GET"]}}],"collection":[{"href":"https:\/\/www.lintelligentdabidjan.info\/news\/wp-json\/wp\/v2\/posts"}],"about":[{"href":"https:\/\/www.lintelligentdabidjan.info\/news\/wp-json\/wp\/v2\/types\/post"}],"author":[{"embeddable":true,"href":"https:\/\/www.lintelligentdabidjan.info\/news\/wp-json\/wp\/v2\/users\/3"}],"replies":[{"embeddable":true,"href":"https:\/\/www.lintelligentdabidjan.info\/news\/wp-json\/wp\/v2\/comments?post=31972"}],"version-history":[{"count":1,"href":"https:\/\/www.lintelligentdabidjan.info\/news\/wp-json\/wp\/v2\/posts\/31972\/revisions"}],"predecessor-version":[{"id":31974,"href":"https:\/\/www.lintelligentdabidjan.info\/news\/wp-json\/wp\/v2\/posts\/31972\/revisions\/31974"}],"wp:featuredmedia":[{"embeddable":true,"href":"https:\/\/www.lintelligentdabidjan.info\/news\/wp-json\/wp\/v2\/media\/31973"}],"wp:attachment":[{"href":"https:\/\/www.lintelligentdabidjan.info\/news\/wp-json\/wp\/v2\/media?parent=31972"}],"wp:term":[{"taxonomy":"category","embeddable":true,"href":"https:\/\/www.lintelligentdabidjan.info\/news\/wp-json\/wp\/v2\/categories?post=31972"},{"taxonomy":"post_tag","embeddable":true,"href":"https:\/\/www.lintelligentdabidjan.info\/news\/wp-json\/wp\/v2\/tags?post=31972"}],"curies":[{"name":"wp","href":"https:\/\/api.w.org\/{rel}","templated":true}]}}