{"id":32186,"date":"2023-10-16T20:02:37","date_gmt":"2023-10-16T18:02:37","guid":{"rendered":"https:\/\/www.lintelligentdabidjan.info\/news\/?p=32186"},"modified":"2023-10-16T20:02:37","modified_gmt":"2023-10-16T18:02:37","slug":"semaine-mondiale-de-la-ram-en-cote-divoire-les-preparatifs-vont-bon-train","status":"publish","type":"post","link":"https:\/\/www.lintelligentdabidjan.info\/news\/semaine-mondiale-de-la-ram-en-cote-divoire-les-preparatifs-vont-bon-train\/","title":{"rendered":"Semaine mondiale  de la RAM en C\u00f4te d\u2019Ivoire : Les pr\u00e9paratifs vont bon train."},"content":{"rendered":"<p><em><strong>Le jeudi 12 Octobre 2023, s\u2019est tenue une r\u00e9union technique pr\u00e9paratoire du lancement de la cinqui\u00e8me \u00e9dition de la semaine mondiale du bon usage des Antimicrobiens 2023 au sein de la repr\u00e9sentation de la FAO en C\u00f4te d\u2019Ivoire. <\/strong><\/em><\/p>\n<p>Cette r\u00e9union a \u00e9t\u00e9 pr\u00e9sid\u00e9e par le MIRAH, parrain de cette \u00e9dition repr\u00e9sent\u00e9e par la Sous Directrice de la Pharmacie et des m\u00e9dicaments v\u00e9t\u00e9rinaires (SDPMV) de la Direction des Services V\u00e9t\u00e9rinaires (DSV), Dr TOLLA Affou\u00e9 Leticiae. Elle a inform\u00e9 les participants  que le lancement de cette semaine se tiendra en C\u00f4te d\u2019Ivoire le 21 novembre 2023. <\/p>\n<p>A sa suite,  Docteur GUEDE KIPRE, Pr\u00e9sident du CTM2\/GTT-RAM, a fait une pr\u00e9sentation des activit\u00e9s retenues pour l\u2019ann\u00e9e 2023 avec un passage en revue du devis estimatif de chaque activit\u00e9. A cet effet, les partenaires pr\u00e9sents (BREAKTHROUGH ACTION, FAO, OMS, DSV , FHi 360 et IPCI)    ont pris en compte certaines charges selon leurs pr\u00e9visions budg\u00e9taires.<br \/>\nM. Germain BOBO, Repr\u00e9sentant de la FAO en C\u00f4te d\u2019Ivoire a souhait\u00e9 que les autres parties en l\u2019occurrence la plateforme une seule sant\u00e9 (PLUSS), MTaPS, UNEP, UNICEF puissent rejoindre le groupe des partenaires  technique et financier  pour appuyer la mise en \u0153uvre des activit\u00e9s de cette semaine. Il a par ailleurs en ce qui concerne la sensibilisation, souhait\u00e9 la communication des r\u00e9sultats de surveillance  de la RAM en C\u00f4te d\u2019Ivoire afin d\u2019attirer l\u2019attention de la population.<br \/>\nQuant au  repr\u00e9sentant de l\u2019OMS, Docteur M\u2019BRA Vincent De Paul, il a inform\u00e9 les participants \u00e0 la r\u00e9union de l\u2019appel \u00e0 candidature pour le prix du meilleur m\u00e9dia sur la RAM, lanc\u00e9 en C\u00f4te d\u2019Ivoire depuis le 3 octobre 2023.<br \/>\nRappelons que la semaine mondiale du bon usage des antimicrobiens se tient du 18 novembre au 24 novembre 2023.<\/p>\n<p>YT avec sercom <\/p>\n","protected":false},"excerpt":{"rendered":"<p>Le jeudi 12 Octobre 2023, s\u2019est tenue une r\u00e9union technique pr\u00e9paratoire du lancement de la cinqui\u00e8me \u00e9dition de la semaine mondiale du bon usage des Antimicrobiens 2023 au sein de la repr\u00e9sentation de la FAO en C\u00f4te d\u2019Ivoire. Cette r\u00e9union a \u00e9t\u00e9 pr\u00e9sid\u00e9e par le MIRAH, parrain de cette \u00e9dition repr\u00e9sent\u00e9e par la Sous Directrice [&hellip;]<\/p>\n","protected":false},"author":3,"featured_media":32187,"comment_status":"closed","ping_status":"closed","sticky":false,"template":"","format":"standard","meta":{"_monsterinsights_skip_tracking":false,"_monsterinsights_sitenote_active":false,"_monsterinsights_sitenote_note":"","_monsterinsights_sitenote_category":0,"footnotes":""},"categories":[3],"tags":[77,2644,2643,2642],"class_list":["post-32186","post","type-post","status-publish","format-standard","has-post-thumbnail","hentry","category-societe","tag-cote-divoire","tag-preparatifs","tag-ram","tag-semaine-mondiale"],"_links":{"self":[{"href":"https:\/\/www.lintelligentdabidjan.info\/news\/wp-json\/wp\/v2\/posts\/32186","targetHints":{"allow":["GET"]}}],"collection":[{"href":"https:\/\/www.lintelligentdabidjan.info\/news\/wp-json\/wp\/v2\/posts"}],"about":[{"href":"https:\/\/www.lintelligentdabidjan.info\/news\/wp-json\/wp\/v2\/types\/post"}],"author":[{"embeddable":true,"href":"https:\/\/www.lintelligentdabidjan.info\/news\/wp-json\/wp\/v2\/users\/3"}],"replies":[{"embeddable":true,"href":"https:\/\/www.lintelligentdabidjan.info\/news\/wp-json\/wp\/v2\/comments?post=32186"}],"version-history":[{"count":1,"href":"https:\/\/www.lintelligentdabidjan.info\/news\/wp-json\/wp\/v2\/posts\/32186\/revisions"}],"predecessor-version":[{"id":32188,"href":"https:\/\/www.lintelligentdabidjan.info\/news\/wp-json\/wp\/v2\/posts\/32186\/revisions\/32188"}],"wp:featuredmedia":[{"embeddable":true,"href":"https:\/\/www.lintelligentdabidjan.info\/news\/wp-json\/wp\/v2\/media\/32187"}],"wp:attachment":[{"href":"https:\/\/www.lintelligentdabidjan.info\/news\/wp-json\/wp\/v2\/media?parent=32186"}],"wp:term":[{"taxonomy":"category","embeddable":true,"href":"https:\/\/www.lintelligentdabidjan.info\/news\/wp-json\/wp\/v2\/categories?post=32186"},{"taxonomy":"post_tag","embeddable":true,"href":"https:\/\/www.lintelligentdabidjan.info\/news\/wp-json\/wp\/v2\/tags?post=32186"}],"curies":[{"name":"wp","href":"https:\/\/api.w.org\/{rel}","templated":true}]}}