{"id":32193,"date":"2023-10-17T03:05:29","date_gmt":"2023-10-17T01:05:29","guid":{"rendered":"https:\/\/www.lintelligentdabidjan.info\/news\/?p=32193"},"modified":"2023-10-17T03:05:29","modified_gmt":"2023-10-17T01:05:29","slug":"%ef%bb%bfyamoussoukro-le-conseil-du-district-offre-une-ecole-maternelle-a-attiegouakro","status":"publish","type":"post","link":"https:\/\/www.lintelligentdabidjan.info\/news\/%ef%bb%bfyamoussoukro-le-conseil-du-district-offre-une-ecole-maternelle-a-attiegouakro\/","title":{"rendered":"\ufeffYamoussoukro-Le conseil du District offre une \u00e9cole maternelle \u00e0 Atti\u00e9gouakro"},"content":{"rendered":"<p><em><strong>\ufeffLe conseil du District autonome de Yamoussoukro a remis, le vendredi 13 octobre 2023, les cl\u00e9s d\u2019une \u00e9cole maternelle \u00e0 Atti\u00e9gouakro, l\u2019une des deux communes qui composent cette collectivit\u00e9.<\/strong><\/em><\/p>\n<p>D\u2019un co\u00fbt de 25  millions de francs CFA, elle est compos\u00e9e de trois salles de classe et d\u2019un bureau. Mariam Bamba, premi\u00e8re vice-gouverneur, repr\u00e9sentant le ministre-gouverneur, Augustin Thiam ,  a indiqu\u00e9, \u00e0 l\u2019occasion, que la construction de cette \u00e9cole maternelle,  qui fait partie  des \u00e9coles du groupe scolaire Atti\u00e9gouakro, s\u2019inscrit  dans  le cadre des nombreuses actions de port\u00e9e sociale du conseil du District de Yamoussoukro dont  l\u2019un des objectifs est d\u2019accompagner  le corps enseignant dans la r\u00e9alisation de l\u2019un des droits les plus fondamentaux , \u00e0 savoir l&#8217;\u00e9ducation de l\u2019enfant.  Elle  a ajout\u00e9  aussi que cette contribution de son institution est  une invitation \u00e0 l&#8217;excellence.<\/p>\n<p>Pour ce faire, elle a exhort\u00e9 les \u00e9coliers \u00e0 redoubler d\u2019effort afin de r\u00e9ussir pour combler leurs parents, qui consentent beaucoup de sacrifices pour leur r\u00e9ussite. Ciss\u00e9 Vazoumana, Drena de Yamoussoukro a, \u00e0 l\u2019instar, du 3e adjoint au maire d\u2019Atti\u00e9gouakro, Kouassi Aliman, traduit la gratitude et la reconnaissance de la communaut\u00e9 \u00e9ducative locale au conseil du District pour cette action salvatrice pour l\u2019\u00e9cole ivoirienne. \u00ab Que cette \u00e9cole soit le lieu de l\u2019apprentissage, de la croissance  et de l\u2019inspiration pour de nombreuses g\u00e9n\u00e9rations \u00e0 venir \u00bb, a-t-il  souhait\u00e9.  Rappelons que depuis plusieurs ann\u00e9es le District  autonome de Yamoussoukro proc\u00e8de \u00e0 la remise de kits scolaires, de mobiliers ainsi que de bons de prise en charge. Pour cette ann\u00e9e scolaire 2023-2024, avant la remise de l\u2019\u00e9cole maternelle \u00e0 Atti\u00e9gouakro, il avait  offert   1000 tables-bancs, r\u00e9habilit\u00e9 les six classes d\u2019une \u00e9cole primaire publique dans la commune de Yamoussoukro.<\/p>\n<p><strong>Harry Diallo \u00e0 Yamoussoukro<\/strong><\/p>\n","protected":false},"excerpt":{"rendered":"<p>\ufeffLe conseil du District autonome de Yamoussoukro a remis, le vendredi 13 octobre 2023, les cl\u00e9s d\u2019une \u00e9cole maternelle \u00e0 Atti\u00e9gouakro, l\u2019une des deux communes qui composent cette collectivit\u00e9. D\u2019un co\u00fbt de 25 millions de francs CFA, elle est compos\u00e9e de trois salles de classe et d\u2019un bureau. Mariam Bamba, premi\u00e8re vice-gouverneur, repr\u00e9sentant le ministre-gouverneur, [&hellip;]<\/p>\n","protected":false},"author":3,"featured_media":32194,"comment_status":"closed","ping_status":"closed","sticky":false,"template":"","format":"standard","meta":{"_monsterinsights_skip_tracking":false,"_monsterinsights_sitenote_active":false,"_monsterinsights_sitenote_note":"","_monsterinsights_sitenote_category":0,"footnotes":""},"categories":[2,3],"tags":[2650,2648,2649,51],"class_list":["post-32193","post","type-post","status-publish","format-standard","has-post-thumbnail","hentry","category-featured","category-societe","tag-attiegouakro","tag-conseil-du-district","tag-ecole-maternelle","tag-yamoussoukro"],"_links":{"self":[{"href":"https:\/\/www.lintelligentdabidjan.info\/news\/wp-json\/wp\/v2\/posts\/32193","targetHints":{"allow":["GET"]}}],"collection":[{"href":"https:\/\/www.lintelligentdabidjan.info\/news\/wp-json\/wp\/v2\/posts"}],"about":[{"href":"https:\/\/www.lintelligentdabidjan.info\/news\/wp-json\/wp\/v2\/types\/post"}],"author":[{"embeddable":true,"href":"https:\/\/www.lintelligentdabidjan.info\/news\/wp-json\/wp\/v2\/users\/3"}],"replies":[{"embeddable":true,"href":"https:\/\/www.lintelligentdabidjan.info\/news\/wp-json\/wp\/v2\/comments?post=32193"}],"version-history":[{"count":1,"href":"https:\/\/www.lintelligentdabidjan.info\/news\/wp-json\/wp\/v2\/posts\/32193\/revisions"}],"predecessor-version":[{"id":32195,"href":"https:\/\/www.lintelligentdabidjan.info\/news\/wp-json\/wp\/v2\/posts\/32193\/revisions\/32195"}],"wp:featuredmedia":[{"embeddable":true,"href":"https:\/\/www.lintelligentdabidjan.info\/news\/wp-json\/wp\/v2\/media\/32194"}],"wp:attachment":[{"href":"https:\/\/www.lintelligentdabidjan.info\/news\/wp-json\/wp\/v2\/media?parent=32193"}],"wp:term":[{"taxonomy":"category","embeddable":true,"href":"https:\/\/www.lintelligentdabidjan.info\/news\/wp-json\/wp\/v2\/categories?post=32193"},{"taxonomy":"post_tag","embeddable":true,"href":"https:\/\/www.lintelligentdabidjan.info\/news\/wp-json\/wp\/v2\/tags?post=32193"}],"curies":[{"name":"wp","href":"https:\/\/api.w.org\/{rel}","templated":true}]}}