{"id":32245,"date":"2023-10-24T02:04:06","date_gmt":"2023-10-24T00:04:06","guid":{"rendered":"https:\/\/www.lintelligentdabidjan.info\/news\/?p=32245"},"modified":"2023-10-24T02:04:06","modified_gmt":"2023-10-24T00:04:06","slug":"lintelligent-en-pdfdiplomatie-parlementaire-pourquoi-adama-bictogo-est-en-angola","status":"publish","type":"post","link":"https:\/\/www.lintelligentdabidjan.info\/news\/lintelligent-en-pdfdiplomatie-parlementaire-pourquoi-adama-bictogo-est-en-angola\/","title":{"rendered":"L&#8217;Intelligent en PDF:Diplomatie parlementaire -Pourquoi Adama Bictogo est en Angola"},"content":{"rendered":"<p><strong>Le pr\u00e9sident de l&#8217;Assembl\u00e9e nationale est \u00e0 Luanda en Angola . Pourquoi Adama Bictogo est \u00e0 Luanda en Angola? <\/strong><\/p>\n<p>Article \u00e0 d\u00e9couvrir dans vos kiosques et en ligne sur<\/p>\n<p><a href=\"https:\/\/news.abidjan.net\/titrologie\/39-lintellige%20nt-dabidjan\/articles\" target=\"_blank\">https:\/\/news.abidjan.net\/titrologie\/39-lintellige%20nt-dabidjan\/articles<\/a><\/p>\n<p>\u00c0\u00a0 lire aussi la rentr\u00e9e solennelle du minist\u00e8re d\u2019\u00c9tat, minist\u00e8re fonction publique et de la modernisation de l&#8217;administration, le soutien des organisations de jeunesses au Programme Jeunesse du Gouvernement, les v\u00e9rit\u00e9s de Yacouba Tour\u0117 , d&#8217;Assamoi Claude et d&#8217;Ossohou Kouamelan depuis Agboville sur la reconduction de Pierre Dimba dans le gouvernement, la pr\u00e9sence de la Premi\u00e8re Dame Dominique Ouattara au diner 2023 du Groupe des Epoux(ses) des Chefs de Mission Diplomatique accr\u00e9dit\u00e9s en C\u00f4te d\u2019Ivoire et la lutte men\u00e9e par l&#8217;union des jeunes engag\u00e9s pour la C\u00f4te d&#8217;Ivoire contre le cancer du sein<\/p>\n<p>Cliquez pour les d\u00e9tails<\/p>\n<p>\u00c0\u00a0 voir \u00e9galement la restructuration au PPA-CI et la rubrique il y a 20 ans qui parle de la mort du journaliste Jean H\u00e9l\u00e8ne.<\/p>\n<p><a href=\"https:\/\/news.lia.ci\/\" target=\"_blank\">https:\/\/news.lia.ci\/<\/a><\/p>\n","protected":false},"excerpt":{"rendered":"<p>Le pr\u00e9sident de l&#8217;Assembl\u00e9e nationale est \u00e0 Luanda en Angola . Pourquoi Adama Bictogo est \u00e0 Luanda en Angola? Article \u00e0 d\u00e9couvrir dans vos kiosques et en ligne sur https:\/\/news.abidjan.net\/titrologie\/39-lintellige%20nt-dabidjan\/articles \u00c0\u00a0 lire aussi la rentr\u00e9e solennelle du minist\u00e8re d\u2019\u00c9tat, minist\u00e8re fonction publique et de la modernisation de l&#8217;administration, le soutien des organisations de jeunesses au [&hellip;]<\/p>\n","protected":false},"author":3,"featured_media":32246,"comment_status":"closed","ping_status":"closed","sticky":false,"template":"","format":"standard","meta":{"_monsterinsights_skip_tracking":false,"_monsterinsights_sitenote_active":false,"_monsterinsights_sitenote_note":"","_monsterinsights_sitenote_category":0,"footnotes":""},"categories":[2,3],"tags":[],"class_list":["post-32245","post","type-post","status-publish","format-standard","has-post-thumbnail","hentry","category-featured","category-societe"],"_links":{"self":[{"href":"https:\/\/www.lintelligentdabidjan.info\/news\/wp-json\/wp\/v2\/posts\/32245","targetHints":{"allow":["GET"]}}],"collection":[{"href":"https:\/\/www.lintelligentdabidjan.info\/news\/wp-json\/wp\/v2\/posts"}],"about":[{"href":"https:\/\/www.lintelligentdabidjan.info\/news\/wp-json\/wp\/v2\/types\/post"}],"author":[{"embeddable":true,"href":"https:\/\/www.lintelligentdabidjan.info\/news\/wp-json\/wp\/v2\/users\/3"}],"replies":[{"embeddable":true,"href":"https:\/\/www.lintelligentdabidjan.info\/news\/wp-json\/wp\/v2\/comments?post=32245"}],"version-history":[{"count":1,"href":"https:\/\/www.lintelligentdabidjan.info\/news\/wp-json\/wp\/v2\/posts\/32245\/revisions"}],"predecessor-version":[{"id":32247,"href":"https:\/\/www.lintelligentdabidjan.info\/news\/wp-json\/wp\/v2\/posts\/32245\/revisions\/32247"}],"wp:featuredmedia":[{"embeddable":true,"href":"https:\/\/www.lintelligentdabidjan.info\/news\/wp-json\/wp\/v2\/media\/32246"}],"wp:attachment":[{"href":"https:\/\/www.lintelligentdabidjan.info\/news\/wp-json\/wp\/v2\/media?parent=32245"}],"wp:term":[{"taxonomy":"category","embeddable":true,"href":"https:\/\/www.lintelligentdabidjan.info\/news\/wp-json\/wp\/v2\/categories?post=32245"},{"taxonomy":"post_tag","embeddable":true,"href":"https:\/\/www.lintelligentdabidjan.info\/news\/wp-json\/wp\/v2\/tags?post=32245"}],"curies":[{"name":"wp","href":"https:\/\/api.w.org\/{rel}","templated":true}]}}