{"id":32275,"date":"2023-10-27T04:26:27","date_gmt":"2023-10-27T02:26:27","guid":{"rendered":"https:\/\/www.lintelligentdabidjan.info\/news\/?p=32275"},"modified":"2023-10-27T15:30:37","modified_gmt":"2023-10-27T13:30:37","slug":"ouassenan-kone-comment-la-gendarmerie-lui-a-rendu-hommage","status":"publish","type":"post","link":"https:\/\/www.lintelligentdabidjan.info\/news\/ouassenan-kone-comment-la-gendarmerie-lui-a-rendu-hommage\/","title":{"rendered":"Ouass\u00e9nan Kon\u00e9-Comment la gendarmerie lui a rendu hommage"},"content":{"rendered":"<p><em><strong> La gendarmerie a rendu hommage \u00e0 Ouass\u00e9nan Kon\u00e9 avant son inhumation pr\u00e9vue pour le samedi 28 octobre 2023.<\/strong><\/em><\/p>\n<p>La Gendarmerie nationale de C\u00f4te d\u2019Ivoire a rendu son dernier hommage \u00e0 son ex-commandant sup\u00e9rieur, G\u00e9n\u00e9ral Gaston Ouass\u00e9nan, le jeudi 26 octobre 2023 \u00e0 l\u2019\u00c9cole de cette institution \u00e0 Abidjan-Cocody en pr\u00e9sence d\u2019autorit\u00e9s politiques et militaires.<br \/>\n\u00ab Un grand baobab vient de se coucher, il nous incombe inexorablement \u00e0 travers ces quelques mots d&#8217;honorer la m\u00e9moire d&#8217;un l\u00e9gendaire chef de notre institution et d&#8217;un illustre serviteur de l&#8217;\u00c9tat de C\u00f4te d\u2019Ivoire. Homme au parcours atypique, sa vie nous enseigne qu&#8217;il faut vivre pleinement en offrant \u00e0 ses semblables, \u00e0 ses proches, \u00e0 ses concitoyens le meilleur de soi-m\u00eame \u00bb, a indiqu\u00e9 le g\u00e9n\u00e9ral Apalo Tour\u00e9, commandant sup\u00e9rieur de la gendarmerie nationale de C\u00f4te d\u2019Ivoire \u00e0 qui est revenu de lire l\u2019oraison fun\u00e8bre.<br \/>\nLe commandant sup\u00e9rieur de la gendarmerie nationale a \u00e9galement fait savoir que l\u2019illustre disparu qui fut l\u2019un des leurs a \u00e9t\u00e9 \u2018\u2019 un t\u00e9moignage vivant de vertus, de loyaut\u00e9 , d&#8217;abn\u00e9gation , de courage et de rep\u00e8re pour beaucoup d&#8217;Ivoiriens et m\u00eame d&#8217;\u00e9trangers \u2018\u2019. \u00ab Il a \u00e9t\u00e9 une source d&#8217;inspiration pour ses habitants de la ville. Son succ\u00e8s et son parcours exceptionnel ont \u00e9t\u00e9 une preuve vivante que tout est possible lorsque l&#8217;on travaille dur et quand l&#8217;on croit en ses r\u00eaves. Il \u00e9tait de ceux qui ont encourag\u00e9 l&#8217;alliance interethnique en C\u00f4te d&#8217;Ivoire pour favoriser la paix \u00bb, a-t-il r\u00e9v\u00e9l\u00e9. Avant de demander aux parents et proches collaborateurs du d\u00e9funt de continuer \u00e0 prier pour lui \u00ab afin que Dieu Tout-Puissant lui accorde le paradis c\u00e9leste \u00bb. Le g\u00e9n\u00e9ral Gaston Ouass\u00e9nan Kon\u00e9 sera inhum\u00e9 ce samedi 28 octobre 2023 \u00e0 Katiola dans la stricte intimit\u00e9 familiale.<\/p>\n<p><strong> Moustapha Ismaila<\/strong><\/p>\n","protected":false},"excerpt":{"rendered":"<p>La gendarmerie a rendu hommage \u00e0 Ouass\u00e9nan Kon\u00e9 avant son inhumation pr\u00e9vue pour le samedi 28 octobre 2023. La Gendarmerie nationale de C\u00f4te d\u2019Ivoire a rendu son dernier hommage \u00e0 son ex-commandant sup\u00e9rieur, G\u00e9n\u00e9ral Gaston Ouass\u00e9nan, le jeudi 26 octobre 2023 \u00e0 l\u2019\u00c9cole de cette institution \u00e0 Abidjan-Cocody en pr\u00e9sence d\u2019autorit\u00e9s politiques et militaires. \u00ab [&hellip;]<\/p>\n","protected":false},"author":3,"featured_media":32277,"comment_status":"closed","ping_status":"closed","sticky":false,"template":"","format":"standard","meta":{"_monsterinsights_skip_tracking":false,"_monsterinsights_sitenote_active":false,"_monsterinsights_sitenote_note":"","_monsterinsights_sitenote_category":0,"footnotes":""},"categories":[2,17,3],"tags":[2691,715,2690],"class_list":["post-32275","post","type-post","status-publish","format-standard","has-post-thumbnail","hentry","category-featured","category-politique","category-societe","tag-gendarmerie","tag-hommage","tag-ouassenan-kone"],"_links":{"self":[{"href":"https:\/\/www.lintelligentdabidjan.info\/news\/wp-json\/wp\/v2\/posts\/32275","targetHints":{"allow":["GET"]}}],"collection":[{"href":"https:\/\/www.lintelligentdabidjan.info\/news\/wp-json\/wp\/v2\/posts"}],"about":[{"href":"https:\/\/www.lintelligentdabidjan.info\/news\/wp-json\/wp\/v2\/types\/post"}],"author":[{"embeddable":true,"href":"https:\/\/www.lintelligentdabidjan.info\/news\/wp-json\/wp\/v2\/users\/3"}],"replies":[{"embeddable":true,"href":"https:\/\/www.lintelligentdabidjan.info\/news\/wp-json\/wp\/v2\/comments?post=32275"}],"version-history":[{"count":2,"href":"https:\/\/www.lintelligentdabidjan.info\/news\/wp-json\/wp\/v2\/posts\/32275\/revisions"}],"predecessor-version":[{"id":32282,"href":"https:\/\/www.lintelligentdabidjan.info\/news\/wp-json\/wp\/v2\/posts\/32275\/revisions\/32282"}],"wp:featuredmedia":[{"embeddable":true,"href":"https:\/\/www.lintelligentdabidjan.info\/news\/wp-json\/wp\/v2\/media\/32277"}],"wp:attachment":[{"href":"https:\/\/www.lintelligentdabidjan.info\/news\/wp-json\/wp\/v2\/media?parent=32275"}],"wp:term":[{"taxonomy":"category","embeddable":true,"href":"https:\/\/www.lintelligentdabidjan.info\/news\/wp-json\/wp\/v2\/categories?post=32275"},{"taxonomy":"post_tag","embeddable":true,"href":"https:\/\/www.lintelligentdabidjan.info\/news\/wp-json\/wp\/v2\/tags?post=32275"}],"curies":[{"name":"wp","href":"https:\/\/api.w.org\/{rel}","templated":true}]}}