{"id":32343,"date":"2023-11-06T01:37:59","date_gmt":"2023-11-06T00:37:59","guid":{"rendered":"https:\/\/www.lintelligentdabidjan.info\/news\/?p=32343"},"modified":"2023-11-06T01:38:45","modified_gmt":"2023-11-06T00:38:45","slug":"%ef%bb%bfsuccession-de-bedie-au-pdci-sesse-koffi-appelle-a-un-consensus-autour-de-tidjane-thiam","status":"publish","type":"post","link":"https:\/\/www.lintelligentdabidjan.info\/news\/%ef%bb%bfsuccession-de-bedie-au-pdci-sesse-koffi-appelle-a-un-consensus-autour-de-tidjane-thiam\/","title":{"rendered":"\ufeffSuccession de B\u00e9di\u00e9 au Pdci-S\u00e9sse Koffi  appelle \u00e0 un consensus autour de Tidjane Thiam"},"content":{"rendered":"<p><em><strong>\ufeffSess\u00e9 Koffi, membre du bureau politique et pr\u00e9sident national du cercle r\u00e9gional Tidjane Thiam, a demand\u00e9 \u00e0 l&#8217;ex Ministre Tidjane Thiam de se porter candidat \u00e0 la pr\u00e9sidence du PDCI-RDA. Il a  appel\u00e9  par la m\u00eame occasion, \u00e0 un consensus autour de  lui . <\/strong><\/em><\/p>\n<p> C\u2019\u00e9tait  le jeudi 02 novembre 2023 au cours d&#8217;un \u00e9change avec la presse \u00e0 Daloa.<br \/>\nSelon lui, apr\u00e8s le d\u00e9c\u00e8s du Pr\u00e9sident du PDCI-RDA, Henri Konan B\u00e9di\u00e9, le moment est arriv\u00e9 pour l&#8217;ex-Ministre Tidjane Thiam de r\u00e9pondre \u00e0 l&#8217;appel et assumer la t\u00e2che qui lui est r\u00e9serv\u00e9e par ses dignes pr\u00e9d\u00e9cesseurs.<br \/>\n\u00ab Que le consensus se fasse autour de Tidjane Thiam, car nous r\u00eavons d&#8217;une C\u00f4te d&#8217;Ivoire possible avec lui. C&#8217;est le pr\u00e9sident qu&#8217;il nous faut. Il est le concepteur des 12 chantiers de l&#8217;\u00e9l\u00e9phant d&#8217;Afrique. Il a \u00e9t\u00e9 tr\u00e8s bien form\u00e9 par les Pr\u00e9sidents Houphou\u00ebt-Boigny et Henri Konan B\u00e9di\u00e9 dont il est le digne h\u00e9ritier. Le moment est arriv\u00e9 pour lui de r\u00e9pondre \u00e0 l&#8217;appel et assumer la t\u00e2che qui lui est r\u00e9serv\u00e9e par ses dignes pr\u00e9d\u00e9cesseurs \u00bb, a-t-il dit.<br \/>\nIl a ajout\u00e9 que  Tidjane Thiam    est un pur produit du PDCI-RDA  et un leader courageux, charismatique, influent, respect\u00e9 et \u00e9cout\u00e9 \u00e0 l&#8217;international.<br \/>\nEn outre, S\u00e9sse Koffi a tenu \u00e0 r\u00e9pondre aux d\u00e9tracteurs de Tidjane Thiam qui affirment qu&#8217;il ne peut pas \u00eatre candidat \u00e0 la pr\u00e9sidence du parti, car ne respectant pas les 10 ann\u00e9es de pr\u00e9sence au bureau politique.<br \/>\n\u00ab C&#8217;est dommage. Qu&#8217;ils ne cherchent pas \u00e0 s&#8217;informer. Qu&#8217;ils se r\u00e9f\u00e8rent aux documents li\u00e9s aux bureaux politiques datant des ann\u00e9es 90. Et Tidjane Thiam a \u00e9t\u00e9 ministre sous B\u00e9di\u00e9. Un ministre du PDCI-RDA est d&#8217;office membre du bureau politique \u00bb, a-t-il r\u00e9pondu.<br \/>\nIl a fait savoir \u00e9galement qu&#8217;il ne partage pas l&#8217;avis de ceux qui soutiennent que le pr\u00e9sident du parti ne doit pas \u00eatre le candidat du parti \u00e0 l&#8217;\u00e9lection pr\u00e9sidentielle.<br \/>\n\u00ab D&#8217;o\u00f9 vient cette nouvelle id\u00e9e. En tout cas cela ne vient pas du bureau politique o\u00f9 toutes les d\u00e9cisions sont prises. C&#8217;est un projet impopulaire qui va fragiliser la coh\u00e9sion du parti \u00bb, a-t-il argument\u00e9.<br \/>\nPour rappel, le congr\u00e8s \u00e9lectif du PDCI-RDA est pr\u00e9vu se tenir le 16 d\u00e9cembre 2023 . <\/p>\n<p><strong>Beker Yao\u00a0<\/strong><br \/>\n\u00a0<br \/>\n\u00a0<br \/>\n\u00a0<br \/>\n\u00a0<\/p>\n","protected":false},"excerpt":{"rendered":"<p>\ufeffSess\u00e9 Koffi, membre du bureau politique et pr\u00e9sident national du cercle r\u00e9gional Tidjane Thiam, a demand\u00e9 \u00e0 l&#8217;ex Ministre Tidjane Thiam de se porter candidat \u00e0 la pr\u00e9sidence du PDCI-RDA. Il a appel\u00e9 par la m\u00eame occasion, \u00e0 un consensus autour de lui . C\u2019\u00e9tait le jeudi 02 novembre 2023 au cours d&#8217;un \u00e9change avec [&hellip;]<\/p>\n","protected":false},"author":3,"featured_media":32344,"comment_status":"closed","ping_status":"closed","sticky":false,"template":"","format":"standard","meta":{"_monsterinsights_skip_tracking":false,"_monsterinsights_sitenote_active":false,"_monsterinsights_sitenote_note":"","_monsterinsights_sitenote_category":0,"footnotes":""},"categories":[2,17],"tags":[35,2730,139,2521,2729,2522],"class_list":["post-32343","post","type-post","status-publish","format-standard","has-post-thumbnail","hentry","category-featured","category-politique","tag-bedie","tag-consensus","tag-pdci","tag-sesse-koffi","tag-succession","tag-tidjane-thiam"],"_links":{"self":[{"href":"https:\/\/www.lintelligentdabidjan.info\/news\/wp-json\/wp\/v2\/posts\/32343","targetHints":{"allow":["GET"]}}],"collection":[{"href":"https:\/\/www.lintelligentdabidjan.info\/news\/wp-json\/wp\/v2\/posts"}],"about":[{"href":"https:\/\/www.lintelligentdabidjan.info\/news\/wp-json\/wp\/v2\/types\/post"}],"author":[{"embeddable":true,"href":"https:\/\/www.lintelligentdabidjan.info\/news\/wp-json\/wp\/v2\/users\/3"}],"replies":[{"embeddable":true,"href":"https:\/\/www.lintelligentdabidjan.info\/news\/wp-json\/wp\/v2\/comments?post=32343"}],"version-history":[{"count":1,"href":"https:\/\/www.lintelligentdabidjan.info\/news\/wp-json\/wp\/v2\/posts\/32343\/revisions"}],"predecessor-version":[{"id":32345,"href":"https:\/\/www.lintelligentdabidjan.info\/news\/wp-json\/wp\/v2\/posts\/32343\/revisions\/32345"}],"wp:featuredmedia":[{"embeddable":true,"href":"https:\/\/www.lintelligentdabidjan.info\/news\/wp-json\/wp\/v2\/media\/32344"}],"wp:attachment":[{"href":"https:\/\/www.lintelligentdabidjan.info\/news\/wp-json\/wp\/v2\/media?parent=32343"}],"wp:term":[{"taxonomy":"category","embeddable":true,"href":"https:\/\/www.lintelligentdabidjan.info\/news\/wp-json\/wp\/v2\/categories?post=32343"},{"taxonomy":"post_tag","embeddable":true,"href":"https:\/\/www.lintelligentdabidjan.info\/news\/wp-json\/wp\/v2\/tags?post=32343"}],"curies":[{"name":"wp","href":"https:\/\/api.w.org\/{rel}","templated":true}]}}