{"id":32355,"date":"2023-11-07T02:15:26","date_gmt":"2023-11-07T01:15:26","guid":{"rendered":"https:\/\/www.lintelligentdabidjan.info\/news\/?p=32355"},"modified":"2023-11-07T02:24:43","modified_gmt":"2023-11-07T01:24:43","slug":"%ef%bb%bfpersonnes-handicapees-une-ong-forme-14-professeurs-du-lycee-professionnel-de-yopougon","status":"publish","type":"post","link":"https:\/\/www.lintelligentdabidjan.info\/news\/%ef%bb%bfpersonnes-handicapees-une-ong-forme-14-professeurs-du-lycee-professionnel-de-yopougon\/","title":{"rendered":"\ufeffPersonnes handicap\u00e9es -Une Ong forme 14 professeurs du lyc\u00e9e professionnel de Yopougon"},"content":{"rendered":"<p><em><strong>\ufeffL \u2019Ong \u2018\u2019Soci\u00e9t\u00e9 sans barri\u00e8res C\u00f4te d\u2019Ivoire\u2019\u2019 ( Swb-ci ) a remis 14 machines et  leurs accessoires ainsi que  7 imprimantes   \u00e0 14 professeurs pour l\u2019encadrement des personnes handicap\u00e9es, le vendredi 3 novembre 2023 au lyc\u00e9e professionnel sectoriel de Yopougon.<\/strong><\/em><\/p>\n<p>\ufeffDans  le cadre  du projet \u2018\u2019acc\u00e8s des personnes handicap\u00e9es \u00e0 l\u2019Enseignement technique, \u00e0 la formation professionnelle et \u00e0 l\u2019emploi  (Aph -Etfpe), l \u2019Ong \u2018\u2019Soci\u00e9t\u00e9 sans barri\u00e8res C\u00f4te d\u2019Ivoire\u2019\u2019 ( Swb-ci ) et l\u2019Ong internationale chr\u00e9tienne de d\u00e9veloppement (Cbm), avec l\u2019appui de la coop\u00e9ration allemande BMZ ont offert 14 machines et  leurs accessoires ainsi que  7 imprimantes   au lyc\u00e9e professionnel sectoriel  de Yopougon.<br \/>\nAu cours de cette remise, Mme Ouattara Marie-C\u00e9cile, Pca de l\u2019ONG sans barri\u00e8re a expliqu\u00e9 que ces activit\u00e9s concernent plusieurs projets comme l\u2019acc\u00e8s des personnes handicap\u00e9es \u00e0 l\u2019enseignement, \u00e0 la formation professionnelle et \u00e0 l\u2019emploi.    Cela  vise \u00e9galement, selon elle,  la prise en compte des personnes handicap\u00e9es dans les secteurs de d\u00e9veloppement de capacit\u00e9s. Mme Ouattara   a expliqu\u00e9 que trois axes  d\u2019intervention ont \u00e9t\u00e9 identifi\u00e9s et planifi\u00e9s  \u00e0 l\u2019intention des personnes handicap\u00e9es \u00e0 savoir le renforcement de capacit\u00e9s de personnel des \u00e9tablissements de formation sur la th\u00e9matique de l\u2019accueil des apprenants, particuli\u00e8rement des personnes en situation de handicap. Pour elle, il sera aussi question de les former sur l\u2019acc\u00e8s des sites d\u2019apprentissage et dotation en \u00e9quipe technique.<br \/>\nQuant \u00e0 Sanogo Adama, directeur ex\u00e9cutif de l\u2019Ong sans barri\u00e8re  , il a fait une d\u00e9monstration des fonctionnements des diff\u00e9rents \u00e9quipements. Hyaud Anne non-voyante et formatrice en \u00e9criture braille a r\u00e9v\u00e9l\u00e9 avoir  form\u00e9 les apprenants  en  4 jours ( 2 jours en formations perkiet et 2 jours de formation en \u00e9criture braille).<\/p>\n<p><strong>Mamadou Ouattara avec A Barro<\/strong><\/p>\n","protected":false},"excerpt":{"rendered":"<p>\ufeffL \u2019Ong \u2018\u2019Soci\u00e9t\u00e9 sans barri\u00e8res C\u00f4te d\u2019Ivoire\u2019\u2019 ( Swb-ci ) a remis 14 machines et leurs accessoires ainsi que 7 imprimantes \u00e0 14 professeurs pour l\u2019encadrement des personnes handicap\u00e9es, le vendredi 3 novembre 2023 au lyc\u00e9e professionnel sectoriel de Yopougon. \ufeffDans le cadre du projet \u2018\u2019acc\u00e8s des personnes handicap\u00e9es \u00e0 l\u2019Enseignement technique, \u00e0 la formation [&hellip;]<\/p>\n","protected":false},"author":3,"featured_media":32360,"comment_status":"closed","ping_status":"closed","sticky":false,"template":"","format":"standard","meta":{"_monsterinsights_skip_tracking":false,"_monsterinsights_sitenote_active":false,"_monsterinsights_sitenote_note":"","_monsterinsights_sitenote_category":0,"footnotes":""},"categories":[2,3],"tags":[2741,1072,1792,2742,2743,81],"class_list":["post-32355","post","type-post","status-publish","format-standard","has-post-thumbnail","hentry","category-featured","category-societe","tag-handicapees","tag-ong","tag-personnes","tag-professeurs-du-lycee","tag-professionnel","tag-yopougon"],"_links":{"self":[{"href":"https:\/\/www.lintelligentdabidjan.info\/news\/wp-json\/wp\/v2\/posts\/32355","targetHints":{"allow":["GET"]}}],"collection":[{"href":"https:\/\/www.lintelligentdabidjan.info\/news\/wp-json\/wp\/v2\/posts"}],"about":[{"href":"https:\/\/www.lintelligentdabidjan.info\/news\/wp-json\/wp\/v2\/types\/post"}],"author":[{"embeddable":true,"href":"https:\/\/www.lintelligentdabidjan.info\/news\/wp-json\/wp\/v2\/users\/3"}],"replies":[{"embeddable":true,"href":"https:\/\/www.lintelligentdabidjan.info\/news\/wp-json\/wp\/v2\/comments?post=32355"}],"version-history":[{"count":1,"href":"https:\/\/www.lintelligentdabidjan.info\/news\/wp-json\/wp\/v2\/posts\/32355\/revisions"}],"predecessor-version":[{"id":32356,"href":"https:\/\/www.lintelligentdabidjan.info\/news\/wp-json\/wp\/v2\/posts\/32355\/revisions\/32356"}],"wp:featuredmedia":[{"embeddable":true,"href":"https:\/\/www.lintelligentdabidjan.info\/news\/wp-json\/wp\/v2\/media\/32360"}],"wp:attachment":[{"href":"https:\/\/www.lintelligentdabidjan.info\/news\/wp-json\/wp\/v2\/media?parent=32355"}],"wp:term":[{"taxonomy":"category","embeddable":true,"href":"https:\/\/www.lintelligentdabidjan.info\/news\/wp-json\/wp\/v2\/categories?post=32355"},{"taxonomy":"post_tag","embeddable":true,"href":"https:\/\/www.lintelligentdabidjan.info\/news\/wp-json\/wp\/v2\/tags?post=32355"}],"curies":[{"name":"wp","href":"https:\/\/api.w.org\/{rel}","templated":true}]}}