{"id":32362,"date":"2023-11-08T02:54:20","date_gmt":"2023-11-08T01:54:20","guid":{"rendered":"https:\/\/www.lintelligentdabidjan.info\/news\/?p=32362"},"modified":"2023-11-08T02:54:36","modified_gmt":"2023-11-08T01:54:36","slug":"presidentielle-2025-lulc-ado-veut-mobilier-4-millions-divoiriens-pour-exiger-la-candidature-de-ouattara","status":"publish","type":"post","link":"https:\/\/www.lintelligentdabidjan.info\/news\/presidentielle-2025-lulc-ado-veut-mobilier-4-millions-divoiriens-pour-exiger-la-candidature-de-ouattara\/","title":{"rendered":"Pr\u00e9sidentielle 2025 -L\u2019ULC-ADO veut mobilier 4 millions d\u2019ivoiriens pour exiger la candidature de Ouattara"},"content":{"rendered":"<p><em><strong>L\u2019ULC-ADO veut mobiliser 4 millions d\u2019ivoiriens pour exiger la candidature de Ouattara, \u00e0 la pr\u00e9sidentielle 2025.<\/strong><\/em><\/p>\n<p>L\u2019Union des leaders pour la candidature d\u2019ADO en 2025 (l&#8217;ULC-ADO) \u00e9tait face \u00e0 la presse le dimanche 5 novembre 2023 \u00e0 Abidjan Plateau. Le mouvement a lanc\u00e9 un appel au Pr\u00e9sident de la R\u00e9publique Alassane Ouattara, l\u2019invitant \u00e0 \u00eatre candidat \u00e0 l\u2019\u00e9lection pr\u00e9sidentielle de 2025<\/p>\n<p>\u00ab Nous sommes \u00e0 un peu plus d\u2019un an de la pr\u00e9sidentielle de 2025.  Nous avons d\u00e9cid\u00e9 de cr\u00e9er l\u2019ULC-ADO pour demander au Pr\u00e9sident Alassane Ouattara d\u2019 \u00eatre candidat en 2025. Nous avons cr\u00e9\u00e9 ce mouvement parce que nous savons que le Pr\u00e9sident Alassane Ouattara, dans un monde et une sous-r\u00e9gion en mouvement et en crise, est le seul qui permet \u00e0 la C\u00f4te d\u2019Ivoire de rester d\u00e9bout et de ne pas sombrer. Il est le garant de la stabilit\u00e9. Nous souhaitons donc que toute la C\u00f4te d\u2019ivoire s\u2019unisse derri\u00e8re sa candidature pour qu\u2019il maintienne notre pays dans cette stabilit\u00e9 qu\u2019il conna\u00eet depuis 2010 \u00bb, a expliqu\u00e9 Sanogo Kakou Serges, le porte-parole du mouvement.  \u00ab Les nombreux chantiers qui ont \u00e9t\u00e9 entrepris, ne sont pas encore achev\u00e9s. Le pays se m\u00e9tamorphose et le monde entier le reconna\u00eet. Le temps qui lui reste pour achever ce mandat est trop court pour finir tous ces chantiers. Il faut lui donner le temps de les achever pour qu\u2019ils ne soient pas stopp\u00e9s par un successeur. C\u2019est pourquoi nous souhaitons qu\u2019il aille jusqu\u2019\u00e0 2030 \u00bb, a-t-il poursuivi.<\/p>\n<p>Le mouvement a \u00e9t\u00e9 cr\u00e9\u00e9 par des membres de diff\u00e9rentes instances du RHDP.  Entre autres, le Bureau national de la jeunesse charg\u00e9 des mouvements et associations du RHDP, le Conseil national du RHDP, le mouvement des Futures cadres de la r\u00e9gion du Poro ou encore la Jeunesse politique du RHDP. Les journalistes invit\u00e9s \u00e0 la rencontre ont pos\u00e9 des questions pour comprendre la d\u00e9marche du mouvement. Ils ont notamment rappel\u00e9 les diff\u00e9rentes d\u00e9clarations du Pr\u00e9sident Alassane Ouattara o\u00f9 il disait vouloir passer la main \u00e0 une nouvelle g\u00e9n\u00e9ration. Certains ont m\u00eame dress\u00e9 une liste de cadres capables de d\u00e9fendre les couleurs du parti en 2025. Mais pour eux, peu importe. \u00ab C\u2019est vrai que le Pr\u00e9sident a fait plusieurs d\u00e9clarations \u00e0 ce sujet. C\u2019est que le RHDP regorge de nombreux cadres. Mais nous, c\u2019est  lui que nous voulons \u00bb, a-t-il dit. L&#8217;ULC-ADO se fixe comme objectif, 4 millions d\u2019adh\u00e9rents, afin d\u2019amener  le Pr\u00e9sident Alassane Ouattara \u00e0 accepter de r\u00e9pondre \u00e0 son appel.<\/p>\n<p>L\u2019organisation compte \u00e0 ce jour, plus de 5000 membres, selon ses responsables. Ils annoncent des tourn\u00e9es \u00e0 travers le pays pour sensibiliser les populations sur la question, afin qu\u2019elles adh\u00e8rent \u00e0 leur appel.<\/p>\n<p><strong>J-H Koffo<\/strong><\/p>\n","protected":false},"excerpt":{"rendered":"<p>L\u2019ULC-ADO veut mobiliser 4 millions d\u2019ivoiriens pour exiger la candidature de Ouattara, \u00e0 la pr\u00e9sidentielle 2025. L\u2019Union des leaders pour la candidature d\u2019ADO en 2025 (l&#8217;ULC-ADO) \u00e9tait face \u00e0 la presse le dimanche 5 novembre 2023 \u00e0 Abidjan Plateau. Le mouvement a lanc\u00e9 un appel au Pr\u00e9sident de la R\u00e9publique Alassane Ouattara, l\u2019invitant \u00e0 \u00eatre [&hellip;]<\/p>\n","protected":false},"author":3,"featured_media":32363,"comment_status":"closed","ping_status":"closed","sticky":false,"template":"","format":"standard","meta":{"_monsterinsights_skip_tracking":false,"_monsterinsights_sitenote_active":false,"_monsterinsights_sitenote_note":"","_monsterinsights_sitenote_category":0,"footnotes":""},"categories":[2,17],"tags":[677,2073,895,34,1621,2744],"class_list":["post-32362","post","type-post","status-publish","format-standard","has-post-thumbnail","hentry","category-featured","category-politique","tag-ado","tag-candidature","tag-ivoiriens","tag-ouattara","tag-presidentielle-2025","tag-ulc"],"_links":{"self":[{"href":"https:\/\/www.lintelligentdabidjan.info\/news\/wp-json\/wp\/v2\/posts\/32362","targetHints":{"allow":["GET"]}}],"collection":[{"href":"https:\/\/www.lintelligentdabidjan.info\/news\/wp-json\/wp\/v2\/posts"}],"about":[{"href":"https:\/\/www.lintelligentdabidjan.info\/news\/wp-json\/wp\/v2\/types\/post"}],"author":[{"embeddable":true,"href":"https:\/\/www.lintelligentdabidjan.info\/news\/wp-json\/wp\/v2\/users\/3"}],"replies":[{"embeddable":true,"href":"https:\/\/www.lintelligentdabidjan.info\/news\/wp-json\/wp\/v2\/comments?post=32362"}],"version-history":[{"count":1,"href":"https:\/\/www.lintelligentdabidjan.info\/news\/wp-json\/wp\/v2\/posts\/32362\/revisions"}],"predecessor-version":[{"id":32364,"href":"https:\/\/www.lintelligentdabidjan.info\/news\/wp-json\/wp\/v2\/posts\/32362\/revisions\/32364"}],"wp:featuredmedia":[{"embeddable":true,"href":"https:\/\/www.lintelligentdabidjan.info\/news\/wp-json\/wp\/v2\/media\/32363"}],"wp:attachment":[{"href":"https:\/\/www.lintelligentdabidjan.info\/news\/wp-json\/wp\/v2\/media?parent=32362"}],"wp:term":[{"taxonomy":"category","embeddable":true,"href":"https:\/\/www.lintelligentdabidjan.info\/news\/wp-json\/wp\/v2\/categories?post=32362"},{"taxonomy":"post_tag","embeddable":true,"href":"https:\/\/www.lintelligentdabidjan.info\/news\/wp-json\/wp\/v2\/tags?post=32362"}],"curies":[{"name":"wp","href":"https:\/\/api.w.org\/{rel}","templated":true}]}}