{"id":32384,"date":"2023-11-10T01:50:57","date_gmt":"2023-11-10T00:50:57","guid":{"rendered":"https:\/\/www.lintelligentdabidjan.info\/news\/?p=32384"},"modified":"2023-11-10T02:40:37","modified_gmt":"2023-11-10T01:40:37","slug":"education-la-fondation-lonaci-equipe-des-ecoles-en-infrastructures","status":"publish","type":"post","link":"https:\/\/www.lintelligentdabidjan.info\/news\/education-la-fondation-lonaci-equipe-des-ecoles-en-infrastructures\/","title":{"rendered":"\u00c9ducation-La Fondation Lonaci \u00e9quipe des \u00e9coles en infrastructures"},"content":{"rendered":"<p><em><strong>La Fondation Lonaci  a r\u00e9alis\u00e9 plusieurs dons d\u2019infrastructures socio\u00e9ducatives dans diff\u00e9rentes localit\u00e9s de la C\u00f4te d\u2019Ivoire, du 16 au 24 octobre 2023. Cette caravane du social, conduite par son directeur ex\u00e9cutif Aboubakary Ouattara, a permis de doter des \u00e9tablissements scolaires de salles multim\u00e9dia, de b\u00e2timents de classes et de tables-bancs.<\/strong><\/em><\/p>\n<p>\u00c0 Bouna, dans la r\u00e9gion du Bounkani, le lyc\u00e9e moderne a b\u00e9n\u00e9fici\u00e9 d\u2019une salle multim\u00e9dia construite et enti\u00e8rement \u00e9quip\u00e9e en mat\u00e9riel informatique de derni\u00e8re g\u00e9n\u00e9ration, d\u2019une valeur de 32.147 785 FCFA. Ce don, remis le 18 octobre, offre aux \u00e9l\u00e8ves la possibilit\u00e9 de se familiariser et d\u2019approfondir leurs connaissances \u00e0 l\u2019outil informatique. La c\u00e9r\u00e9monie s\u2019est d\u00e9roul\u00e9e en pr\u00e9sence du pr\u00e9fet repr\u00e9sent\u00e9 par Bayard Fato Ehouman, deuxi\u00e8me secr\u00e9taire g\u00e9n\u00e9ral de la pr\u00e9fecture, ainsi que de plusieurs \u00e9lus et cadres de la r\u00e9gion. \u00c0 Kouassi-Dat\u00e9kro, dans la r\u00e9gion du Gontougo, la Fondation Lonaci a renforc\u00e9 la capacit\u00e9 d\u2019accueil du Lyc\u00e9e moderne Essy Amara, en construisant un b\u00e2timent de quatre classes \u00e9quip\u00e9es en tables-bancs, d\u2019une valeur de 38.218.608 FCFA. Le don a \u00e9t\u00e9 remis le 21 octobre, en pr\u00e9sence du pr\u00e9fet du d\u00e9partement de Koun-Fao, Kouassi Ouffou\u00e9. Les enseignants et les \u00e9l\u00e8ves ont exprim\u00e9 leur joie et leur souhait  de voir  l\u2019\u00e9tablissement  \u00e9riger  en un centre d\u2019examen.<\/p>\n<p>\u00c0 Soungassou, dans la r\u00e9gion du N\u2019Zi, l\u2019\u00e9cole primaire a \u00e9t\u00e9 dot\u00e9e d\u2019une \u00e9cole de trois classes \u00e9quip\u00e9es de tables-bancs, de magasin et d\u2019un bureau pour le directeur. La c\u00e9r\u00e9monie de remise des cl\u00e9s de ce  nouvel \u00e9difice  a eu lieu le 24 octobre, sous la pr\u00e9sidence du pr\u00e9fet de r\u00e9gion, Lamine Coulibaly, repr\u00e9sent\u00e9 par le sous-pr\u00e9fet de Dimbokro, Zago Serge Rodrigue. Faut-il noter   que ces r\u00e9alisations s\u2019inscrivent conform\u00e9ment \u00e0 la mission de la Fondation Lonaci, qui est de contribuer, aux c\u00f4t\u00e9s de l\u2019\u00c9tat de C\u00f4te d\u2019Ivoire, \u00e0 la r\u00e9alisation d\u2019investissements dans les domaines de l\u2019\u00e9ducation, de la sant\u00e9 et de la culture, sur  l\u2019\u00e9tendue du territoire national.<\/p>\n<p><strong>Moustapha Isma\u00efla avec Sercom<\/strong><\/p>\n<p>Aboubakary Ouattara remet les cl\u00e9s des diff\u00e9rents \u00e9tablissements scolaires<\/p>\n","protected":false},"excerpt":{"rendered":"<p>La Fondation Lonaci a r\u00e9alis\u00e9 plusieurs dons d\u2019infrastructures socio\u00e9ducatives dans diff\u00e9rentes localit\u00e9s de la C\u00f4te d\u2019Ivoire, du 16 au 24 octobre 2023. Cette caravane du social, conduite par son directeur ex\u00e9cutif Aboubakary Ouattara, a permis de doter des \u00e9tablissements scolaires de salles multim\u00e9dia, de b\u00e2timents de classes et de tables-bancs. \u00c0 Bouna, dans la r\u00e9gion [&hellip;]<\/p>\n","protected":false},"author":3,"featured_media":32387,"comment_status":"closed","ping_status":"closed","sticky":false,"template":"","format":"standard","meta":{"_monsterinsights_skip_tracking":false,"_monsterinsights_sitenote_active":false,"_monsterinsights_sitenote_note":"","_monsterinsights_sitenote_category":0,"footnotes":""},"categories":[2,3],"tags":[1205,1200,2444,1950,2575],"class_list":["post-32384","post","type-post","status-publish","format-standard","has-post-thumbnail","hentry","category-featured","category-societe","tag-ecoles","tag-education","tag-equipe","tag-fondation-lonaci","tag-infrastructures"],"_links":{"self":[{"href":"https:\/\/www.lintelligentdabidjan.info\/news\/wp-json\/wp\/v2\/posts\/32384","targetHints":{"allow":["GET"]}}],"collection":[{"href":"https:\/\/www.lintelligentdabidjan.info\/news\/wp-json\/wp\/v2\/posts"}],"about":[{"href":"https:\/\/www.lintelligentdabidjan.info\/news\/wp-json\/wp\/v2\/types\/post"}],"author":[{"embeddable":true,"href":"https:\/\/www.lintelligentdabidjan.info\/news\/wp-json\/wp\/v2\/users\/3"}],"replies":[{"embeddable":true,"href":"https:\/\/www.lintelligentdabidjan.info\/news\/wp-json\/wp\/v2\/comments?post=32384"}],"version-history":[{"count":1,"href":"https:\/\/www.lintelligentdabidjan.info\/news\/wp-json\/wp\/v2\/posts\/32384\/revisions"}],"predecessor-version":[{"id":32385,"href":"https:\/\/www.lintelligentdabidjan.info\/news\/wp-json\/wp\/v2\/posts\/32384\/revisions\/32385"}],"wp:featuredmedia":[{"embeddable":true,"href":"https:\/\/www.lintelligentdabidjan.info\/news\/wp-json\/wp\/v2\/media\/32387"}],"wp:attachment":[{"href":"https:\/\/www.lintelligentdabidjan.info\/news\/wp-json\/wp\/v2\/media?parent=32384"}],"wp:term":[{"taxonomy":"category","embeddable":true,"href":"https:\/\/www.lintelligentdabidjan.info\/news\/wp-json\/wp\/v2\/categories?post=32384"},{"taxonomy":"post_tag","embeddable":true,"href":"https:\/\/www.lintelligentdabidjan.info\/news\/wp-json\/wp\/v2\/tags?post=32384"}],"curies":[{"name":"wp","href":"https:\/\/api.w.org\/{rel}","templated":true}]}}