{"id":32432,"date":"2023-11-17T02:50:59","date_gmt":"2023-11-17T01:50:59","guid":{"rendered":"https:\/\/www.lintelligentdabidjan.info\/news\/?p=32432"},"modified":"2023-11-17T02:50:59","modified_gmt":"2023-11-17T01:50:59","slug":"journee-mondiale-de-lenfance-des-jeunes-partagent-leur-experience-avec-leurs-pairs","status":"publish","type":"post","link":"https:\/\/www.lintelligentdabidjan.info\/news\/journee-mondiale-de-lenfance-des-jeunes-partagent-leur-experience-avec-leurs-pairs\/","title":{"rendered":"Journ\u00e9e mondiale de l&#8217;enfance-Des jeunes partagent leur exp\u00e9rience avec leurs pairs\u00a0"},"content":{"rendered":"<p>En marge des activit\u00e9s de la c\u00e9l\u00e9bration de la Journ\u00e9e Mondiale de l&#8217;enfance, l&#8217;Unicef C\u00f4te d&#8217;Ivoire a initi\u00e9 le tout premier TEDx Abidjan Youth au profit de plus de 300 jeunes. C&#8217;\u00e9tait le mercredi 15 novembre 2023 \u00e0 Abidjan-Yopougon autour du th\u00e8me :\u00ab L&#8217;\u00e9quilibre\u00bb.\u00a0<\/p>\n<p>Ce tout premier TEDx Abidjan Youth a \u00e9t\u00e9 l&#8217;occasion pour des enfants et adolescents au parcours atypiques de raconter leur histoire et d&#8217;inspirer leurs pairs. L&#8217;objectif, selon les initiateurs, est de booster les tout-petits afin de r\u00e9veiller le g\u00e9nie qui dort en eux. Le TEDx Abidjan Youth a permis \u00e0 cinq jeunes et adolescents ivoiriens, dont l&#8217;\u00e2ge varie entre 11 et 24 ans, de partager leurs exp\u00e9riences mais la particularit\u00e9 de ces jeunes enfants, c\u2019est qu\u2019ils sont partis du concept qui n\u2019\u00e9tait pas du tout \u00e9vident. En effet, tout ne jouait pas en leur faveur mais ils ont su s\u2019armer de courage, avoir des ambitions, se fixer des limites au-del\u00e0 de leurs moyens, au-del\u00e0 de leurs possibilit\u00e9s pour aller loin et r\u00e9ussir. \u00ab C\u2019est un mod\u00e8le qu\u2019ils ont partag\u00e9 avec d\u2019autres enfants de leur \u00e2ge et leur dire que m\u00eame si on na\u00eet dans une famille qui n\u2019a pas de moyens, m\u00eame si on na\u00eet albinos, m\u00eame si on vit avec un certain handicap, m\u00eame si le regard des autres enfants n\u2019est pas un regard qui peut nous rendre fier, malgr\u00e9 tout on peut r\u00e9ussir.\u00a0 C\u2019est le message qu\u2019on a fait passer \u00e0 l\u2019occasion de la journ\u00e9e de l\u2019enfant\u00bb, a d\u00e9clar\u00e9 Jean-Fran\u00e7ois Basse, repr\u00e9sentant de l&#8217;Unicef en C\u00f4te d&#8217;Ivoire. Par ailleurs, il a lanc\u00e9 un appel aux autorit\u00e9s ivoiriennes afin de cr\u00e9er un cadre favorable pour des enfants qui n&#8217;ont toujours pas acc\u00e8s aux services sociaux de base dans l\u2019\u00e9ducation et\/ou dans la sant\u00e9. Aussi, a-t-il interpell\u00e9 quant \u00e0 l&#8217;exploitation et \u00e0 l&#8217;abus dont sont victimes les tout-petits.\u00a0<\/p>\n<p>Cette rencontre a \u00e9t\u00e9 l\u2019occasion pour Marie-Lucienne N\u2019Guessan, Doufl\u00e9 Anne Penuel, 11 ans en classe de 6\u00e8me, Kouam\u00e9 Mathieu, atteint d\u2019albinisme Kouadio Evrard, dr\u00e9panocytaire et Ouraga Ange Michel, \u00e9co-entrepreneur de partager leur exp\u00e9rience.\u00a0<\/p>\n<p>Rappelons qu\u2019au cours de la rencontre, le temps de la lecture du discours, Jean Fran\u00e7ois Basse a laiss\u00e9 sa place et son titre \u00e0 un enfant, faisant de\u00a0 lui\u00a0 le Repr\u00e9sentant r\u00e9sident de l\u2019Unicef en C\u00f4te d\u2019Ivoire.\u00a0<\/p>\n<p><strong>Tour\u00e9 Abdoulaye avec A. Traor\u00e9 (Stagiaire)\u00a0<\/strong><\/p>\n","protected":false},"excerpt":{"rendered":"<p>En marge des activit\u00e9s de la c\u00e9l\u00e9bration de la Journ\u00e9e Mondiale de l&#8217;enfance, l&#8217;Unicef C\u00f4te d&#8217;Ivoire a initi\u00e9 le tout premier TEDx Abidjan Youth au profit de plus de 300 jeunes. C&#8217;\u00e9tait le mercredi 15 novembre 2023 \u00e0 Abidjan-Yopougon autour du th\u00e8me :\u00ab L&#8217;\u00e9quilibre\u00bb.\u00a0 Ce tout premier TEDx Abidjan Youth a \u00e9t\u00e9 l&#8217;occasion pour des [&hellip;]<\/p>\n","protected":false},"author":3,"featured_media":32433,"comment_status":"closed","ping_status":"closed","sticky":false,"template":"","format":"standard","meta":{"_monsterinsights_skip_tracking":false,"_monsterinsights_sitenote_active":false,"_monsterinsights_sitenote_note":"","_monsterinsights_sitenote_category":0,"footnotes":""},"categories":[2,3],"tags":[701,2771,2772],"class_list":["post-32432","post","type-post","status-publish","format-standard","has-post-thumbnail","hentry","category-featured","category-societe","tag-jeunes","tag-journee-mondiale-de-lenfance","tag-pairs"],"_links":{"self":[{"href":"https:\/\/www.lintelligentdabidjan.info\/news\/wp-json\/wp\/v2\/posts\/32432","targetHints":{"allow":["GET"]}}],"collection":[{"href":"https:\/\/www.lintelligentdabidjan.info\/news\/wp-json\/wp\/v2\/posts"}],"about":[{"href":"https:\/\/www.lintelligentdabidjan.info\/news\/wp-json\/wp\/v2\/types\/post"}],"author":[{"embeddable":true,"href":"https:\/\/www.lintelligentdabidjan.info\/news\/wp-json\/wp\/v2\/users\/3"}],"replies":[{"embeddable":true,"href":"https:\/\/www.lintelligentdabidjan.info\/news\/wp-json\/wp\/v2\/comments?post=32432"}],"version-history":[{"count":1,"href":"https:\/\/www.lintelligentdabidjan.info\/news\/wp-json\/wp\/v2\/posts\/32432\/revisions"}],"predecessor-version":[{"id":32434,"href":"https:\/\/www.lintelligentdabidjan.info\/news\/wp-json\/wp\/v2\/posts\/32432\/revisions\/32434"}],"wp:featuredmedia":[{"embeddable":true,"href":"https:\/\/www.lintelligentdabidjan.info\/news\/wp-json\/wp\/v2\/media\/32433"}],"wp:attachment":[{"href":"https:\/\/www.lintelligentdabidjan.info\/news\/wp-json\/wp\/v2\/media?parent=32432"}],"wp:term":[{"taxonomy":"category","embeddable":true,"href":"https:\/\/www.lintelligentdabidjan.info\/news\/wp-json\/wp\/v2\/categories?post=32432"},{"taxonomy":"post_tag","embeddable":true,"href":"https:\/\/www.lintelligentdabidjan.info\/news\/wp-json\/wp\/v2\/tags?post=32432"}],"curies":[{"name":"wp","href":"https:\/\/api.w.org\/{rel}","templated":true}]}}