{"id":32488,"date":"2023-11-22T02:32:49","date_gmt":"2023-11-22T01:32:49","guid":{"rendered":"https:\/\/www.lintelligentdabidjan.info\/news\/?p=32488"},"modified":"2023-11-22T02:49:25","modified_gmt":"2023-11-22T01:49:25","slug":"protection-et-education-des-mineurs-le-projet-home-2-lance","status":"publish","type":"post","link":"https:\/\/www.lintelligentdabidjan.info\/news\/protection-et-education-des-mineurs-le-projet-home-2-lance\/","title":{"rendered":"Protection et \u00e9ducation des mineurs\u00a0-Le projet Home 2 lanc\u00e9"},"content":{"rendered":"<p><em><strong>La c\u00e9r\u00e9monie de lancement de la deuxi\u00e8me phase du projet Home 2 a eu lieu, vendredi 17 novembre 2023, dans un complexe h\u00f4telier \u00e0 Abidjan-Cocody. Ce projet a \u00e9t\u00e9 pr\u00e9sent\u00e9 aux parties prenantes, suivi d&#8217;une remise symbolique de mat\u00e9riel informatique.<\/strong><\/em><\/p>\n<p>L&#8217;Ong Avsi a proc\u00e9d\u00e9 au d\u00e9marrage du Projet Home 2, un projet d\u2019Appui pour l\u2019accueil, la Protection et l\u2019\u00e9ducation des Mineurs vuln\u00e9rables en C\u00f4te d&#8217;Ivoire et Sierra Leone. Ce projet financ\u00e9 par la Commission pour les adoptions internationales (Cai), vise \u00e0 utiliser judicieusement les ressources disponibles et \u00e0 combler les lacunes institutionnelles et normatives. La premi\u00e8re phase a r\u00e9ussi \u00e0 exploiter au maximum les ressources existantes et \u00e0 cr\u00e9er de nouvelles initiatives l\u00e0 o\u00f9 des lacunes ont \u00e9t\u00e9 identifi\u00e9es. Pour ce qui concerne la deuxi\u00e8me phase du Projet Home&#8221;. Lorenzo Manzoni, repr\u00e9sentant de l&#8217;Ong Avsi, a soulign\u00e9, que le projet s&#8217;inscrit dans la continuit\u00e9 de ces actions, mettant un accent particulier sur la petite enfance et les structures associ\u00e9es&#8221;. En outre, le minist\u00e8re de la Femme, de la Famille et de l&#8217;Enfant, ainsi que ses directions concern\u00e9es, faciliteront la mise en \u0153uvre des actions pr\u00e9vues. L&#8217;objectif principal de ce projet est de contribuer au renforcement d&#8217;un r\u00e9seau d&#8217;acteurs publics et priv\u00e9s engag\u00e9s pour assurer le bien-\u00eatre des filles et des gar\u00e7ons, pr\u00e9venant ainsi leur abandon en Afrique de l&#8217;Ouest. Il faut noter que l&#8217;Ong Avsi travaille en partenariat avec un r\u00e9seau de plus de 60 organisations, dont l&#8217;Union europ\u00e9enne, des Agences des Nations Unies, le Gouvernement italien et les autorit\u00e9s locales des pays d&#8217;intervention. Dans son approche, Avsi met l&#8217;accent sur la promotion de la dignit\u00e9 de la personne humaine. La Fondation Avsi (Association des Volontaires pour le Service International) est une organisation non gouvernementale \u00e0 but non lucratif fond\u00e9e en 1972 \u00e0 Cesena en Italie, qui s&#8217;engage dans plus de 130 projets de coop\u00e9ration au d\u00e9veloppement dans 30 pays.\u00a0<\/p>\n<p><strong>Mamadou Ouattara avec L.Abdul<\/strong><\/p>\n<p>\u00a0<\/p>\n<p>\u00a0Le projet Home 2 a \u00e9t\u00e9 lanc\u00e9<\/p>\n","protected":false},"excerpt":{"rendered":"<p>La c\u00e9r\u00e9monie de lancement de la deuxi\u00e8me phase du projet Home 2 a eu lieu, vendredi 17 novembre 2023, dans un complexe h\u00f4telier \u00e0 Abidjan-Cocody. Ce projet a \u00e9t\u00e9 pr\u00e9sent\u00e9 aux parties prenantes, suivi d&#8217;une remise symbolique de mat\u00e9riel informatique. L&#8217;Ong Avsi a proc\u00e9d\u00e9 au d\u00e9marrage du Projet Home 2, un projet d\u2019Appui pour l\u2019accueil, [&hellip;]<\/p>\n","protected":false},"author":3,"featured_media":32495,"comment_status":"closed","ping_status":"closed","sticky":false,"template":"","format":"standard","meta":{"_monsterinsights_skip_tracking":false,"_monsterinsights_sitenote_active":false,"_monsterinsights_sitenote_note":"","_monsterinsights_sitenote_category":0,"footnotes":""},"categories":[2,3],"tags":[1200,2798,2797,1900,1320],"class_list":["post-32488","post","type-post","status-publish","format-standard","has-post-thumbnail","hentry","category-featured","category-societe","tag-education","tag-home-2-l","tag-mineurs","tag-projet","tag-protection"],"_links":{"self":[{"href":"https:\/\/www.lintelligentdabidjan.info\/news\/wp-json\/wp\/v2\/posts\/32488","targetHints":{"allow":["GET"]}}],"collection":[{"href":"https:\/\/www.lintelligentdabidjan.info\/news\/wp-json\/wp\/v2\/posts"}],"about":[{"href":"https:\/\/www.lintelligentdabidjan.info\/news\/wp-json\/wp\/v2\/types\/post"}],"author":[{"embeddable":true,"href":"https:\/\/www.lintelligentdabidjan.info\/news\/wp-json\/wp\/v2\/users\/3"}],"replies":[{"embeddable":true,"href":"https:\/\/www.lintelligentdabidjan.info\/news\/wp-json\/wp\/v2\/comments?post=32488"}],"version-history":[{"count":2,"href":"https:\/\/www.lintelligentdabidjan.info\/news\/wp-json\/wp\/v2\/posts\/32488\/revisions"}],"predecessor-version":[{"id":32494,"href":"https:\/\/www.lintelligentdabidjan.info\/news\/wp-json\/wp\/v2\/posts\/32488\/revisions\/32494"}],"wp:featuredmedia":[{"embeddable":true,"href":"https:\/\/www.lintelligentdabidjan.info\/news\/wp-json\/wp\/v2\/media\/32495"}],"wp:attachment":[{"href":"https:\/\/www.lintelligentdabidjan.info\/news\/wp-json\/wp\/v2\/media?parent=32488"}],"wp:term":[{"taxonomy":"category","embeddable":true,"href":"https:\/\/www.lintelligentdabidjan.info\/news\/wp-json\/wp\/v2\/categories?post=32488"},{"taxonomy":"post_tag","embeddable":true,"href":"https:\/\/www.lintelligentdabidjan.info\/news\/wp-json\/wp\/v2\/tags?post=32488"}],"curies":[{"name":"wp","href":"https:\/\/api.w.org\/{rel}","templated":true}]}}