{"id":32532,"date":"2023-11-24T22:40:39","date_gmt":"2023-11-24T21:40:39","guid":{"rendered":"https:\/\/www.lintelligentdabidjan.info\/news\/?p=32532"},"modified":"2023-11-25T14:12:56","modified_gmt":"2023-11-25T13:12:56","slug":"champion-du-nucleaire-la-cote-divoire-est-a-lhonneur-a-dakar","status":"publish","type":"post","link":"https:\/\/www.lintelligentdabidjan.info\/news\/champion-du-nucleaire-la-cote-divoire-est-a-lhonneur-a-dakar\/","title":{"rendered":"Champion du nucl\u00e9aire-La C\u00f4te d\u2019Ivoire est \u00e0 l\u2019honneur \u00e0 Dakar"},"content":{"rendered":"<p><em><strong>L\u2019Institut de M\u00e9decine Nucl\u00e9aire d\u2019Abidjan (Imena), dirig\u00e9 par le Professeur Kouam\u00e9 Koutouan Annick, participe au Colloque Internationale sur le champion du Nucl\u00e9aire qui se tiendra \u00e0 Dakar, au S\u00e9n\u00e9gal, du mardi 28 au au jeudi 30 novembre 2023. <\/strong><\/em><\/p>\n<p>Ce colloque, organis\u00e9 par le minist\u00e8re s\u00e9n\u00e9galais de l&#8217;Enseignement Sup\u00e9rieur, de la Recherche et de l&#8217;Innovation (Mesri),  s&#8217;inscrit  dans le cadre de la premi\u00e8re \u00e9dition de la Biennale sur la Recherche, l&#8217;Innovation et l&#8217;Industrialisation en Afrique. Selon les organisateurs, l\u2019objectif de cette rencontre est de mener des r\u00e9flexions plus pouss\u00e9es sur les strat\u00e9gies de d\u00e9veloppement de la m\u00e9decine nucl\u00e9aire en Afrique. C\u2019est pourquoi, ils ont indiqu\u00e9 que ce colloque se veut un v\u00e9ritable cadre d\u2019\u00e9change et de dialogue. Et, il regroupera des d\u00e9cideurs et des acteurs au niveau africain et international. Par ailleurs, faut-il souligner que ce colloque intervient dans un contexte o\u00f9 le pr\u00e9sident de la r\u00e9publique de C\u00f4te d&#8217;Ivoire, Alassane Ouattara a \u00e9t\u00e9 distingu\u00e9 champion du  nucl\u00e9aire. Pour cette premi\u00e8re \u00e9dition, c&#8217;est la C\u00f4te d&#8217;Ivoire qui est le pays invit\u00e9 d&#8217;honneur. Le ministre de l\u2019Enseignement sup\u00e9rieur et de la Recherche scientifique ivoirien, Adama Diawara y prendra part, preuve de l\u2019engagement de l\u2019\u00c9tat ivoirien dans le d\u00e9veloppement de la m\u00e9decine nucl\u00e9aire en CI.<br \/>\nPour rappel, l\u2019Institut de M\u00e9decine Nucl\u00e9aire d\u2019Abidjan (Imena) a \u00e9t\u00e9 cr\u00e9\u00e9 en d\u00e9cembre 2020. C\u2019est un \u00e9tablissement de service public en mati\u00e8re de m\u00e9decine nucl\u00e9aire, charg\u00e9 notamment de mener des activit\u00e9s m\u00e9dicales, diagnostiques et th\u00e9rapeutiques, ainsi que la formation et la recherche dans le domaine de la m\u00e9decine nucl\u00e9aire.<\/p>\n<p><strong>Y T avec sercom<\/strong><\/p>\n","protected":false},"excerpt":{"rendered":"<p>L\u2019Institut de M\u00e9decine Nucl\u00e9aire d\u2019Abidjan (Imena), dirig\u00e9 par le Professeur Kouam\u00e9 Koutouan Annick, participe au Colloque Internationale sur le champion du Nucl\u00e9aire qui se tiendra \u00e0 Dakar, au S\u00e9n\u00e9gal, du mardi 28 au au jeudi 30 novembre 2023. Ce colloque, organis\u00e9 par le minist\u00e8re s\u00e9n\u00e9galais de l&#8217;Enseignement Sup\u00e9rieur, de la Recherche et de l&#8217;Innovation (Mesri), [&hellip;]<\/p>\n","protected":false},"author":3,"featured_media":32534,"comment_status":"closed","ping_status":"closed","sticky":false,"template":"","format":"standard","meta":{"_monsterinsights_skip_tracking":false,"_monsterinsights_sitenote_active":false,"_monsterinsights_sitenote_note":"","_monsterinsights_sitenote_category":0,"footnotes":""},"categories":[3],"tags":[77,2811,2640,2810],"class_list":["post-32532","post","type-post","status-publish","format-standard","has-post-thumbnail","hentry","category-societe","tag-cote-divoire","tag-dakar","tag-honneur","tag-medecine-nucleaire"],"_links":{"self":[{"href":"https:\/\/www.lintelligentdabidjan.info\/news\/wp-json\/wp\/v2\/posts\/32532","targetHints":{"allow":["GET"]}}],"collection":[{"href":"https:\/\/www.lintelligentdabidjan.info\/news\/wp-json\/wp\/v2\/posts"}],"about":[{"href":"https:\/\/www.lintelligentdabidjan.info\/news\/wp-json\/wp\/v2\/types\/post"}],"author":[{"embeddable":true,"href":"https:\/\/www.lintelligentdabidjan.info\/news\/wp-json\/wp\/v2\/users\/3"}],"replies":[{"embeddable":true,"href":"https:\/\/www.lintelligentdabidjan.info\/news\/wp-json\/wp\/v2\/comments?post=32532"}],"version-history":[{"count":6,"href":"https:\/\/www.lintelligentdabidjan.info\/news\/wp-json\/wp\/v2\/posts\/32532\/revisions"}],"predecessor-version":[{"id":32539,"href":"https:\/\/www.lintelligentdabidjan.info\/news\/wp-json\/wp\/v2\/posts\/32532\/revisions\/32539"}],"wp:featuredmedia":[{"embeddable":true,"href":"https:\/\/www.lintelligentdabidjan.info\/news\/wp-json\/wp\/v2\/media\/32534"}],"wp:attachment":[{"href":"https:\/\/www.lintelligentdabidjan.info\/news\/wp-json\/wp\/v2\/media?parent=32532"}],"wp:term":[{"taxonomy":"category","embeddable":true,"href":"https:\/\/www.lintelligentdabidjan.info\/news\/wp-json\/wp\/v2\/categories?post=32532"},{"taxonomy":"post_tag","embeddable":true,"href":"https:\/\/www.lintelligentdabidjan.info\/news\/wp-json\/wp\/v2\/tags?post=32532"}],"curies":[{"name":"wp","href":"https:\/\/api.w.org\/{rel}","templated":true}]}}