{"id":32540,"date":"2023-11-26T00:24:14","date_gmt":"2023-11-25T23:24:14","guid":{"rendered":"https:\/\/www.lintelligentdabidjan.info\/news\/?p=32540"},"modified":"2023-11-26T00:24:14","modified_gmt":"2023-11-25T23:24:14","slug":"jnp-2023-le-premier-ministre-robert-beugre-mambe-invite-les-populations-ivoiriennes-a-preserver-la-paix-en-cote-divoire","status":"publish","type":"post","link":"https:\/\/www.lintelligentdabidjan.info\/news\/jnp-2023-le-premier-ministre-robert-beugre-mambe-invite-les-populations-ivoiriennes-a-preserver-la-paix-en-cote-divoire\/","title":{"rendered":"JNP 2023 : le Premier Ministre Robert Beugr\u00e9 Mamb\u00e9 invite les populations ivoiriennes \u00e0 pr\u00e9server la paix en C\u00f4te d&#8217;Ivoire"},"content":{"rendered":"<p><em><strong>Abidjan, le 25 novembre 2023 &#8211; Le Premier Ministre, Robert Beugr\u00e9 Mamb\u00e9, a invit\u00e9 les populations ivoiriennes, ce samedi 25 novembre 2023 \u00e0 Abidjan-Plateau, \u00e0 pr\u00e9server la paix, la plus grande richesse de la C\u00f4te d&#8217;Ivoire. Il s&#8217;exprimait \u00e0 l&#8217;occasion de la c\u00e9l\u00e9bration de la 27e \u00e9dition de la Journ\u00e9e nationale de la Paix (JNP 2023) plac\u00e9e sous le th\u00e8me &#8220;Laissons derri\u00e8re nous le pass\u00e9 pour construire avec la jeunesse une paix durable dans la diversit\u00e9&#8221;. C&#8217;\u00e9tait en pr\u00e9sence de Sa majest\u00e9 Nanan D\u00e9sir\u00e9 Amon Tano\u00e9, pr\u00e9sident du directoire de la Chambre des rois et chefs traditionnels, et des membres du Gouvernement dont la ministre de la Coh\u00e9sion nationale, de la Solidarit\u00e9 et de la Lutte contre la pauvret\u00e9, Myss Belmonde Dogo.<\/strong><\/em><\/p>\n<p>\u00ab Les multiples crises \u00e0 travers le monde nous interpellent et nous enseignent que la plus grande richesse de la C\u00f4te d&#8217;Ivoire aujourd&#8217;hui c&#8217;est la paix \u00bb, a d\u00e9clar\u00e9 le Premier Ministre, invitant les populations ivoiriennes au pardon et \u00e0 la pr\u00e9servation de la paix.<\/p>\n<p>Pour Robert Beugr\u00e9 Mamb\u00e9, \u00ab la paix est la somme de l&#8217;humilit\u00e9, de la tol\u00e9rance et de l&#8217;appropriation de toutes les vertus qui nous rapprochent de nos fr\u00e8res et nos s\u0153urs \u00bb.<\/p>\n<p>Selon lui, quatre ann\u00e9es marquent d&#8217;une &#8220;pierre blanche&#8221; la c\u00e9l\u00e9bration de la paix en C\u00f4te d&#8217;Ivoire. Il s&#8217;agit des ann\u00e9es 1973 (Cr\u00e9ation de la Fondation pour la paix \u00e0 Yamoussoukro), 1996 (Institution par la C\u00f4te d&#8217;Ivoire de la JNP), 1997 (La Fondation pour la paix renomm\u00e9e Fondation F\u00e9lix Houphou\u00ebt-Boigny pour la recherche de la paix).<\/p>\n<p>La quatri\u00e8me ann\u00e9e, l&#8217;ann\u00e9e 2011, a-t-il expliqu\u00e9, acc\u00e8de au pouvoir Alassane Ouattara, un grand disciple du premier Pr\u00e9sident ivoirien. \u00ab Tout comme F\u00e9lix Houphou\u00ebt-Boigny, le Pr\u00e9sident Alassane Ouattara pense la paix, agit pour la paix et dans la paix, et recherche r\u00e9solument dans tous les actes de sa vie la paix \u00bb, a-t-il dit.<\/p>\n<p>Le Chef du Gouvernement a encourag\u00e9 et f\u00e9licit\u00e9 la ministre Belmonde Dogo pour avoir associ\u00e9 la jeunesse ivoirienne \u00e0 l&#8217;\u00e9dition 2023 de la JNP. \u00ab Il faut pr\u00e9server la jeunesse de tous les fl\u00e9aux qui d\u00e9rangent le monde \u00bb,  a-t-il soulign\u00e9.<\/p>\n<p>Pour la ministre en charge de la Coh\u00e9sion nationale, le th\u00e8me de cette \u00e9dition est une exhortation aux hommes politiques en particulier et aux populations de fa\u00e7on g\u00e9n\u00e9rale \u00e0 poursuivre cette nouvelle dynamique collective en faveur de la paix. Elle a invit\u00e9 l\u2019ensemble des Ivoiriens \u00e0 \u0153uvrer \u00e0 offrir un futur prometteur aux jeunes qui repr\u00e9sentent pr\u00e8s de 76% de notre population.<\/p>\n<p>Belmonde Dogo a saisi l\u2019occasion pour faire un bilan des efforts de consolidation de la paix. Non sans saluer les importantes actions men\u00e9es par le Gouvernement.<\/p>\n<p><strong>Source : CICG<\/strong><\/p>\n","protected":false},"excerpt":{"rendered":"<p>Abidjan, le 25 novembre 2023 &#8211; Le Premier Ministre, Robert Beugr\u00e9 Mamb\u00e9, a invit\u00e9 les populations ivoiriennes, ce samedi 25 novembre 2023 \u00e0 Abidjan-Plateau, \u00e0 pr\u00e9server la paix, la plus grande richesse de la C\u00f4te d&#8217;Ivoire. Il s&#8217;exprimait \u00e0 l&#8217;occasion de la c\u00e9l\u00e9bration de la 27e \u00e9dition de la Journ\u00e9e nationale de la Paix (JNP [&hellip;]<\/p>\n","protected":false},"author":3,"featured_media":32541,"comment_status":"closed","ping_status":"closed","sticky":false,"template":"","format":"standard","meta":{"_monsterinsights_skip_tracking":false,"_monsterinsights_sitenote_active":false,"_monsterinsights_sitenote_note":"","_monsterinsights_sitenote_category":0,"footnotes":""},"categories":[2,17],"tags":[77,2813,2812,655,1512],"class_list":["post-32540","post","type-post","status-publish","format-standard","has-post-thumbnail","hentry","category-featured","category-politique","tag-cote-divoire","tag-ivoiriennes","tag-jn-robert-beugre-mambe","tag-paix","tag-populations"],"_links":{"self":[{"href":"https:\/\/www.lintelligentdabidjan.info\/news\/wp-json\/wp\/v2\/posts\/32540","targetHints":{"allow":["GET"]}}],"collection":[{"href":"https:\/\/www.lintelligentdabidjan.info\/news\/wp-json\/wp\/v2\/posts"}],"about":[{"href":"https:\/\/www.lintelligentdabidjan.info\/news\/wp-json\/wp\/v2\/types\/post"}],"author":[{"embeddable":true,"href":"https:\/\/www.lintelligentdabidjan.info\/news\/wp-json\/wp\/v2\/users\/3"}],"replies":[{"embeddable":true,"href":"https:\/\/www.lintelligentdabidjan.info\/news\/wp-json\/wp\/v2\/comments?post=32540"}],"version-history":[{"count":1,"href":"https:\/\/www.lintelligentdabidjan.info\/news\/wp-json\/wp\/v2\/posts\/32540\/revisions"}],"predecessor-version":[{"id":32542,"href":"https:\/\/www.lintelligentdabidjan.info\/news\/wp-json\/wp\/v2\/posts\/32540\/revisions\/32542"}],"wp:featuredmedia":[{"embeddable":true,"href":"https:\/\/www.lintelligentdabidjan.info\/news\/wp-json\/wp\/v2\/media\/32541"}],"wp:attachment":[{"href":"https:\/\/www.lintelligentdabidjan.info\/news\/wp-json\/wp\/v2\/media?parent=32540"}],"wp:term":[{"taxonomy":"category","embeddable":true,"href":"https:\/\/www.lintelligentdabidjan.info\/news\/wp-json\/wp\/v2\/categories?post=32540"},{"taxonomy":"post_tag","embeddable":true,"href":"https:\/\/www.lintelligentdabidjan.info\/news\/wp-json\/wp\/v2\/tags?post=32540"}],"curies":[{"name":"wp","href":"https:\/\/api.w.org\/{rel}","templated":true}]}}