{"id":32595,"date":"2023-12-01T00:03:16","date_gmt":"2023-11-30T23:03:16","guid":{"rendered":"https:\/\/www.lintelligentdabidjan.info\/news\/?p=32595"},"modified":"2023-12-01T00:03:16","modified_gmt":"2023-11-30T23:03:16","slug":"en-cote-divoire-linfinie-lutte-contre-les-violences-faites-aux-femmes","status":"publish","type":"post","link":"https:\/\/www.lintelligentdabidjan.info\/news\/en-cote-divoire-linfinie-lutte-contre-les-violences-faites-aux-femmes\/","title":{"rendered":"En C\u00f4te d\u2019Ivoire, l\u2019infinie lutte contre les violences faites aux femmes !"},"content":{"rendered":"<p><em><strong>Du 25 novembre au 10 d\u00e9cembre, 16 jours d\u2019activisme sont consacr\u00e9s \u00e0 la lutte contre les violences faites aux femmes et aux filles en C\u00f4te d\u2019Ivoire. O\u00f9 en est la bataille dans le pays ?<\/strong><\/em><\/p>\n<p>Le 25 novembre valorise la lutte contre la violence \u00e0 l\u2019\u00e9gard des femmes. Depuis 2008, cette journ\u00e9e est suivie d\u2019une campagne de 16 jours chaque ann\u00e9e. Cette fois-ci, le th\u00e8me est \u00ab investir pour pr\u00e9venir \u00bb. Ce choix fait suite au constat alarmant de l\u2019ONU : un cruel manque de financement dans le monde, malgr\u00e9 une recrudescence des violences.<br \/>\nSelon une \u00e9tude du R\u00e9seau des femmes \u00e9lues locales d\u2019Afrique, 40 % des femmes en Afrique de l\u2019Ouest et 65 % en Afrique Centrale seraient victimes de violence. L\u2019ann\u00e9e pass\u00e9e en C\u00f4te d\u2019Ivoire, le syst\u00e8me de collecte national totalise presque 8 000 exactions contre environ 5 400 en 2020. Selon une enqu\u00eate de sant\u00e9 de 2021, 26 % des femmes de 15 \u00e0 49 ans en ont subi.<\/p>\n<p>\u00c0 l\u2019occasion de cette 33e \u00e9dition de la campagne, la ministre de la Femme appelle \u00e0 une tol\u00e9rance z\u00e9ro contre le ph\u00e9nom\u00e8ne. Si le pays est engag\u00e9 dans la lutte depuis 2014, les mesures prises sont loin d\u2019\u00eatre suffisantes. Pour l\u2019heure, le Conseil National des Droits de l\u2019Homme pr\u00e9conise : \u00ab un renforcement de la prise en charge des survivantes, une dotation de ressources suppl\u00e9mentaires aux bureaux d\u2019\u00e9coute et plateformes de lutte, une installation de centre d\u2019accueil des victimes sur l\u2019ensemble du territoire ivoirien \u00bb.<\/p>\n<p><strong>Aupr\u00e8s des ONG, des initiatives fleurissent<\/strong><\/p>\n<p>Malgr\u00e9 le manque de moyen g\u00e9n\u00e9ral, le monde civil s\u2019active localement ! En exemples, le 23 novembre, le Majestic Ivoire \u00e0 Cocody a accueilli la premi\u00e8re \u00e9dition du Mino film festival sous le th\u00e8me \u00ab Brisons le silence \u00bb. L\u2019\u00e9v\u00e8nement s\u2019est ouvert sur la projection de Mino, r\u00e9alis\u00e9 par Prudence Ma\u00efdou. Ce court-m\u00e9trage raconte l\u2019histoire d\u2019une petite fille \u00e9blouie par la beaut\u00e9 appr\u00eat\u00e9e de sa m\u00e8re. Un jour, l\u2019enfant d\u00e9couvre les bleus sous le maquillage et va prendre sa d\u00e9fense. \u00ab \u00c9tant petite, je vivais dans une grande famille o\u00f9 ces actes se produisaient r\u00e9guli\u00e8rement. J\u2019ai eu envie d\u2019interpeller les parents sur le fait que les enfants sont aussi des victimes. \u00bb Soutient la r\u00e9alisatrice.<\/p>\n<p>\u00c0 Abidjan, l\u2019ONG Yelenba Women in Action organise un concours de po\u00e9sie et de slam sur plusieurs jours, ouvert aux lyc\u00e9ens. Les trois finalistes pr\u00e9senteront leurs cr\u00e9ations le samedi 9 d\u00e9cembre. Le but est de d\u00e9noncer les Violences Bas\u00e9es sur le Genre (VBG), tout en faisant r\u00e9fl\u00e9chir les plus jeunes aux cons\u00e9quences de celles-ci.<\/p>\n<p><strong>Des cons\u00e9quences plus graves que pr\u00e9vues<\/strong><\/p>\n<p>Outre les cons\u00e9quences \u00e0 long terme sur la vie et la sant\u00e9 des victimes, ces violences impactent \u00e9galement l\u2019environnement dans lequel elles s\u2019enracinent. D\u2019apr\u00e8s le directeur r\u00e9gional de l\u2019ONU Femmes en Afrique de l\u2019Ouest : \u00ab Cela constitue un r\u00e9el frein au d\u00e9veloppement national. Nous en appelons aux gouvernements et \u00e0 toutes les bonnes volont\u00e9s d\u2019investir davantage dans les programmes d\u2019autonomisation de la femme, pour financer et accompagner les organisations afin d\u2019y mettre fin. \u00bb<\/p>\n<p>Selon la banque mondiale, l\u2019impact \u00e9conomique de la perte de productivit\u00e9 li\u00e9e aux violences sexistes peut atteindre 4% du PIB de certains pays.<\/p>\n<p><strong>Constantine<\/strong><\/p>\n","protected":false},"excerpt":{"rendered":"<p>Du 25 novembre au 10 d\u00e9cembre, 16 jours d\u2019activisme sont consacr\u00e9s \u00e0 la lutte contre les violences faites aux femmes et aux filles en C\u00f4te d\u2019Ivoire. O\u00f9 en est la bataille dans le pays ? Le 25 novembre valorise la lutte contre la violence \u00e0 l\u2019\u00e9gard des femmes. Depuis 2008, cette journ\u00e9e est suivie d\u2019une [&hellip;]<\/p>\n","protected":false},"author":3,"featured_media":32596,"comment_status":"closed","ping_status":"closed","sticky":false,"template":"","format":"standard","meta":{"_monsterinsights_skip_tracking":false,"_monsterinsights_sitenote_active":false,"_monsterinsights_sitenote_note":"","_monsterinsights_sitenote_category":0,"footnotes":""},"categories":[2,3],"tags":[77,548,2840,545],"class_list":["post-32595","post","type-post","status-publish","format-standard","has-post-thumbnail","hentry","category-featured","category-societe","tag-cote-divoire","tag-femmes","tag-infinie-lutte","tag-violences"],"_links":{"self":[{"href":"https:\/\/www.lintelligentdabidjan.info\/news\/wp-json\/wp\/v2\/posts\/32595","targetHints":{"allow":["GET"]}}],"collection":[{"href":"https:\/\/www.lintelligentdabidjan.info\/news\/wp-json\/wp\/v2\/posts"}],"about":[{"href":"https:\/\/www.lintelligentdabidjan.info\/news\/wp-json\/wp\/v2\/types\/post"}],"author":[{"embeddable":true,"href":"https:\/\/www.lintelligentdabidjan.info\/news\/wp-json\/wp\/v2\/users\/3"}],"replies":[{"embeddable":true,"href":"https:\/\/www.lintelligentdabidjan.info\/news\/wp-json\/wp\/v2\/comments?post=32595"}],"version-history":[{"count":1,"href":"https:\/\/www.lintelligentdabidjan.info\/news\/wp-json\/wp\/v2\/posts\/32595\/revisions"}],"predecessor-version":[{"id":32597,"href":"https:\/\/www.lintelligentdabidjan.info\/news\/wp-json\/wp\/v2\/posts\/32595\/revisions\/32597"}],"wp:featuredmedia":[{"embeddable":true,"href":"https:\/\/www.lintelligentdabidjan.info\/news\/wp-json\/wp\/v2\/media\/32596"}],"wp:attachment":[{"href":"https:\/\/www.lintelligentdabidjan.info\/news\/wp-json\/wp\/v2\/media?parent=32595"}],"wp:term":[{"taxonomy":"category","embeddable":true,"href":"https:\/\/www.lintelligentdabidjan.info\/news\/wp-json\/wp\/v2\/categories?post=32595"},{"taxonomy":"post_tag","embeddable":true,"href":"https:\/\/www.lintelligentdabidjan.info\/news\/wp-json\/wp\/v2\/tags?post=32595"}],"curies":[{"name":"wp","href":"https:\/\/api.w.org\/{rel}","templated":true}]}}