{"id":32618,"date":"2023-12-04T04:21:28","date_gmt":"2023-12-04T03:21:28","guid":{"rendered":"https:\/\/www.lintelligentdabidjan.info\/news\/?p=32618"},"modified":"2023-12-04T04:51:33","modified_gmt":"2023-12-04T03:51:33","slug":"an-30-du-deces-de-fhb-hommage-du-monde-agricole-ce-que-jean-noel-loucou-et-joseph-kobi-ont-dit-dhouphouet-boigny-le-paysan","status":"publish","type":"post","link":"https:\/\/www.lintelligentdabidjan.info\/news\/an-30-du-deces-de-fhb-hommage-du-monde-agricole-ce-que-jean-noel-loucou-et-joseph-kobi-ont-dit-dhouphouet-boigny-le-paysan\/","title":{"rendered":"An 30 du d\u00e9c\u00e8s de FHB-Hommage du monde agricole-Ce que Jean No\u00ebl Loucou et Joseph kobi ont dit\u00a0 d\u2019Houphou\u00ebt-Boigny,\u00a0 le paysan\u00a0"},"content":{"rendered":"<p><em><strong>Dans le cadre des festivit\u00e9s marquant le trenti\u00e8me anniversaire de la disparition du premier pr\u00e9sident de la C\u00f4te d\u2019Ivoire, F\u00e9lix Houphou\u00ebt-Boigny, la fondation qui porte son nom, a abrit\u00e9, le samedi 2 d\u00e9cembre 2023, une c\u00e9r\u00e9monie d\u2019hommage du monde agricole \u00e0 F\u00e9lix Houphou\u00ebt-Boigny.<\/strong><\/em><\/p>\n<p> Jean No\u00ebl Loucou, secr\u00e9taire g\u00e9n\u00e9ral de la fondation FHB pour la recherche de la paix a, \u00e0 l\u2019occasion, dans son adresse d\u2019ouverture, relev\u00e9 l\u2019importance, la port\u00e9e symbolique et historique de cet hommage\u00a0 des paysans \u00e0 leur fr\u00e8re, le pr\u00e9sident, F\u00e9lix Houphou\u00ebt-Boigny.\u00a0 \u00ab Il s\u2019est toujours d\u00e9fini comme paysan, comme planteur avant tous ses autres titres de gloire, un planteur dont les plantations \u00e9taient son \u00e2me, une partie de lui-m\u00eame \u00bb, a-t-il t\u00e9moign\u00e9. Non sans \u00e9voquer l\u2019engagement ferme qu\u2019avait le pr\u00e9sident F\u00e9lix Houphou\u00ebt-Boigny pour la sauvegarde des int\u00e9r\u00eats et la dignit\u00e9 des paysans. \u00abEn 1932, il \u00e9tait m\u00e9decin africain et a d\u00fb quitter sa blouse de m\u00e9decin pour aller avec les paysans d\u2019Abengourou qui avaient fait gr\u00e8ve pour une plus juste r\u00e9mun\u00e9ration de leurs produits. Il avait m\u00eame envisag\u00e9 la cr\u00e9ation d\u2019un syndicat, sans succ\u00e8s. On le r\u00e9cidivera avec brio en 1944, avec la cr\u00e9ation du Syndicat Agricole Africain (SAA). ( \u2026)\u00a0 Il n\u2019avait de cesse d\u2019exalter\u00a0 \u00a0\u00ab\u00a0 ce pays de paysans, o\u00f9 l\u2019on parle peu pour pouvoir agir beaucoup\u00a0 \u00a0\u00bb, a rappel\u00e9 Jean No\u00ebl Loucou. C\u2019est pourquoi, il a salu\u00e9 et traduit sa gratitude aux\u00a0 syndicalistes et les fa\u00eeti\u00e8res du monde agricole de C\u00f4te d\u2019Ivoire\u00a0 pour cet hommage \u00e0 l\u2019un des leurs, le plus illustre assur\u00e9ment de la C\u00f4te d\u2019Ivoire. Dans la m\u00eame foul\u00e9e, pronon\u00e7ant une conf\u00e9rence publique sur \u00ab le Syndicat Agricole Africain \u00bb, Joseph Kobi, ma\u00eetre de conf\u00e9rences d\u2019histoire contemporaine \u00e0 l\u2019universit\u00e9 Alassane Ouattara de Bouak\u00e9\u00a0 a\u00a0 retrac\u00e9 dans son expos\u00e9\u00a0 \u00a0la vie syndicale d\u2019Houphou\u00ebt \u2013Boigny \u00e0 la r\u00eane politique qu&#8217;il\u00a0 a scind\u00e9 en trois axes. D\u2019abord,\u00a0 il a revisit\u00e9 un pan de la vie de F\u00e9lix Houphou\u00ebt-Boigny,\u00a0 \u00a0ensuite, les actes de la situation coloniale qui n\u2019ont pas fait reculer Houphou\u00ebt \u2013Boigny et ses compagnons dans la lutte anti-coloniale, et enfin, de l\u2019histoire du Syndicat Agricole Africain,\u00a0 devenue par la suite la branche syndicale du Pdci\u00a0 au-del\u00e0 de la lutte syndicale. \u00ab En effet, la C\u00f4te d\u2019Ivoire\u00a0 fut l\u2019objet d\u2019une exploitation abusive pendant la colonisation. (\u2026) et les animateurs du syndicat agricole africain ont \u00e9t\u00e9 tr\u00e8s d\u00e9terminants\u00a0 dans la lutte pour l\u2019am\u00e9lioration des conditions de vie et travail des paysans \u00e0 l\u2019\u00e9poque et\u00a0 m\u00eame dans la lutte politique. Les planteurs se sont rendu compte, par la suite, que s\u2019ils veulent que leurs d\u00e9cisions\u00a0 et leur\u00a0 volont\u00e9 soient prises en compte, il faut qu\u2019on intervienne dans la politique. Ils sont partis \u00e9tape par \u00e9tape \u00bb, a indiqu\u00e9, en somme,\u00a0 Joseph Kobi \u00e0 l\u2019assistance. Rappelons qu\u2019outre\u00a0 cet hommage des paysans, cette ann\u00e9e de comm\u00e9moration de l\u2019an 30 du d\u00e9c\u00e8s du p\u00e8re de la nation a \u00e9t\u00e9 marqu\u00e9e aussi par des activit\u00e9s scientifiques, culturelles et m\u00e9morielles. Ces festivit\u00e9s seront cl\u00f4tur\u00e9es le jeudi 7 d\u00e9cembre 2023, par une grande messe d\u2019action de gr\u00e2ce \u00e0 la basilique\u00a0 Notre-Dame de la paix.<\/p>\n<p><strong>\u00a0Harry Diallo \u00e0 Yamoussoukro\u00a0\u00a0<\/strong><\/p>\n","protected":false},"excerpt":{"rendered":"<p>Dans le cadre des festivit\u00e9s marquant le trenti\u00e8me anniversaire de la disparition du premier pr\u00e9sident de la C\u00f4te d\u2019Ivoire, F\u00e9lix Houphou\u00ebt-Boigny, la fondation qui porte son nom, a abrit\u00e9, le samedi 2 d\u00e9cembre 2023, une c\u00e9r\u00e9monie d\u2019hommage du monde agricole \u00e0 F\u00e9lix Houphou\u00ebt-Boigny. Jean No\u00ebl Loucou, secr\u00e9taire g\u00e9n\u00e9ral de la fondation FHB pour la recherche [&hellip;]<\/p>\n","protected":false},"author":3,"featured_media":32625,"comment_status":"closed","ping_status":"closed","sticky":false,"template":"","format":"standard","meta":{"_monsterinsights_skip_tracking":false,"_monsterinsights_sitenote_active":false,"_monsterinsights_sitenote_note":"","_monsterinsights_sitenote_category":0,"footnotes":""},"categories":[2,18,17],"tags":[2850,2849,715,2853,2851,2852,2432],"class_list":["post-32618","post","type-post","status-publish","format-standard","has-post-thumbnail","hentry","category-featured","category-economie","category-politique","tag-agricole","tag-an-30-du-deces-de-fhb","tag-hommage","tag-houphouet-boigny-paysan","tag-jean-noel-loucou","tag-joseph","tag-monde"],"_links":{"self":[{"href":"https:\/\/www.lintelligentdabidjan.info\/news\/wp-json\/wp\/v2\/posts\/32618","targetHints":{"allow":["GET"]}}],"collection":[{"href":"https:\/\/www.lintelligentdabidjan.info\/news\/wp-json\/wp\/v2\/posts"}],"about":[{"href":"https:\/\/www.lintelligentdabidjan.info\/news\/wp-json\/wp\/v2\/types\/post"}],"author":[{"embeddable":true,"href":"https:\/\/www.lintelligentdabidjan.info\/news\/wp-json\/wp\/v2\/users\/3"}],"replies":[{"embeddable":true,"href":"https:\/\/www.lintelligentdabidjan.info\/news\/wp-json\/wp\/v2\/comments?post=32618"}],"version-history":[{"count":1,"href":"https:\/\/www.lintelligentdabidjan.info\/news\/wp-json\/wp\/v2\/posts\/32618\/revisions"}],"predecessor-version":[{"id":32619,"href":"https:\/\/www.lintelligentdabidjan.info\/news\/wp-json\/wp\/v2\/posts\/32618\/revisions\/32619"}],"wp:featuredmedia":[{"embeddable":true,"href":"https:\/\/www.lintelligentdabidjan.info\/news\/wp-json\/wp\/v2\/media\/32625"}],"wp:attachment":[{"href":"https:\/\/www.lintelligentdabidjan.info\/news\/wp-json\/wp\/v2\/media?parent=32618"}],"wp:term":[{"taxonomy":"category","embeddable":true,"href":"https:\/\/www.lintelligentdabidjan.info\/news\/wp-json\/wp\/v2\/categories?post=32618"},{"taxonomy":"post_tag","embeddable":true,"href":"https:\/\/www.lintelligentdabidjan.info\/news\/wp-json\/wp\/v2\/tags?post=32618"}],"curies":[{"name":"wp","href":"https:\/\/api.w.org\/{rel}","templated":true}]}}