{"id":32629,"date":"2023-12-04T21:20:51","date_gmt":"2023-12-04T20:20:51","guid":{"rendered":"https:\/\/www.lintelligentdabidjan.info\/news\/?p=32629"},"modified":"2023-12-04T21:27:34","modified_gmt":"2023-12-04T20:27:34","slug":"au-burkina-faso-les-libertes-individuelles-a-la-derive","status":"publish","type":"post","link":"https:\/\/www.lintelligentdabidjan.info\/news\/au-burkina-faso-les-libertes-individuelles-a-la-derive\/","title":{"rendered":"Au Burkina-Faso, les libert\u00e9s individuelles \u00e0 la d\u00e9rive !"},"content":{"rendered":"<p><strong>Depuis plusieurs mois, la CGT burkinab\u00e8 et d\u2019autres associations d\u00e9noncent des restrictions liberticides dans le pays<\/strong><\/p>\n<p>Le 31 octobre dernier, la Conf\u00e9d\u00e9ration G\u00e9n\u00e9rale des Travailleurs du Burkina (CGT-B) pr\u00e9voyait une manifestation \u00e0 Ouagadougou pour d\u00e9noncer un ensemble de restrictions de libert\u00e9s. Disparitions et enr\u00f4lements forc\u00e9s, enl\u00e8vements de citoyens et mesures de fermeture d\u2019organes de presse seraient survenus depuis le dernier coup d\u2019\u00c9tat. Cet \u00e9v\u00e8nement est finalement annul\u00e9 par la mairie \u00ab \u00e0 cause du contexte s\u00e9curitaire \u00bb.<\/p>\n<p>Pour la CGT-B, le respect des principes d\u00e9mocratiques est une condition sine qua non \u00e0 la victoire face au terrorisme. \u00ab Le peuple burkinab\u00e8 a pay\u00e9 assez cher pour conqu\u00e9rir les libert\u00e9s d\u00e9mocratiques et syndicales, et nous ne voudrions pas accepter que quelqu&#8217;un les balaie d&#8217;un revers de la main \u00bb, affirme le porte-parole du collectif.<\/p>\n<p><strong>Des r\u00e9quisitions cibl\u00e9es d\u00e9nonc\u00e9es<\/strong><\/p>\n<p>Quelques mois plus t\u00f4t, l\u2019Unit\u00e9 d\u2019Action Syndicale (UAS), d\u00e9plorait d\u00e9j\u00e0 une \u00ab d\u00e9rive autoritaire \u00bb. L\u2019UAS, Human Right Watch (HRW) et bien d\u2019autres d\u00e9noncent un recrutement abusif des Volontaires pour la D\u00e9fense de la Patrie (VDP).<\/p>\n<p>Activistes de droit humain et journalistes critiques envers le pouvoir semblent \u00eatre cibl\u00e9s. Parmi ceux-ci, les membres de Balai Citoyen, le Dr Douada Diallo, laur\u00e9at du prix Martin Ennals 2022, le pr\u00e9sident de l\u2019Organisation D\u00e9mocratique de la Jeunesse, l\u2019ancien ministre des Affaires \u00c9trang\u00e8res et notamment les organisateurs du meeting interdit en octobre dernier.<\/p>\n<p>\u00ab De par leur nombre et de par l\u2019identit\u00e9 des personnes concern\u00e9es, [ces r\u00e9quisitions] finissent d\u2019achever de convaincre les plus sceptiques sur les motivations r\u00e9elles de leurs initiateurs. \u00bb Estime le Mouvement Burkinab\u00e9 des Droits de l\u2019Homme et des Peuples (MBDHP).<\/p>\n<p>D\u00e9but novembre, HRW a collect\u00e9 des t\u00e9moignages. La crainte r\u00e8gne parmi les critiques des autorit\u00e9s. Certains renoncent m\u00eame \u00e0 faire entendre leurs voix : \u00ab Un d\u00e9fenseur des droits humains n\u2019est utile aux autres que s\u2019il est vivant et libre. \u00bb Se r\u00e9signe un activiste de la r\u00e9gion du Nord. \u00ab Je dois continuer \u00e0 servir ma communaut\u00e9, et je ne peux pas le faire si je suis envoy\u00e9 au front. \u00bb<\/p>\n<p>La coalition de syndicats exige l\u2019annulation totale de ces recrutements.<\/p>\n<p><strong>Du point de vue du droit<\/strong><\/p>\n<p>Ce lundi 20 novembre, la justice a rejet\u00e9 les demandes de suspension des douze r\u00e9quisitions de citoyens, dont celle de l\u2019ancien ministre Ablass\u00e9 Ouedraogo, aujourd\u2019hui \u00e2g\u00e9 de 70 ans. La juge des r\u00e9f\u00e9r\u00e9s affirme manquer de pouvoir au sujet des questions de s\u00e9curisation du pays.<\/p>\n<p>Si d\u2019apr\u00e8s le tribunal administratif de Ouagadougou ces conscriptions sont l\u00e9gales, elles ne semblent pas en ad\u00e9quation avec le droit africain d\u2019apr\u00e8s HRW : le Pacte international relatif aux droits civils et politiques stipule que certains droits peuvent \u00eatre restreints en \u00e9tat d\u2019urgence, \u00e0 condition qu\u2019ils soient adapt\u00e9s \u00ab dans la stricte mesure o\u00f9 la situation l\u2019exige \u00bb.<\/p>\n<p>Aussi, en vertu de la Charte africaine des droits de l\u2019Homme et des peuples, aucune d\u00e9rogation aux droits garantis par ladite charte n\u2019est autoris\u00e9e en p\u00e9riode d\u2019urgence.<\/p>\n<p>Pour Ilaria Allegrozzi, chercheuse senior sur le Sahel au HRW : \u00ab En ciblant ces individus, la conscription mise en place au Burkina Faso viole les libert\u00e9s humaines fondamentales. \u00bb<\/p>\n<p><strong>Constantine<\/strong> <\/p>\n","protected":false},"excerpt":{"rendered":"<p>Depuis plusieurs mois, la CGT burkinab\u00e8 et d\u2019autres associations d\u00e9noncent des restrictions liberticides dans le pays Le 31 octobre dernier, la Conf\u00e9d\u00e9ration G\u00e9n\u00e9rale des Travailleurs du Burkina (CGT-B) pr\u00e9voyait une manifestation \u00e0 Ouagadougou pour d\u00e9noncer un ensemble de restrictions de libert\u00e9s. Disparitions et enr\u00f4lements forc\u00e9s, enl\u00e8vements de citoyens et mesures de fermeture d\u2019organes de presse [&hellip;]<\/p>\n","protected":false},"author":3,"featured_media":32631,"comment_status":"closed","ping_status":"closed","sticky":false,"template":"","format":"standard","meta":{"_monsterinsights_skip_tracking":false,"_monsterinsights_sitenote_active":false,"_monsterinsights_sitenote_note":"","_monsterinsights_sitenote_category":0,"footnotes":""},"categories":[2,1,17],"tags":[82,2859,2858,2857],"class_list":["post-32629","post","type-post","status-publish","format-standard","has-post-thumbnail","hentry","category-featured","category-actualites","category-politique","tag-burkina-faso","tag-derive","tag-individuelles","tag-libertes"],"_links":{"self":[{"href":"https:\/\/www.lintelligentdabidjan.info\/news\/wp-json\/wp\/v2\/posts\/32629","targetHints":{"allow":["GET"]}}],"collection":[{"href":"https:\/\/www.lintelligentdabidjan.info\/news\/wp-json\/wp\/v2\/posts"}],"about":[{"href":"https:\/\/www.lintelligentdabidjan.info\/news\/wp-json\/wp\/v2\/types\/post"}],"author":[{"embeddable":true,"href":"https:\/\/www.lintelligentdabidjan.info\/news\/wp-json\/wp\/v2\/users\/3"}],"replies":[{"embeddable":true,"href":"https:\/\/www.lintelligentdabidjan.info\/news\/wp-json\/wp\/v2\/comments?post=32629"}],"version-history":[{"count":1,"href":"https:\/\/www.lintelligentdabidjan.info\/news\/wp-json\/wp\/v2\/posts\/32629\/revisions"}],"predecessor-version":[{"id":32630,"href":"https:\/\/www.lintelligentdabidjan.info\/news\/wp-json\/wp\/v2\/posts\/32629\/revisions\/32630"}],"wp:featuredmedia":[{"embeddable":true,"href":"https:\/\/www.lintelligentdabidjan.info\/news\/wp-json\/wp\/v2\/media\/32631"}],"wp:attachment":[{"href":"https:\/\/www.lintelligentdabidjan.info\/news\/wp-json\/wp\/v2\/media?parent=32629"}],"wp:term":[{"taxonomy":"category","embeddable":true,"href":"https:\/\/www.lintelligentdabidjan.info\/news\/wp-json\/wp\/v2\/categories?post=32629"},{"taxonomy":"post_tag","embeddable":true,"href":"https:\/\/www.lintelligentdabidjan.info\/news\/wp-json\/wp\/v2\/tags?post=32629"}],"curies":[{"name":"wp","href":"https:\/\/api.w.org\/{rel}","templated":true}]}}