{"id":32643,"date":"2023-12-05T02:18:58","date_gmt":"2023-12-05T01:18:58","guid":{"rendered":"https:\/\/www.lintelligentdabidjan.info\/news\/?p=32643"},"modified":"2023-12-05T02:18:58","modified_gmt":"2023-12-05T01:18:58","slug":"candidat-a-la-presidence-du-pdci-rda-ce-que-tidjane-thiam-a-dit-a-aboude-dadie-agboville","status":"publish","type":"post","link":"https:\/\/www.lintelligentdabidjan.info\/news\/candidat-a-la-presidence-du-pdci-rda-ce-que-tidjane-thiam-a-dit-a-aboude-dadie-agboville\/","title":{"rendered":"Candidat \u00e0 la pr\u00e9sidence du PDCI-RDA- Ce que Tidjane Thiam a dit \u00e0 &#8216;Aboud\u00e9-Dadi\u00e9 (Agboville)"},"content":{"rendered":"<p><em><strong>Tidjane Thiam \u00e9tait l&#8217;invit\u00e9 sp\u00e9cial des femmes secr\u00e9taires g\u00e9n\u00e9rales (SG) de section du PDCI-RDA \u00e0 Aboud\u00e9-Dadi\u00e9 .\u00a0<\/strong><\/em><\/p>\n<p>Invit\u00e9 sp\u00e9cial du p\u00e8lerinage organis\u00e9 par les femmes secr\u00e9taires g\u00e9n\u00e9rales (SG) de section du PDCI-RDA \u00e0 Aboud\u00e9-Dadi\u00e9, situ\u00e9 \u00e0 plus d&#8217;une trentaine de kilom\u00e8tres d&#8217;Agboville, le dimanche 3 d\u00e9cembre\u00a0 2023 , Tidjane Thiam a tout d&#8217;abord f\u00e9licit\u00e9 les femmes SG avant d&#8217;indiquer que cette initiative est l&#8217;expression de l&#8217;histoire du PDCI-RDA qui est en marche. Cette rencontre s&#8217;est faite sous le colatier qui a vu na\u00eetre en 1944 le syndicat agricole africain (SAA), l&#8217;anc\u00eatre du PDCI-RDA.\u00a0<\/p>\n<p>\u00ab Cette ville, symbole toujours vivant de la naissance du SAA en 1944 et point de d\u00e9part de la vie de notre parti et invit\u00e9 sp\u00e9cial de cette c\u00e9r\u00e9monie des dynamiques et valeureuses femmes de notre parti, est un honneur pour moi doubl\u00e9 d&#8217;une sensibilit\u00e9 profonde eu \u00e9gard au lieu de la c\u00e9r\u00e9monie \u00bb, a fait savoir Tidjane Thiam,\u00a0 candidat \u00e0 la succession\u00a0 de Feu Henri Konan B\u00e9di\u00e9. L&#8217;ancien ministre du Plan et du d\u00e9veloppement\u00a0 \u00a0se r\u00e9jouit de l&#8217;exceptionnelle mobilisation des femmes SG venues de toute la C\u00f4te d&#8217;Ivoire. \u00ab Cette mobilisation est la preuve de la vitalit\u00e9 de notre parti et nous donne une le\u00e7on de dignit\u00e9 et nous rappelle que dans l&#8217;histoire, les femmes, nos femmes ont toujours trac\u00e9 les premiers sillons du progr\u00e8s \u00bb, a-t-il ajout\u00e9.\u00a0<\/p>\n<p>Pour l&#8217;ancien patron du Cr\u00e9dit suisse, le campement Dadi\u00e9 lui rappelle le d\u00e9but de l&#8217;histoire pleine d&#8217;\u00e9motions et de courage du PDCI-RDA, de l&#8217;unicit\u00e9 de voix et d&#8217;actions dont ont fait preuve le pr\u00e9sident F\u00e9lix Houphou\u00ebt Boigny et ses compagnons. \u00ab Aussi je note que les femmes montrent le chemin pour tracer les sillons de l&#8217;espoir. L&#8217;histoire est en marche. \u00bb, a martel\u00e9 l&#8217;h\u00f4te de F\u00e9lix Dadi\u00e9, fils de Gabriel Dadi\u00e9.\u00a0<\/p>\n<p>Quant \u00e0 Dr Sylvestre Emmou, d\u00e9put\u00e9-maire d&#8217;Abidjan Port-Bou\u00ebt et parrain de ladite c\u00e9r\u00e9monie, il a fait un rappel historique de la marche du PDCI-RDA depuis la cr\u00e9ation du SAA jusqu&#8217;\u00e0 sa cr\u00e9ation le 9 avril 1946 \u00e0 Treichville, \u00e0 Abidjan. \u00ab Le PDCI-RDA est un parti conqu\u00e9rant qui a toujours lutt\u00e9 pour des meilleures conditions de vie et de travail, pour l&#8217;abolition de l&#8217;esclavage, pour les libert\u00e9s syndicales&#8230;pour l&#8217;ind\u00e9pendance. Et les femmes \u00e0 l&#8217;image des Marie Kor\u00e9, Anne Marie Raggi et autres ont toujours \u00e9t\u00e9 en premi\u00e8re ligne. En venant, ici, ce matin, vous rappelez que notre parti n&#8217;est pas fond\u00e9 pour \u00eatre un auxiliaire politique mais pour diriger. \u00bb, a dit Dr Emmou Sylvestre, parrain et directeur de campagne du candidat Tidjane Thiam \u00e0 la pr\u00e9sidence du PDCI-RDA. Ouvrant les allocutions, Yavo Fran\u00e7ois, d\u00e9l\u00e9gu\u00e9 communal d&#8217;Agboville et coordonnateur r\u00e9gional des d\u00e9l\u00e9gu\u00e9s du PDCI-RDA de l&#8217;Agn\u00e9by-Tiassa, a laiss\u00e9 \u00e9clater le sentiment qui anime le militant du PDCI-RDA. \u00ab Nous sommes fatigu\u00e9s de demeurer 25 ans dans l&#8217;opposition. Congressistes, je vous exhorte \u00e0 voir au-del\u00e0 de la pr\u00e9sidence du parti. Car, c&#8217;est un tremplin pour la reconqu\u00eate du pouvoir d&#8217;\u00c9tat par Tidjane Thiam, notre champion. \u00bb, a lanc\u00e9 Yavo Fran\u00e7ois, par ailleurs pr\u00e9sident du comit\u00e9 d&#8217;organisation de cette c\u00e9r\u00e9monie.\u00a0<\/p>\n<p><strong>Ahou Moay\u00e9 \u00e0 Agboville\u00a0<\/strong><\/p>\n<p>\u00a0<\/p>\n<p>\u00a0<\/p>\n","protected":false},"excerpt":{"rendered":"<p>Tidjane Thiam \u00e9tait l&#8217;invit\u00e9 sp\u00e9cial des femmes secr\u00e9taires g\u00e9n\u00e9rales (SG) de section du PDCI-RDA \u00e0 Aboud\u00e9-Dadi\u00e9 .\u00a0 Invit\u00e9 sp\u00e9cial du p\u00e8lerinage organis\u00e9 par les femmes secr\u00e9taires g\u00e9n\u00e9rales (SG) de section du PDCI-RDA \u00e0 Aboud\u00e9-Dadi\u00e9, situ\u00e9 \u00e0 plus d&#8217;une trentaine de kilom\u00e8tres d&#8217;Agboville, le dimanche 3 d\u00e9cembre\u00a0 2023 , Tidjane Thiam a tout d&#8217;abord f\u00e9licit\u00e9 les [&hellip;]<\/p>\n","protected":false},"author":3,"featured_media":32644,"comment_status":"closed","ping_status":"closed","sticky":false,"template":"","format":"standard","meta":{"_monsterinsights_skip_tracking":false,"_monsterinsights_sitenote_active":false,"_monsterinsights_sitenote_note":"","_monsterinsights_sitenote_category":0,"footnotes":""},"categories":[2,17],"tags":[2864,255,2178,2865,427,2863,2522],"class_list":["post-32643","post","type-post","status-publish","format-standard","has-post-thumbnail","hentry","category-featured","category-politique","tag-aboude","tag-agboville","tag-candidat","tag-dadie","tag-pdci-rda","tag-presidence","tag-tidjane-thiam"],"_links":{"self":[{"href":"https:\/\/www.lintelligentdabidjan.info\/news\/wp-json\/wp\/v2\/posts\/32643","targetHints":{"allow":["GET"]}}],"collection":[{"href":"https:\/\/www.lintelligentdabidjan.info\/news\/wp-json\/wp\/v2\/posts"}],"about":[{"href":"https:\/\/www.lintelligentdabidjan.info\/news\/wp-json\/wp\/v2\/types\/post"}],"author":[{"embeddable":true,"href":"https:\/\/www.lintelligentdabidjan.info\/news\/wp-json\/wp\/v2\/users\/3"}],"replies":[{"embeddable":true,"href":"https:\/\/www.lintelligentdabidjan.info\/news\/wp-json\/wp\/v2\/comments?post=32643"}],"version-history":[{"count":1,"href":"https:\/\/www.lintelligentdabidjan.info\/news\/wp-json\/wp\/v2\/posts\/32643\/revisions"}],"predecessor-version":[{"id":32645,"href":"https:\/\/www.lintelligentdabidjan.info\/news\/wp-json\/wp\/v2\/posts\/32643\/revisions\/32645"}],"wp:featuredmedia":[{"embeddable":true,"href":"https:\/\/www.lintelligentdabidjan.info\/news\/wp-json\/wp\/v2\/media\/32644"}],"wp:attachment":[{"href":"https:\/\/www.lintelligentdabidjan.info\/news\/wp-json\/wp\/v2\/media?parent=32643"}],"wp:term":[{"taxonomy":"category","embeddable":true,"href":"https:\/\/www.lintelligentdabidjan.info\/news\/wp-json\/wp\/v2\/categories?post=32643"},{"taxonomy":"post_tag","embeddable":true,"href":"https:\/\/www.lintelligentdabidjan.info\/news\/wp-json\/wp\/v2\/tags?post=32643"}],"curies":[{"name":"wp","href":"https:\/\/api.w.org\/{rel}","templated":true}]}}