{"id":32675,"date":"2023-12-07T02:58:30","date_gmt":"2023-12-07T01:58:30","guid":{"rendered":"https:\/\/www.lintelligentdabidjan.info\/news\/?p=32675"},"modified":"2023-12-07T02:58:30","modified_gmt":"2023-12-07T01:58:30","slug":"election-du-president-de-lunion-des-jeunes-du-rhdp-kone-mamadou-candidat-faire-des-8-millions-de-jeunes-ivoiriens-ages-entre-16-et-35-ans-une-force-unie-et-determinee","status":"publish","type":"post","link":"https:\/\/www.lintelligentdabidjan.info\/news\/election-du-president-de-lunion-des-jeunes-du-rhdp-kone-mamadou-candidat-faire-des-8-millions-de-jeunes-ivoiriens-ages-entre-16-et-35-ans-une-force-unie-et-determinee\/","title":{"rendered":"Election du pr\u00e9sident de l&#8217;Union des jeunes du RHDP -Kon\u00e9 Mamadou ( candidat): &#8220;Faire des 8 millions de jeunes ivoiriens, \u00e2g\u00e9s entre 16 et 35 ans, une force unie et d\u00e9termin\u00e9e&#8221;"},"content":{"rendered":"<p><em><strong>Kon\u00e9 Mamadou, actuel pr\u00e9sident du Mouvement des \u00c9l\u00e8ves et \u00c9tudiants R\u00e9publicains de C\u00f4te d&#8217;Ivoire (MEERCI) est candidat \u00e0 l&#8217;\u00e9lection des jeunes du RHDP pr\u00e9vue le 09 d\u00e9cembre 2023 au parc d&#8217;exposition \u00e0 Port-Bou\u00ebt. Dans cette interview accord\u00e9e \u00e0 l&#8217;intelligent d&#8217;Abidjan, il partage sa vision et ses motivations profondes pour cette nouvelle \u00e9tape.<\/strong><\/em><\/p>\n<p><strong>Qu&#8217;est-ce qui vous motive \u00e0 briguer la pr\u00e9sidence de l&#8217;Union des jeunes du RHDP ?<\/strong><\/p>\n<p>\u00ab Je suis inspir\u00e9 par la vision \u00e9clair\u00e9e et inspirante du Pr\u00e9sident Alassane Ouattara, dont le leadership et la vision pour le progr\u00e8s et le d\u00e9veloppement de la C\u00f4te d&#8217;Ivoire guident chaque pas que je fais pour construire une jeunesse solidaire, ambitieuse et dynamique au sein du RHDP. \u00bb<\/p>\n<p><strong>Quels sont les piliers de votre projet pour la jeunesse du RHDP ?<\/strong><\/p>\n<p>\u00ab Mon projet repose sur quatre piliers forts ancr\u00e9s dans la vision et les valeurs du Pr\u00e9sident Alassane Ouattara : redynamiser nos structures, former une jeunesse pr\u00e9par\u00e9e et engag\u00e9e, communiquer avec audace sur nos r\u00e9alisations, et enfin, ins\u00e9rer professionnellement et socialement cette jeunesse d\u00e9termin\u00e9e. \u00bb<\/p>\n<p><strong>Comment envisagez-vous mobiliser la jeunesse en vue des \u00e9ch\u00e9ances \u00e9lectorales de 2025 ?<\/strong><\/p>\n<p>\u00ab Nous visons \u00e0 faire des 8 millions de jeunes ivoiriens, \u00e2g\u00e9s entre 16 et 35 ans, une force unie et d\u00e9termin\u00e9e \u00e0 soutenir le RHDP pour la victoire \u00e9clatante de 2025. Mon engagement est de mobiliser tous les moyens n\u00e9cessaires pour atteindre cet objectif. \u00bb<\/p>\n<p><strong>Quel message souhaitez-vous transmettre aux anciens pr\u00e9sidents de la jeunesse du RHDP et aux a\u00een\u00e9s des partis-membres de la coalition du RHDP ?<\/strong><\/p>\n<p>\u00ab Je rends hommage \u00e0 leur leadership d\u00e9vou\u00e9 et \u00e0 leur engagement. Leur h\u00e9ritage reste grav\u00e9 dans notre histoire et je m&#8217;engage \u00e0 suivre la voie qu&#8217;ils ont trac\u00e9e pour une jeunesse toujours plus unie, dynamique et engag\u00e9e pour la C\u00f4te d&#8217;Ivoire. \u00bb<\/p>\n<p><strong>Comment envisagez-vous la participation de la jeunesse du RHDP dans la continuit\u00e9 de la vision du Pr\u00e9sident Alassane Ouattara ?<\/strong><\/p>\n<p>\u00ab Nous sommes appel\u00e9s \u00e0 prendre pleinement notre place dans la bataille pour la conservation du pouvoir d&#8217;\u00c9tat, en 2025. C&#8217;est un appel \u00e0 nous pr\u00e9parer et \u00e0 nous armer de connaissances et d&#8217;engagement pour assurer la continuit\u00e9 des id\u00e9aux du RHDP et du Pr\u00e9sident Alassane Ouattara pour notre nation. \u00bb<\/p>\n<p><strong>R\u00e9alis\u00e9e par Beker Yao<\/strong><\/p>\n","protected":false},"excerpt":{"rendered":"<p>Kon\u00e9 Mamadou, actuel pr\u00e9sident du Mouvement des \u00c9l\u00e8ves et \u00c9tudiants R\u00e9publicains de C\u00f4te d&#8217;Ivoire (MEERCI) est candidat \u00e0 l&#8217;\u00e9lection des jeunes du RHDP pr\u00e9vue le 09 d\u00e9cembre 2023 au parc d&#8217;exposition \u00e0 Port-Bou\u00ebt. Dans cette interview accord\u00e9e \u00e0 l&#8217;intelligent d&#8217;Abidjan, il partage sa vision et ses motivations profondes pour cette nouvelle \u00e9tape. Qu&#8217;est-ce qui vous [&hellip;]<\/p>\n","protected":false},"author":3,"featured_media":32676,"comment_status":"closed","ping_status":"closed","sticky":false,"template":"","format":"standard","meta":{"_monsterinsights_skip_tracking":false,"_monsterinsights_sitenote_active":false,"_monsterinsights_sitenote_note":"","_monsterinsights_sitenote_category":0,"footnotes":""},"categories":[2,17],"tags":[2178,636,895,701,1150,144],"class_list":["post-32675","post","type-post","status-publish","format-standard","has-post-thumbnail","hentry","category-featured","category-politique","tag-candidat","tag-election","tag-ivoiriens","tag-jeunes","tag-kone-mamadou","tag-rhdp"],"_links":{"self":[{"href":"https:\/\/www.lintelligentdabidjan.info\/news\/wp-json\/wp\/v2\/posts\/32675","targetHints":{"allow":["GET"]}}],"collection":[{"href":"https:\/\/www.lintelligentdabidjan.info\/news\/wp-json\/wp\/v2\/posts"}],"about":[{"href":"https:\/\/www.lintelligentdabidjan.info\/news\/wp-json\/wp\/v2\/types\/post"}],"author":[{"embeddable":true,"href":"https:\/\/www.lintelligentdabidjan.info\/news\/wp-json\/wp\/v2\/users\/3"}],"replies":[{"embeddable":true,"href":"https:\/\/www.lintelligentdabidjan.info\/news\/wp-json\/wp\/v2\/comments?post=32675"}],"version-history":[{"count":1,"href":"https:\/\/www.lintelligentdabidjan.info\/news\/wp-json\/wp\/v2\/posts\/32675\/revisions"}],"predecessor-version":[{"id":32677,"href":"https:\/\/www.lintelligentdabidjan.info\/news\/wp-json\/wp\/v2\/posts\/32675\/revisions\/32677"}],"wp:featuredmedia":[{"embeddable":true,"href":"https:\/\/www.lintelligentdabidjan.info\/news\/wp-json\/wp\/v2\/media\/32676"}],"wp:attachment":[{"href":"https:\/\/www.lintelligentdabidjan.info\/news\/wp-json\/wp\/v2\/media?parent=32675"}],"wp:term":[{"taxonomy":"category","embeddable":true,"href":"https:\/\/www.lintelligentdabidjan.info\/news\/wp-json\/wp\/v2\/categories?post=32675"},{"taxonomy":"post_tag","embeddable":true,"href":"https:\/\/www.lintelligentdabidjan.info\/news\/wp-json\/wp\/v2\/tags?post=32675"}],"curies":[{"name":"wp","href":"https:\/\/api.w.org\/{rel}","templated":true}]}}