{"id":32897,"date":"2023-12-27T22:46:03","date_gmt":"2023-12-27T21:46:03","guid":{"rendered":"https:\/\/www.lintelligentdabidjan.info\/news\/?p=32897"},"modified":"2023-12-27T22:47:17","modified_gmt":"2023-12-27T21:47:17","slug":"stabilite-en-cote-divoire-et-en-afrique-tene-birahima-ouattara-fait-le-bilan-de-2023-et-degage-des-perspectives","status":"publish","type":"post","link":"https:\/\/www.lintelligentdabidjan.info\/news\/stabilite-en-cote-divoire-et-en-afrique-tene-birahima-ouattara-fait-le-bilan-de-2023-et-degage-des-perspectives\/","title":{"rendered":"Stabilit\u00e9 en C\u00f4te d&#8217;Ivoire et en Afrique -T\u00e9n\u00e9 Birahima Ouattara fait le bilan de 2023 et d\u00e9gage des perspectives"},"content":{"rendered":"<p><em><strong>Le ministre d&#8217;\u00c9tat, ministre de la D\u00e9fense a pr\u00e9sid\u00e9 une double c\u00e9r\u00e9monie au Groupement minist\u00e9riel des moyens g\u00e9n\u00e9raux, le mardi 26 d\u00e9cembre 2023 \u00e0 Abidjan-Plateau.<\/strong><\/em><\/p>\n<p>Une double c\u00e9r\u00e9monie a eu lieu au Groupement minist\u00e9riel des moyens g\u00e9n\u00e9raux, le mardi 26 d\u00e9cembre 2023 : une prise d&#8217;armes \u00e0 l&#8217;occasion de la c\u00e9l\u00e9bration de la Saint-Ambroise, f\u00eate patronale du corps technique et administratif des Arm\u00e9es et la d\u00e9coration de 274 personnels de l&#8217;administration centrale de la D\u00e9fense nationale. Pr\u00e9sent \u00e0 cette double c\u00e9r\u00e9monie, le ministre d&#8217;\u00c9tat, ministre de la D\u00e9fense a fait le bilan de l&#8217;ann\u00e9e 2023 en mati\u00e8re de d\u00e9fense et d\u00e9clin\u00e9 les perspectives pour 2024. <\/p>\n<p>Le ministre d&#8217;\u00c9tat T\u00e9n\u00e9 Birahima Ouattara a adress\u00e9 ses vives f\u00e9licitations aux Forces arm\u00e9es de C\u00f4te d&#8217;Ivoire qui ont particip\u00e9, dans le cadre de la MINUSMA, au retour de la stabilit\u00e9 au Mali.<br \/>\n&#8220;L&#8217;ann\u00e9e 2023 a \u00e9t\u00e9 principalement marqu\u00e9e par un environnement s\u00e9curitaire satisfaisant sur le territoire national, mais pr\u00e9occupant dans notre sous-r\u00e9gion au regard de l&#8217;intensification du d\u00e9fi terroriste dans les pays voisins. Cette ann\u00e9e a vu \u00e9galement le d\u00e9sengagement du contingent ivoirien de la MINUSMA du Mali. Je voudrais f\u00e9liciter tous ces hommes et femmes qui ont particip\u00e9 \u00e0 cette mission de paix. Je salue la m\u00e9moire de tous nos soldats tomb\u00e9s au champ d&#8217;honneur. J&#8217;ai une pens\u00e9e pour tous nos bless\u00e9s, \u00e0 qui je souhaite un prompt r\u00e9tablissement. La contribution et le comportement de nos soldats ont \u00e9t\u00e9 appr\u00e9ci\u00e9s tout au long de leur s\u00e9jour au Mali par tous les acteurs et partenaires de cette mission. Je voudrais encore une fois exprimer ma gratitude au chef supr\u00eame des Arm\u00e9es, pour toutes ses d\u00e9cisions d&#8217;engagement de nos hommes sur les diff\u00e9rents th\u00e9\u00e2tres des op\u00e9rations. Je veux citer, entre autres, la Guin\u00e9e-Bissau, o\u00f9 nous avons un h\u00f4pital militaire et bient\u00f4t la Centrafrique qui accueillera un contingent ivoirien. Ces missions, tout en aidant les pays fr\u00e8res \u00e0 sortir de leurs difficult\u00e9s, permettent \u00e0 nos hommes de renforcer leurs aptitudes professionnelles et d&#8217;acqu\u00e9rir des exp\u00e9riences en termes de protection op\u00e9rationnelle des forces hors de nos fronti\u00e8res(&#8230;) Je voudrais, au nom du Pr\u00e9sident de la R\u00e9publique, chef supr\u00eame des Arm\u00e9es, SEM Alassane Ouattara, f\u00e9liciter le chef d&#8217;\u00e9tat-major g\u00e9n\u00e9ral des Forces arm\u00e9es de C\u00f4te d&#8217;Ivoire, le commandant sup\u00e9rieur de la gendarmerie nationale ainsi que l&#8217;ensemble des Forces arm\u00e9es de C\u00f4te d&#8217;Ivoire pour les r\u00e9sultats tangibles obtenus par leurs hommes, dans la s\u00e9curisation des populations et de leurs biens, la lutte contre l&#8217;orpaillage clandestin et la grande criminalit\u00e9&#8221;, a dit T\u00e9n\u00e9 Birahima Ouattara. Selon le ministre d&#8217;\u00c9tat, ministre de la D\u00e9fense, les enjeux s\u00e9curitaires n&#8217;ont pas chang\u00e9, de m\u00eame que les objectifs strat\u00e9giques op\u00e9rationnels de la C\u00f4te d&#8217;Ivoire. Dans un tel contexte, il s&#8217;agira, au cours de l&#8217;ann\u00e9e 2024, de poursuivre les r\u00e9formes initi\u00e9es en 2023. &#8220;Il s&#8217;agira pour nous de renforcer les capacit\u00e9s op\u00e9rationnelles des hommes \u00e0 travers la formation, l&#8217;entra\u00eenement et l&#8217;acquisition d&#8217;\u00e9quipements ad\u00e9quats, de participer au d\u00e9veloppement \u00e9conomique de la C\u00f4te d&#8217;Ivoire et \u00e0 la coh\u00e9sion nationale, gage d&#8217;une stabilit\u00e9 durable. Je compte sur vous pour mener \u00e0 bien toutes ces missions. L&#8217;ann\u00e9e 2024 d\u00e9butera avec le grand \u00e9v\u00e9nement sportif qu&#8217;est la Coupe d&#8217;Afrique des Nations en C\u00f4te d&#8217;Ivoire. Le chef supr\u00eame des Arm\u00e9es compte sur chacun de nous pour relever le d\u00e9fi d&#8217;une parfaite r\u00e9ussite de ce grand rendez-vous&#8221;, a ajout\u00e9 T\u00e9n\u00e9 Birahima Ouattara. <\/p>\n<p><strong>274 militaires, gendarmes et personnels civils de la D\u00e9fense d\u00e9cor\u00e9s <\/strong><\/p>\n<p>Des m\u00e9dailles ont \u00e9t\u00e9 remises \u00e0 274 militaires et gendarmes, ainsi qu&#8217;aux personnels civils du minist\u00e8re de la D\u00e9fense, dont deux ont \u00e9t\u00e9 \u00e9lev\u00e9s au grade d&#8217;Officiers dans l&#8217;Ordre national. Les autres ont re\u00e7u des m\u00e9dailles de l&#8217;Ordre du m\u00e9rite ivoirien, de l&#8217;arm\u00e9e \u00e9chelon Or, Argent et Bronze et de la gendarmerie, \u00e9chelon Bronze. Au nom de ces valeureux serviteurs de l\u2019\u00c9tat, le Contre-amiral Konan Boniface, inspecteur de la Marine nationale a exprim\u00e9 sa reconnaissance au Pr\u00e9sident de la R\u00e9publique, chef supr\u00eame des Arm\u00e9es, avant de promettre de continuer de toujours servir la Nation, avec engagement.<\/p>\n<p><strong>Olivier Dion <\/strong><\/p>\n","protected":false},"excerpt":{"rendered":"<p>Le ministre d&#8217;\u00c9tat, ministre de la D\u00e9fense a pr\u00e9sid\u00e9 une double c\u00e9r\u00e9monie au Groupement minist\u00e9riel des moyens g\u00e9n\u00e9raux, le mardi 26 d\u00e9cembre 2023 \u00e0 Abidjan-Plateau. Une double c\u00e9r\u00e9monie a eu lieu au Groupement minist\u00e9riel des moyens g\u00e9n\u00e9raux, le mardi 26 d\u00e9cembre 2023 : une prise d&#8217;armes \u00e0 l&#8217;occasion de la c\u00e9l\u00e9bration de la Saint-Ambroise, f\u00eate [&hellip;]<\/p>\n","protected":false},"author":3,"featured_media":32898,"comment_status":"closed","ping_status":"closed","sticky":false,"template":"","format":"standard","meta":{"_monsterinsights_skip_tracking":false,"_monsterinsights_sitenote_active":false,"_monsterinsights_sitenote_note":"","_monsterinsights_sitenote_category":0,"footnotes":""},"categories":[2,17],"tags":[180,2952,77,2953,2954,2950,2951],"class_list":["post-32897","post","type-post","status-publish","format-standard","has-post-thumbnail","hentry","category-featured","category-politique","tag-afrique","tag-bilan-de-2023","tag-cote-divoire","tag-degage","tag-perspectives","tag-stabilite","tag-tene-birahima-ouattara"],"_links":{"self":[{"href":"https:\/\/www.lintelligentdabidjan.info\/news\/wp-json\/wp\/v2\/posts\/32897","targetHints":{"allow":["GET"]}}],"collection":[{"href":"https:\/\/www.lintelligentdabidjan.info\/news\/wp-json\/wp\/v2\/posts"}],"about":[{"href":"https:\/\/www.lintelligentdabidjan.info\/news\/wp-json\/wp\/v2\/types\/post"}],"author":[{"embeddable":true,"href":"https:\/\/www.lintelligentdabidjan.info\/news\/wp-json\/wp\/v2\/users\/3"}],"replies":[{"embeddable":true,"href":"https:\/\/www.lintelligentdabidjan.info\/news\/wp-json\/wp\/v2\/comments?post=32897"}],"version-history":[{"count":1,"href":"https:\/\/www.lintelligentdabidjan.info\/news\/wp-json\/wp\/v2\/posts\/32897\/revisions"}],"predecessor-version":[{"id":32900,"href":"https:\/\/www.lintelligentdabidjan.info\/news\/wp-json\/wp\/v2\/posts\/32897\/revisions\/32900"}],"wp:featuredmedia":[{"embeddable":true,"href":"https:\/\/www.lintelligentdabidjan.info\/news\/wp-json\/wp\/v2\/media\/32898"}],"wp:attachment":[{"href":"https:\/\/www.lintelligentdabidjan.info\/news\/wp-json\/wp\/v2\/media?parent=32897"}],"wp:term":[{"taxonomy":"category","embeddable":true,"href":"https:\/\/www.lintelligentdabidjan.info\/news\/wp-json\/wp\/v2\/categories?post=32897"},{"taxonomy":"post_tag","embeddable":true,"href":"https:\/\/www.lintelligentdabidjan.info\/news\/wp-json\/wp\/v2\/tags?post=32897"}],"curies":[{"name":"wp","href":"https:\/\/api.w.org\/{rel}","templated":true}]}}