{"id":32901,"date":"2023-12-28T10:34:47","date_gmt":"2023-12-28T09:34:47","guid":{"rendered":"https:\/\/www.lintelligentdabidjan.info\/news\/?p=32901"},"modified":"2023-12-28T10:34:47","modified_gmt":"2023-12-28T09:34:47","slug":"cote-divoire-ces-efforts-consentis-par-letat-pour-preserver-une-qualite-delectricite","status":"publish","type":"post","link":"https:\/\/www.lintelligentdabidjan.info\/news\/cote-divoire-ces-efforts-consentis-par-letat-pour-preserver-une-qualite-delectricite\/","title":{"rendered":"C\u00f4te d&#8217;Ivoire -Ces efforts consentis par l&#8217;\u00c9tat pour pr\u00e9server une qualit\u00e9 d&#8217;\u00e9lectricit\u00e9"},"content":{"rendered":"<p><em><strong>\ufeffUn taux de 10% sera appliqu\u00e9 sur les factures d&#8217;\u00e9lectricit\u00e9 de tous les abonn\u00e9s de C\u00f4te d&#8217;Ivoire \u00e0 partir du 1er janvier 2024. Cette d\u00e9cision du gouvernement ivoirien vise \u00e0 r\u00e9sorber le gap entre le prix moyen de vente du kilowattheure d&#8217;\u00e9lectricit\u00e9 et le co\u00fbt production qui est de 89 FCFA\/kWh. <\/strong><\/em><\/p>\n<p>Le tarif de l&#8217;\u00e9lectricit\u00e9 conna\u00eetra une hausse de 10% \u00e0 partir du 1er janvier 2024 et l&#8217;ensemble des abonn\u00e9s sont concern\u00e9s par cette mesure, qui intervient dans un contexte mondial difficile, li\u00e9 \u00e0 la conjoncture internationale et \u00e0 la crise de l&#8217;\u00e9nergie. Depuis 2011, le gouvernement accompagne le secteur de l&#8217;\u00e9lectricit\u00e9. Malheureusement, ce secteur traverse des difficult\u00e9s financi\u00e8res d\u00fbes \u00e0 des facteurs exog\u00e8nes d\u00e9favorables, tels que la hausse du dollar et la guerre entre la Russie et l&#8217;Ukraine, de sorte que les tarifs de l&#8217;\u00e9lectricit\u00e9 actuellement appliqu\u00e9s apr\u00e8s l&#8217;ajustement de juillet 2023, ne g\u00e9n\u00e8rent pas suffisamment de ressources pour couvrir toutes les d\u00e9penses du secteur de l&#8217;\u00e9lectricit\u00e9, provoquant ainsi un d\u00e9ficit financier croissant, m\u00eame si cet ajustement a permis de combler partiellement le d\u00e9ficit entre le co\u00fbt de revient et le tarif moyen de vente (non compris les arri\u00e9r\u00e9s de paiement aux op\u00e9rateurs et les investissements \u00e0 r\u00e9aliser dans le secteur), \u00e0 hauteur de 34 milliards de FCFA en 2023.<\/p>\n<p>En effet, selon les experts, avant l&#8217;ajustement de juillet 2023, le co\u00fbt de revient de la production d&#8217;\u00e9lectricit\u00e9 \u00e9tait sup\u00e9rieur de plus de 22% au tarif moyen de vente au niveau national. Ce co\u00fbt de revient est actuellement sup\u00e9rieur de 13% au tarif moyen de vente, ce qui entra\u00eene, toujours selon les experts, une accumulation d&#8217;arri\u00e9r\u00e9s vis-\u00e0-vis des fournisseurs de gaz naturel et d&#8217;\u00e9lectricit\u00e9 du secteur. Cette situation impacte n\u00e9gativement le bon fonctionnement du syst\u00e8me \u00e9lectrique ivoirien, car le maintien des tarifs actuels, ajust\u00e9s de 9, 6% pour 11% des abonn\u00e9s, soit 400. 000 clients, alors que le taux requis est de 27%, conduira \u00e0 la d\u00e9gradation de la qualit\u00e9 de service aux abonn\u00e9s \u00e0 l&#8217;\u00e9lectricit\u00e9. La menace sur la s\u00e9curit\u00e9, en mati\u00e8re d&#8217;alimentation en \u00e9lectricit\u00e9 et de r\u00e9duction des possibilit\u00e9s d&#8217;acc\u00e8s \u00e0 l&#8217;\u00e9lectricit\u00e9 pour les populations non encore desservies est grande. En outre, selon le ministre du P\u00e9trole, des Mines et de l&#8217;\u00c9nergie, Mamadou Sangafowa Coulibaly, la perte d&#8217;exploitation pour l&#8217;ann\u00e9e 2023 est estim\u00e9e \u00e0 environ 127 milliards de FCFA . &#8220;Le pr\u00e9sent ajustement fera passer le prix moyen de vente de 79 FCFA\/kWh \u00e0 87 FCFA\/ kWh, pour un co\u00fbt de revient moyen de 89 FCFA. Il faut souligner que malgr\u00e9 cet effort demand\u00e9, le prix moyen du kilowattheure en C\u00f4te d&#8217;Ivoire reste l&#8217;un des plus faibles de la sous-r\u00e9gion, o\u00f9 le prix moyen se situe entre 101 FCFA\/kWh et 132 FCFA\/kWh&#8221;. <\/p>\n<p><strong>L&#8217;incidence des 10% sur les factures d&#8217;\u00e9lectricit\u00e9 <\/strong><\/p>\n<p>Au cours de sa conf\u00e9rence de presse, le mardi 26 d\u00e9cembre 2023, le ministre Mamadou Sangafowa Coulibaly a expliqu\u00e9 toutes les analyses qui ont \u00e9t\u00e9 faites avant de prendre la d\u00e9cision d&#8217;un ajustement tarifaire de 10% : &#8221; Nous avons regard\u00e9, pour les tarifs sociaux, leur consommation d&#8217;\u00e9lectricit\u00e9 varie entre 2. 000 FCFA et 6. 000 FCFA, pour les 5 Amp\u00e8res. Celui qui payait 2. 000 FCFA aura 200 FCFA de plus sur sa facture, celui qui payait 6. 000 FCFA aura 600 FCFA de plus. La facture que vous payez est fonction de l&#8217;\u00e9nergie que vous consommez et non de l&#8217;ajustement. C&#8217;est cela que d&#8217;un mois \u00e0 un autre, les gens ne paient pas les m\u00eames montants. On rentre dans une p\u00e9riode o\u00f9 on consomme plus d&#8217;\u00e9nergie, parce qu&#8217;il fait chaud et c&#8217;est \u00e0 ce moment aussi que le r\u00e9seau est mis \u00e0 rude \u00e9preuve, parce que la demande est forte. Or, nos installations sont surchauff\u00e9es et c&#8217;est en ce moment que vous constatez une qualit\u00e9 de service instable, parce que les lignes sont sollicit\u00e9es \u00e0 plus de 100% de leurs capacit\u00e9s. C&#8217;est pour cela qu&#8217;il faut continuer les investissements pour renforcer le r\u00e9seau. Notre pays a connu des d\u00e9lestages en 2021, il faut qu&#8217;on prenne les dispositions pour que cela n&#8217;arrive plus jamais. Il y a des pays aujourd&#8217;hui qui ont entre 5 heures et  8 heures d&#8217;\u00e9lectricit\u00e9 par jour sur les 24 heures, l\u00e0 o\u00f9 en C\u00f4te d&#8217;Ivoire, nous sommes \u00e0 28 heures de coupure par an (&#8230;) Gr\u00e2ce \u00e0 la vision du Pr\u00e9sident Alassane Ouattara, nous avons l&#8217;un des syst\u00e8mes \u00e9lectriques les plus robustes de la sous-r\u00e9gion. Notre capacit\u00e9 install\u00e9e est pass\u00e9e de 1. 300 M\u00e9gawatts\/heure \u00e0 plus de 3. 000 M\u00e9gawatts, soit plus du double. Il faut maintenant que nous arrivions \u00e0 investir dans la qualit\u00e9 du produit. Il faut qu&#8217;on adresse le seul point de fragilit\u00e9 qui est le n\u00f4tre, c&#8217;est-\u00e0-dire un syst\u00e8me o\u00f9 l&#8217;exploitation n&#8217;est pas \u00e0 l&#8217;\u00e9quilibre. L&#8217;\u00c9tat ach\u00e8te de l&#8217;\u00e9nergie avec des producteurs ind\u00e9pendants \u00e0 un prix, mais il ne peut pas le revendre, ne serait-ce qu&#8217;au m\u00eame prix. Revendre en dessous, il y a un souci, sans oublier que l&#8217;\u00c9tat doit investir dans le transport d&#8217;\u00e9nergie, dans les postes, pour \u00e9lectrifier les villages de plus de 500 habitants&#8221;.<\/p>\n<p><strong>&#8220;Se serrer les coudes&#8221;<\/strong><\/p>\n<p>Lors de l&#8217;annonce de l&#8217;ajustement de 10% \u00e0 partir du 1er janvier 2024, le ministre de la Communication, porte-parole du gouvernement a appel\u00e9 les Ivoiriens \u00e0 &#8220;se serrer les coudes&#8221; pour faire face aux difficult\u00e9s actuelles dans le secteur de l&#8217;\u00e9lectricit\u00e9. &#8220;Dans ces moments de difficult\u00e9s qui touchent l&#8217;ensemble des pays, on doit faire preuve de r\u00e9silience et pouvoir d\u00e9velopper notre esprit de solidarit\u00e9 et de citoyennet\u00e9. Il ne s&#8217;agit pas de faire feu de tout bois. Notre secteur de l&#8217;\u00e9lectricit\u00e9 est structurellement en difficult\u00e9. D\u00e8s lors que vous vendez moins cher que le co\u00fbt auquel vous produisez, c&#8217;est un d\u00e9ficit structurel. Le Pr\u00e9sident de la R\u00e9publique a report\u00e9, autant que l&#8217;on pouvait, cette \u00e9ch\u00e9ance en fractionnant les augmentations n\u00e9cessaires. En 2015, on a eu une premi\u00e8re r\u00e9\u00e9valuation, on en a eu une autre r\u00e9cemment et l\u00e0, on va vers un autre ajustement. Certains pays l&#8217;ont fait de fa\u00e7on brutale, mais nous, nous le faisons de fa\u00e7on s\u00e9quenc\u00e9e pour prot\u00e9ger le pouvoir d&#8217;achat du consommateur ivoirien. Ce qu&#8217;il faut retenir, ce sont les efforts qui sont faits pour prot\u00e9ger le portefeuille de l&#8217;Ivoirien. Les solutions de facilit\u00e9 ne r\u00e8glent pas la question du d\u00e9ficit structurel. L&#8217;\u00c9tat subventionne beaucoup de produits : le p\u00e9trole, le gaz. R\u00e9cemment avec la crise ukrainienne, on a subventionn\u00e9 le prix de la farine&#8230; Toutes ces subventions sont autant d&#8217;efforts qui ne vont pas en investissement. Il faut se serrer les coudes pour faire face aux difficult\u00e9s que nous vivons avec responsabilit\u00e9. L&#8217;effort qui est demand\u00e9 aujourd&#8217;hui \u00e0 chacun, c&#8217;est cette augmentation de 10%, apr\u00e8s on appr\u00e9ciera en fonction du co\u00fbt d&#8217;exploitation du r\u00e9seau \u00e9lectrique &#8220;, a dit Amadou Coulibaly. <\/p>\n<p><strong>Olivier Dion<\/strong><\/p>\n","protected":false},"excerpt":{"rendered":"<p>\ufeffUn taux de 10% sera appliqu\u00e9 sur les factures d&#8217;\u00e9lectricit\u00e9 de tous les abonn\u00e9s de C\u00f4te d&#8217;Ivoire \u00e0 partir du 1er janvier 2024. Cette d\u00e9cision du gouvernement ivoirien vise \u00e0 r\u00e9sorber le gap entre le prix moyen de vente du kilowattheure d&#8217;\u00e9lectricit\u00e9 et le co\u00fbt production qui est de 89 FCFA\/kWh. Le tarif de l&#8217;\u00e9lectricit\u00e9 [&hellip;]<\/p>\n","protected":false},"author":3,"featured_media":32902,"comment_status":"closed","ping_status":"closed","sticky":false,"template":"","format":"standard","meta":{"_monsterinsights_skip_tracking":false,"_monsterinsights_sitenote_active":false,"_monsterinsights_sitenote_note":"","_monsterinsights_sitenote_category":0,"footnotes":""},"categories":[2,18,17],"tags":[77,259,1096],"class_list":["post-32901","post","type-post","status-publish","format-standard","has-post-thumbnail","hentry","category-featured","category-economie","category-politique","tag-cote-divoire","tag-electricite","tag-etat"],"_links":{"self":[{"href":"https:\/\/www.lintelligentdabidjan.info\/news\/wp-json\/wp\/v2\/posts\/32901","targetHints":{"allow":["GET"]}}],"collection":[{"href":"https:\/\/www.lintelligentdabidjan.info\/news\/wp-json\/wp\/v2\/posts"}],"about":[{"href":"https:\/\/www.lintelligentdabidjan.info\/news\/wp-json\/wp\/v2\/types\/post"}],"author":[{"embeddable":true,"href":"https:\/\/www.lintelligentdabidjan.info\/news\/wp-json\/wp\/v2\/users\/3"}],"replies":[{"embeddable":true,"href":"https:\/\/www.lintelligentdabidjan.info\/news\/wp-json\/wp\/v2\/comments?post=32901"}],"version-history":[{"count":1,"href":"https:\/\/www.lintelligentdabidjan.info\/news\/wp-json\/wp\/v2\/posts\/32901\/revisions"}],"predecessor-version":[{"id":32903,"href":"https:\/\/www.lintelligentdabidjan.info\/news\/wp-json\/wp\/v2\/posts\/32901\/revisions\/32903"}],"wp:featuredmedia":[{"embeddable":true,"href":"https:\/\/www.lintelligentdabidjan.info\/news\/wp-json\/wp\/v2\/media\/32902"}],"wp:attachment":[{"href":"https:\/\/www.lintelligentdabidjan.info\/news\/wp-json\/wp\/v2\/media?parent=32901"}],"wp:term":[{"taxonomy":"category","embeddable":true,"href":"https:\/\/www.lintelligentdabidjan.info\/news\/wp-json\/wp\/v2\/categories?post=32901"},{"taxonomy":"post_tag","embeddable":true,"href":"https:\/\/www.lintelligentdabidjan.info\/news\/wp-json\/wp\/v2\/tags?post=32901"}],"curies":[{"name":"wp","href":"https:\/\/api.w.org\/{rel}","templated":true}]}}