{"id":32904,"date":"2023-12-28T18:27:16","date_gmt":"2023-12-28T17:27:16","guid":{"rendered":"https:\/\/www.lintelligentdabidjan.info\/news\/?p=32904"},"modified":"2023-12-28T18:27:28","modified_gmt":"2023-12-28T17:27:28","slug":"presidentielle-2025-joel-nguessan-pour-une-nouvelle-generation-au-pouvoir","status":"publish","type":"post","link":"https:\/\/www.lintelligentdabidjan.info\/news\/presidentielle-2025-joel-nguessan-pour-une-nouvelle-generation-au-pouvoir\/","title":{"rendered":"Pr\u00e9sidentielle 2025-  Joel N&#8217;Guessan pour une &#8220;nouvelle g\u00e9n\u00e9ration&#8221; au pouvoir"},"content":{"rendered":"<p><em><strong>Jo\u00ebl N&#8217;Guessan, membre du Conseil politique du Rhdp souhaite voir une nouvelle g\u00e9n\u00e9ration au pouvoir \u00e0 la pr\u00e9sidentielle 2025 tout en expliquant sa conception de &#8220;Nouvelle g\u00e9n\u00e9ration &#8221; dans une d\u00e9claration dont nous avons re\u00e7u copie.<\/strong><\/em><\/p>\n<p><strong>Voeux de nouvel an <\/strong><\/p>\n<p>Nous tendons all\u00e8grement vers la nouvelle ann\u00e9e 2024. Mon souhait est que chacune et chacun des ivoiriens puissent entrer dans l\u2019ann\u00e9e, dans la paix et dans la s\u00e9r\u00e9nit\u00e9. Ce sont mes v\u0153ux les plus chers pour nous tous. Alors, par anticipation, Je souhaite \u00e0 toutes et \u00e0 tous une Bonne et Heureuse ann\u00e9e 2024.<\/p>\n<p>Comme je me suis habitu\u00e9 \u00e0 le faire en chaque fin d\u2019ann\u00e9e, je me propose encore de faire le bilan des actes majeurs de l\u2019ann\u00e9e qui s\u2019ach\u00e8ve en m\u00eame temps que j\u2019ouvre des pistes de r\u00e9flexions et d\u2019analyses pour la nouvelle ann\u00e9e qui s\u2019annonce.<\/p>\n<p><strong>Quels ont \u00e9t\u00e9 les faits majeurs de l\u2019ann\u00e9e 2023 ?<\/strong><\/p>\n<p>Au plan politique, 2023 a \u00e9t\u00e9 marqu\u00e9 par la razzia de notre parti le RHDP \u00e0 toutes les \u00e9lections locales (municipales et r\u00e9gionales). Du Nord au Sud, de l\u2019Est \u00e0 l\u2019Ouest en passant par le Centre, le RHDP a presque tout rafl\u00e9 confirmant ainsi sa position de premier parti politique de C\u00f4te d\u2019Ivoire. Cela est \u00e0 mettre \u00e0 l\u2019actif du Pr\u00e9sident Alassane OUATTARA, Pr\u00e9sident du RHDP et \u00e0 celui de notre Direction Ex\u00e9cutive. J\u2019en profite pour f\u00e9liciter la Commission Electorale Ind\u00e9pendante (CEI) qui a conduit ces \u00e9lections \u00e9lectorales sans violences ; ce qui \u00e9tait devenu rare sous nos cieux depuis plusieurs ann\u00e9es.<\/p>\n<p>Autres faits majeurs, ce sont les disparitions de personnalit\u00e9s politiques de premier plan. Le G\u00e9n\u00e9ral Gaston OUASSENAN KONE, le Ministre Ezan AKELE, le Pr\u00e9sident Francis Wodi\u00e9 et la disparition du Pr\u00e9sident Henri KONAN BEDIE. Prions tous pour le repos de leurs \u00e2mes respectives.<\/p>\n<p>Derniers faits majeurs, ce sont les pr\u00e9paratifs de la future Coupe d&#8217;Afrique des Nations (CAN) qui se d\u00e9roule du 13 janvier au 21 f\u00e9vrier 2024 en C\u00f4te d\u2019Ivoire.<\/p>\n<p>Beaucoup d\u2019eaux ont coul\u00e9 sous les ponts sur ce sujet surtout en ce qui concerne la mal gouvernance de ce projet. Chacun y est all\u00e9 de son commentaire. J\u2019aurai l\u2019occasion de revenir sur le concept de mal gouvernance dans un ouvrage que je publierai tr\u00e8s bient\u00f4t. Ce qui est certain, c\u2019est que le Pr\u00e9sident de la R\u00e9publique, le Pr\u00e9sident Alassane OUATTARA a confi\u00e9 le suivi des pr\u00e9paratifs de la CAN \u00e0 un nouveau Premier Ministre en la personne de Monsieur Robert BEUGRE MAMBE ex Ministre Gouverneur du District Autonome d\u2019Abidjan, celui-l\u00e0 m\u00eame qui a r\u00e9ussi avec brio et succ\u00e8s l\u2019organisation des jeux de la francophonie en terre ivoirienne. Je reste convaincu qu\u2019il va r\u00e9ussir et que les jeux seront un succ\u00e8s pour l\u2019image de notre pays.<\/p>\n<p><strong>Quelques pistes de souhaits, r\u00e9flexions et analyses pour l\u2019ann\u00e9e 2024.<\/strong><\/p>\n<p>Au plan sportif, l\u2019ann\u00e9e 2024 sera marqu\u00e9e par la tenue de la CAN. Tout le monde entier aura les yeux essentiellement braqu\u00e9s sur la C\u00f4te d\u2019Ivoire au cours de cette comp\u00e9tition. Les villes qui vont abriter les diff\u00e9rentes phases de la CAN sont donc d\u00e9j\u00e0 en \u00e9bullition. Chacun y va de son pronostic. Ce qui est certain, c\u2019est que c\u2019est le meilleur qui sera vainqueur. Mon souhait c\u2019est que nos pachydermes, LES ELEPHANTS DE C\u00d4TE D\u2019IVOIRE, remportent la coupe pour offrir au pays la troisi\u00e8me \u00e9toile continentale. Cela permettra ainsi au Chef de l\u2019Etat, le Pr\u00e9sident Alassane OUATTARA d\u2019attraper pour la troisi\u00e8me fois ce troph\u00e9e apr\u00e8s 1992 (au moment o\u00f9 il \u00e9tait Premier Ministre sous le Pr\u00e9sident F\u00e9lix Houphou\u00ebt BOIGNY) et en 2015 (au moment o\u00f9 il \u00e9tait lui-m\u00eame Pr\u00e9sident de la C\u00f4te d\u2019Ivoire. Bonne chance \u00e0 nos El\u00e9phants Footballeurs !<\/p>\n<p>Au plan politique, l\u2019ann\u00e9e sera marqu\u00e9e par la pr\u00e9paration de l\u2019\u00e9lection pr\u00e9sidentielle d\u2019octobre 2025 en C\u00f4te d\u2019Ivoire au niveau de chaque parti ou plan politique. <\/p>\n<p>Ce qui est certain, c\u2019est que le PDCI-RDA s\u2019est mis dans le starting-block avec son nouveau champion, le Ministre Tidjane Thiam suite au d\u00e9c\u00e8s subit du Pr\u00e9sident Henri KONAN BEDIE le 1er ao\u00fbt 2023. <\/p>\n<p>Parall\u00e8lement, notre parti le RHDP s\u2019organise \u00e0 travers l\u2019enregistrement, la num\u00e9risation et la digitalisation de nos militants ainsi que leur fid\u00e9lisation. Les pr\u00e9sidents des femmes et des jeunes ont \u00e9t\u00e9 \u00e9lus pour redynamiser le parti. La direction ex\u00e9cutive de notre parti est \u00e0 f\u00e9liciter pour cela. <\/p>\n<p>Concernant le PDCI-RDA, le Ministre Tidjane THIAM le tout nouveau Pr\u00e9sident, lors de sa premi\u00e8re interview, 3 points dans son intervention ont attir\u00e9 mon attention. Je tiens personnellement \u00e0 le souligner et \u00e0 le f\u00e9liciter :<\/p>\n<p>Le premier, c\u2019est que le nouveau Pr\u00e9sident du PDCI-RDA reconna\u00eet que le pr\u00e9sident Alassane Ouattara a accompli un travail remarquable depuis son arriv\u00e9e au pouvoir. Il associe \u00e0 cela le Rhdp. <\/p>\n<p>Le deuxi\u00e8me point c\u2019est qu\u2019il estime qu\u2019il y a des am\u00e9liorations \u00e0 apporter dans la poursuite du d\u00e9veloppement de notre pays. En effet, aucune \u0153uvre humaine n\u2019\u00e9tant parfaite, il y aura toujours des am\u00e9liorations n\u00e9cessaires. <\/p>\n<p>Le troisi\u00e8me et le dernier point, c\u2019est son souhait de voir la classe politique ivoirienne s\u2019inscrire dans une logique apais\u00e9e sans invectives ni insultes.<\/p>\n<p>Avec de type de d\u00e9claration, je suis convaincu que nous nous acheminons vers une nouvelle \u00e8re de d\u00e9mocratie apais\u00e9e loin des insultes et propos belliqueux. Pour 2024, j\u2019invite tous les acteurs politiques que nous sommes \u00e0 avoir le BON TON comme le disait feu le G\u00e9n\u00e9ral Robert GUE\u00cf. Notre pays en a besoin et nos populations le souhaitent ardemment pour ne plus revivre les affres de la guerre et des drames dont nous aurions pu faire l\u2019\u00e9conomie si la sagesse nous avait tous habit\u00e9.<\/p>\n<p><strong>Un autre sujet qui sera largement et longuement d\u00e9battu en 2024, c\u2019est celui de la nouvelle g\u00e9n\u00e9ration.<\/strong><\/p>\n<p>Avec l\u2019\u00e9lection du Ministre Tidiane Thiam comme Pr\u00e9sident du Pdci Rda, qui a 61 ans, des voix s\u2019\u00e9l\u00e8vent pour parler et r\u00e9clamer l\u2019av\u00e8nement de Nouvelles G\u00e9n\u00e9rations dans le milieu politique. Au d\u00e9but des ann\u00e9es 2000, quand je me portais candidats pour la commune de Bouak\u00e9, j\u2019ai intitul\u00e9 ma liste \u00e0 l\u2019\u00e9lection municipale \u00ab NOUVELLE GENERATION \u00bb.<\/p>\n<p>Cela veut dire qu\u2019\u00e0 cette p\u00e9riode, j\u2019avais le souci de voir la nouvelle g\u00e9n\u00e9ration de jeunes et de femmes ivoiriennes s\u2019impliquer dans la chose politique. <\/p>\n<p>Pour l\u2019heure, mon d\u00e9bat concerne ce concept de nouvelle g\u00e9n\u00e9ration qui va certainement animer les d\u00e9bats dans le microcosme politique de notre pays et qui fera certainement grincer les dents des uns et des autres dans les ann\u00e9es \u00e0 venir.<\/p>\n<p>A mon avis, la notion de Nouvelle G\u00e9n\u00e9ration doit s\u2019entendre \u00e0 plusieurs niveaux. <\/p>\n<p><strong>Premier niveau : Nouvelle g\u00e9n\u00e9ration en fonction de l\u2019\u00e2ge : <\/strong><\/p>\n<p>C\u2019est la plus simple et la plus facile \u00e0 comprendre ; Nouvelle g\u00e9n\u00e9ration parce qu\u2019on souhaite l\u2019av\u00e8nement au pouvoir de personnes plus jeunes que ceux qui sont actuellement au pouvoir. Cette fa\u00e7on de r\u00e9fl\u00e9chir ne me convient pas du tout. <\/p>\n<p>On peut avoir de personnes tr\u00e8s \u00e2g\u00e9es au pouvoir qui ont un esprit plus avanc\u00e9 en termes de vision et d\u2019innovation pour notre pays. Le Pr\u00e9sident Alassane Ouattara et le Pr\u00e9sident Joe Biden des Etats Unis qui ont tous les deux d\u00e9pass\u00e9s les 80 ans en sont des t\u00e9moignages \u00e9loquents.<\/p>\n<p> A contrario, nous avons des jeunes sans capacit\u00e9 intellectuelle ni professionnelle prouv\u00e9e qui tentent l\u2019aventure de la gouvernance de notre pays. On ne peut que leur souhaiter du courage et de la t\u00e9m\u00e9rit\u00e9. A condition qu\u2019ils aient des visions. <\/p>\n<p><strong>Deuxi\u00e8me niveau : Nouvelle g\u00e9n\u00e9ration au niveau des id\u00e9es<\/strong><\/p>\n<p>Etre de la Nouvelle G\u00e9n\u00e9ration, surtout pour ceux qui ont l\u2019ambition politique de gouverner un jour notre pays, c\u2019est d\u2019avoir des id\u00e9es nouvelles pour am\u00e9liorer les conditions de vie de nos concitoyens.  L\u2019\u00e2ge n\u2019est plus un crit\u00e8re. Ni notre appartenance \u00e0 un groupe politique ou \u00e0 un groupe r\u00e9gional ethnique. Les ivoiriens veulent \u00e9couter un nouveau type de discours avec des id\u00e9es et des propositions concr\u00e8tes.<\/p>\n<p>Le temps est venu de sortir des d\u00e9bats et diatribes politiques et de proposer. Les ivoiriens attendent de voir ce que chacun propose. Le Pr\u00e9sident Alassane OUATTARA a \u00e9t\u00e9 \u00e9lu par les ivoiriens parce qu\u2019il avait une vision et un programme pour les ivoiriens. J\u2019ai adh\u00e9r\u00e9 au RDR pour cela. Les ivoiriens l\u2019ont \u00e9lu sur cette base. Alors tous ceux qui ont des ambitions, les ivoiriens attendent votre vision et vos projets. Tous ceux qui ont des ambitions, on vous attend. <\/p>\n<p>Le Pr\u00e9sident Alassane OUATTARA est un grand ap\u00f4tre du d\u00e9veloppement et il a une grande vision pour la C\u00f4te d\u2019Ivoire.<\/p>\n<p><strong>Le Ministre Jo\u00ebl N\u2019GUESSAN<\/p>\n<p>Membre du Conseil Politique du RHDP<\/strong><\/p>\n","protected":false},"excerpt":{"rendered":"<p>Jo\u00ebl N&#8217;Guessan, membre du Conseil politique du Rhdp souhaite voir une nouvelle g\u00e9n\u00e9ration au pouvoir \u00e0 la pr\u00e9sidentielle 2025 tout en expliquant sa conception de &#8220;Nouvelle g\u00e9n\u00e9ration &#8221; dans une d\u00e9claration dont nous avons re\u00e7u copie. Voeux de nouvel an Nous tendons all\u00e8grement vers la nouvelle ann\u00e9e 2024. Mon souhait est que chacune et chacun [&hellip;]<\/p>\n","protected":false},"author":3,"featured_media":32905,"comment_status":"closed","ping_status":"closed","sticky":false,"template":"","format":"standard","meta":{"footnotes":""},"categories":[2,17],"tags":[42,2955,1455,1621],"class_list":["post-32904","post","type-post","status-publish","format-standard","has-post-thumbnail","hentry","category-featured","category-politique","tag-joel-nguessan","tag-nouvelle-generation","tag-pouvoir","tag-presidentielle-2025"],"_links":{"self":[{"href":"https:\/\/www.lintelligentdabidjan.info\/news\/wp-json\/wp\/v2\/posts\/32904","targetHints":{"allow":["GET"]}}],"collection":[{"href":"https:\/\/www.lintelligentdabidjan.info\/news\/wp-json\/wp\/v2\/posts"}],"about":[{"href":"https:\/\/www.lintelligentdabidjan.info\/news\/wp-json\/wp\/v2\/types\/post"}],"author":[{"embeddable":true,"href":"https:\/\/www.lintelligentdabidjan.info\/news\/wp-json\/wp\/v2\/users\/3"}],"replies":[{"embeddable":true,"href":"https:\/\/www.lintelligentdabidjan.info\/news\/wp-json\/wp\/v2\/comments?post=32904"}],"version-history":[{"count":1,"href":"https:\/\/www.lintelligentdabidjan.info\/news\/wp-json\/wp\/v2\/posts\/32904\/revisions"}],"predecessor-version":[{"id":32906,"href":"https:\/\/www.lintelligentdabidjan.info\/news\/wp-json\/wp\/v2\/posts\/32904\/revisions\/32906"}],"wp:featuredmedia":[{"embeddable":true,"href":"https:\/\/www.lintelligentdabidjan.info\/news\/wp-json\/wp\/v2\/media\/32905"}],"wp:attachment":[{"href":"https:\/\/www.lintelligentdabidjan.info\/news\/wp-json\/wp\/v2\/media?parent=32904"}],"wp:term":[{"taxonomy":"category","embeddable":true,"href":"https:\/\/www.lintelligentdabidjan.info\/news\/wp-json\/wp\/v2\/categories?post=32904"},{"taxonomy":"post_tag","embeddable":true,"href":"https:\/\/www.lintelligentdabidjan.info\/news\/wp-json\/wp\/v2\/tags?post=32904"}],"curies":[{"name":"wp","href":"https:\/\/api.w.org\/{rel}","templated":true}]}}