{"id":32912,"date":"2023-12-28T23:17:20","date_gmt":"2023-12-28T22:17:20","guid":{"rendered":"https:\/\/www.lintelligentdabidjan.info\/news\/?p=32912"},"modified":"2023-12-28T23:18:39","modified_gmt":"2023-12-28T22:18:39","slug":"preservation-de-la-paix-dans-le-cavally-anne-ouloto-felicite-les-chefs-pour-leur-contribution","status":"publish","type":"post","link":"https:\/\/www.lintelligentdabidjan.info\/news\/preservation-de-la-paix-dans-le-cavally-anne-ouloto-felicite-les-chefs-pour-leur-contribution\/","title":{"rendered":"Pr\u00e9servation de la paix dans le Cavally-Anne Ouloto f\u00e9licite les chefs pour leur contribution"},"content":{"rendered":"<p><strong>Anne Ouloto salue le r\u00f4le jou\u00e9 par les chefs traditionnels dans la pr\u00e9servation de la paix dans le Cavally.<\/strong><\/p>\n<p>La ministre d&#8217;\u00c9tat, Ministre de la Fonction publique et de la modernisation de l&#8217;administration, Anne D\u00e9sir\u00e9e Ouloto, pr\u00e9sidente du Conseil r\u00e9gional du Cavally a f\u00e9licit\u00e9 les chefs traditionnels pour leur contribution au retour et au maintien de la paix dans l\u2019ouest du pays. C\u2019\u00e9tait, le jeudi  28 d\u00e9cembre 2023 \u00e0 Guiglo,  \u00e0 l\u2019occasion d\u2019une rencontre organis\u00e9e \u00e0 cet effet, avec les garants des us et coutumes W\u00ea. Celle-ci rentre dans le cadre de son programme de c\u00e9l\u00e9bration de f\u00eates de fin d\u2019ann\u00e9e dans les diff\u00e9rents d\u00e9partements qui composent le Cavally. Pour cette ann\u00e9e, elle a entam\u00e9 ce p\u00e9riple \u00e0 Guiglo.<\/p>\n<p>\u00ab Je vous dis merci parce que le Cavally est en paix. La coh\u00e9sion est visible,  parce que vous vous \u00eates engag\u00e9s au niveau r\u00e9gional, dans chaque d\u00e9partement, dans les villages et campements. Face aux menaces de crises communautaires, vous vous \u00eates toujours mobilis\u00e9s. Aucune \u0153uvre humaine n\u2019est parfaite ; mais ce qui compte c\u2019est notre capacit\u00e9 \u00e0 r\u00e9gler les probl\u00e8mes. Vous jouez votre r\u00f4le. Je vous dis merci parce qu\u2019il fait bon vivre dans le Cavally \u00bb,  a dit  Anne D\u00e9sir\u00e9e Ouloto \u00e0 l\u2019endroit des chefs. \u00ab J\u2019en veux pour preuves, les nombreuses visites des membres du gouvernement, des ambassadeurs  et autres dans notre r\u00e9gion. On n\u2019a pas encore entendu que les populations se sont entred\u00e9chir\u00e9es, ou un cadre a \u00e9t\u00e9 interdit d\u2019entrer dans un village. Bien au contraire, tous les villages sont accueillants. Dans le cadre de votre mission de chef de village, vous \u00eates des auxiliaires de l\u2019administration. La collaboration se passe bien \u00e0 Guiglo, \u00e0 Blol\u00e9quin et Tai. Votre fille, membre du gouvernement ne peut qu\u2019\u00eatre fi\u00e8re\u00bb, a-t-elle ajout\u00e9.<\/p>\n<p>La pr\u00e9sidente du Conseil r\u00e9gional a fait savoir aux t\u00eates couronn\u00e9es que gr\u00e2ce au leadership du Pr\u00e9sident Ouattara, la C\u00f4te d\u2019Ivoire se porte bien tant au niveau national qu&#8217;\u00e0 l\u2019international. Mieux, a-t-elle soutenu, le gouvernement adopte des strat\u00e9gies qui permettent au pays de r\u00e9sister aux grandes turbulences mondiales.<\/p>\n<p>Pour tout cela, Anne D\u00e9sir\u00e9e Ouloto, pour qui l\u2019opposition m\u00e9rite d\u2019exister,  a invit\u00e9 les uns et les autres \u00e0 maintenir le cap. \u00ab Nous devons maintenir le cap. Le Cavally est bien parti et  bien positionn\u00e9. Nous devons continuer nos pri\u00e8res de b\u00e9n\u00e9dictions pour le Pr\u00e9sident de la R\u00e9publique, pour notre r\u00e9gion et nous tous. Que nous soyons de l\u2019opposition ou du parti au pouvoir. La vie est ainsi faite. Il faut toujours avoir des opposants.  \u00c7a aide le parti au pouvoir \u00e0 bien avancer. Je viens vous confier la mission, pour que la paix soit renforc\u00e9e ; pour que nos probl\u00e8mes r\u00e9siduels soient r\u00e9gl\u00e9s l\u2019un apr\u00e8s l\u2019autre \u00bb, a recommand\u00e9 la ministre d\u2019Etat.<\/p>\n<p>Dans leurs interventions, les chefs Dji Emile de Guiglo, B\u00e9l\u00e9 Jean de Ta\u00ef , Biento Gnoabou de Blol\u00e9quin et Guidy J\u00e9r\u00f4me, chef canton de Toul\u00e9pleu, ont tous f\u00e9licit\u00e9 leur fille pour ses actions de d\u00e9veloppement et de paix au profit des populations de l\u2019ouest. Ils n\u2019ont pas manqu\u00e9 de formuler des dol\u00e9ances auxquelles la ministre d\u2019Etat a promis qu\u2019une solution sera trouv\u00e9e. Il s\u2019agit d\u2019infrastructures de base, le reprofilage des routes, la  r\u00e9insertion et autonomisation de la femme et bien d\u2019autres. Aussi, ont-ils  exprim\u00e9 leur gratitude au Pr\u00e9sident Alassane Ouattara pour les grands projets en faveur de la r\u00e9gion. On note entre autres,  du red\u00e9marrage des travaux de bitumage de l\u2019axe Blolequin-Toulepleu-fronti\u00e8re ivoiro-lib\u00e9rienne ; la construction du nouveau pont sur le fleuve Nzo, le ch\u00e2teau d\u2019eau de Zagn\u00e9 et surtout le d\u00e9marrage prochain des travaux de bitumage de l\u2019axe Guiglo-Ta\u00ef annonc\u00e9 par le Pr\u00e9sident Alassane Ouattara.  \u00c0 noter aussi  le CHR de Guiglo qui dispose  d\u00e9sormais de plus de 100 chambres et un plateau technique de pointe.<\/p>\n<p><strong>Coulibaly Serge<\/strong><\/p>\n","protected":false},"excerpt":{"rendered":"<p>Anne Ouloto salue le r\u00f4le jou\u00e9 par les chefs traditionnels dans la pr\u00e9servation de la paix dans le Cavally. La ministre d&#8217;\u00c9tat, Ministre de la Fonction publique et de la modernisation de l&#8217;administration, Anne D\u00e9sir\u00e9e Ouloto, pr\u00e9sidente du Conseil r\u00e9gional du Cavally a f\u00e9licit\u00e9 les chefs traditionnels pour leur contribution au retour et au maintien [&hellip;]<\/p>\n","protected":false},"author":3,"featured_media":32914,"comment_status":"closed","ping_status":"closed","sticky":false,"template":"","format":"standard","meta":{"_monsterinsights_skip_tracking":false,"_monsterinsights_sitenote_active":false,"_monsterinsights_sitenote_note":"","_monsterinsights_sitenote_category":0,"footnotes":""},"categories":[2,17],"tags":[224,712,1752,655],"class_list":["post-32912","post","type-post","status-publish","format-standard","has-post-thumbnail","hentry","category-featured","category-politique","tag-anne-ouloto","tag-cavally","tag-chefs-traditionnels","tag-paix"],"_links":{"self":[{"href":"https:\/\/www.lintelligentdabidjan.info\/news\/wp-json\/wp\/v2\/posts\/32912","targetHints":{"allow":["GET"]}}],"collection":[{"href":"https:\/\/www.lintelligentdabidjan.info\/news\/wp-json\/wp\/v2\/posts"}],"about":[{"href":"https:\/\/www.lintelligentdabidjan.info\/news\/wp-json\/wp\/v2\/types\/post"}],"author":[{"embeddable":true,"href":"https:\/\/www.lintelligentdabidjan.info\/news\/wp-json\/wp\/v2\/users\/3"}],"replies":[{"embeddable":true,"href":"https:\/\/www.lintelligentdabidjan.info\/news\/wp-json\/wp\/v2\/comments?post=32912"}],"version-history":[{"count":1,"href":"https:\/\/www.lintelligentdabidjan.info\/news\/wp-json\/wp\/v2\/posts\/32912\/revisions"}],"predecessor-version":[{"id":32913,"href":"https:\/\/www.lintelligentdabidjan.info\/news\/wp-json\/wp\/v2\/posts\/32912\/revisions\/32913"}],"wp:featuredmedia":[{"embeddable":true,"href":"https:\/\/www.lintelligentdabidjan.info\/news\/wp-json\/wp\/v2\/media\/32914"}],"wp:attachment":[{"href":"https:\/\/www.lintelligentdabidjan.info\/news\/wp-json\/wp\/v2\/media?parent=32912"}],"wp:term":[{"taxonomy":"category","embeddable":true,"href":"https:\/\/www.lintelligentdabidjan.info\/news\/wp-json\/wp\/v2\/categories?post=32912"},{"taxonomy":"post_tag","embeddable":true,"href":"https:\/\/www.lintelligentdabidjan.info\/news\/wp-json\/wp\/v2\/tags?post=32912"}],"curies":[{"name":"wp","href":"https:\/\/api.w.org\/{rel}","templated":true}]}}