{"id":32959,"date":"2024-01-04T22:53:48","date_gmt":"2024-01-04T21:53:48","guid":{"rendered":"https:\/\/www.lintelligentdabidjan.info\/news\/?p=32959"},"modified":"2024-01-04T22:54:33","modified_gmt":"2024-01-04T21:54:33","slug":"sommet-renewpac-2023-ag-des-liberaux-a-dakar-sidi-toure-devoile-les-acquis-et-les-perspectives-pour-la-cote-divoire","status":"publish","type":"post","link":"https:\/\/www.lintelligentdabidjan.info\/news\/sommet-renewpac-2023-ag-des-liberaux-a-dakar-sidi-toure-devoile-les-acquis-et-les-perspectives-pour-la-cote-divoire\/","title":{"rendered":"Sommet RENEWPAC 2023, AG des lib\u00e9raux, \u00e0 Dakar-Sidi Tour\u00e9 d\u00e9voile les acquis et les perspectives pour la C\u00f4te d&#8217;Ivoire"},"content":{"rendered":"<p><strong><strong>Le ministre des Ressources animales et Halieutiques, Sidi Ti\u00e9moko Tour\u00e9 a conduit une d\u00e9l\u00e9gation du RHDP \u00e0 Dakar, au S\u00e9n\u00e9gal, en vue de prendre part aux travaux du Sommet RENEWPAC 2023 et \u00e0 l&#8217;assembl\u00e9e g\u00e9n\u00e9rale du R\u00e9seau lib\u00e9ral africain (RLA), dont le RHDP est membre. <\/strong><\/strong><\/p>\n<p>Du 3 au 6 d\u00e9cembre 2023, Dakar, la capitale du S\u00e9n\u00e9gal a accueilli le Sommet RENEWPAC 2023 et l&#8217;assembl\u00e9e g\u00e9n\u00e9rale du R\u00e9seau lib\u00e9ral africain (RLA). De retour \u00e0 Abidjan, Sidi Ti\u00e9moko Tour\u00e9 a annonc\u00e9, le jeudi 4 janvier 2024, d&#8217;importants acquis pour la C\u00f4te d&#8217;Ivoire.<\/p>\n<p>&#8220;\u00c0 l\u2019initiative du groupe lib\u00e9ral europ\u00e9en RENEW, compos\u00e9 de 103 eurod\u00e9put\u00e9s issus de l&#8217;Alliance des D\u00e9mocrates et des Lib\u00e9raux pour l&#8217;Europe (ALDE), le sommet annuel RENEWPAC, rassemble les partis lib\u00e9raux d&#8217;Europe, d&#8217;Afrique, du Pacifique et des Cara\u00efbes, en vue de d\u00e9velopper un programme de dialogue bas\u00e9 sur des valeurs et priorit\u00e9s politiques partag\u00e9es. Organis\u00e9 en collaboration avec des institutions lib\u00e9rales internationales, telles que l&#8217;International Lib\u00e9ral, le R\u00e9seau Lib\u00e9ral Africain (RLA), la Fondation Friedrich Naumann,l\u2019Alliance des D\u00e9mocrates et des Lib\u00e9raux pour l\u2019Europe (ADLE), le Parti D\u00e9mocrate Europ\u00e9en (PDE), le groupe RENEW Europe, le Sommet RENEWPAC vise \u00e0 renforcer le partenariat entre ces r\u00e9gions&#8221;, a expliqu\u00e9 Sidi Tour\u00e9. &#8220;En 2022, le Sommet tenu \u00e0 Marrakech, au Maroc, sous le th\u00e8me &#8220;Europe-Afrique : renforcer la coop\u00e9ration lib\u00e9rale&#8221;, a abord\u00e9 des sujets pr\u00e9occupants pour les deux continents, tels que la migration, la s\u00e9curit\u00e9 alimentaire, le changement climatique et les enjeux \u00e9nerg\u00e9tiques interconnect\u00e9s.En 2023, le sommet s&#8217;est tenu du 3 au 5 d\u00e9cembre \u00e0 Dakar, au S\u00e9n\u00e9gal, sous le th\u00e8me &#8220;Europe-Afrique : comment favoriser le d\u00e9veloppement durable ?&#8221;, suivi le 6 d\u00e9cembre par la c\u00e9l\u00e9bration de la 20\u00e8me Assembl\u00e9e G\u00e9n\u00e9rale du R\u00e9seau Lib\u00e9ral Africain, ax\u00e9e sur &#8220;20 ans de R\u00e9seau lib\u00e9ral africain : bilans et perspectives&#8221;.<\/p>\n<p><strong>La C\u00f4te d&#8217;Ivoire, pays h\u00f4te de RENEWPAC 2024<\/strong><\/p>\n<p>Pendant ce sommet, la C\u00f4te d&#8217;Ivoire a \u00e9t\u00e9 d\u00e9sign\u00e9e pour accueillir le sommet RENEWPAC 2024 qui, selon Sidi Tour\u00e9, aura lieu en d\u00e9cembre 2024 \u00e0 Abidjan. &#8221; Le prochain sommet RENEWPAC 2024,  se tiendra \u00e0 Abidjan en d\u00e9cembre. Ainsi, toute l\u2019ann\u00e9e 2024, Abidjan sera la capitale Mondiale du Lib\u00e9ralisme par l\u2019organisation d&#8217;une s\u00e9rie de rencontres de haut niveau, dont le Sommet RENEWPAC. L\u2019autre acquis, c\u2019est la cr\u00e9ation de l&#8217;Acad\u00e9mie Africaine du Leadership Politique. L\u2019id\u00e9e de cette acad\u00e9mie que nous avons sugg\u00e9r\u00e9e est de combler un vide sur le continent africain. \u00c0 ce jour, il n\u2019existe quasiment pas d\u2019institutions africaines d\u00e9di\u00e9es exclusivement \u00e0 la gouvernance et formation politique des leaders et cadres africains. Ainsi, cette acad\u00e9mie africaine qui pourrait porter le nom du Pr\u00e9sident de la R\u00e9publique de C\u00f4te d\u2019Ivoire, Alassane Ouattara afin de renforcer les comp\u00e9tences en leadership des leaders politiques adapt\u00e9es aux besoins africains, serait un centre d&#8217;expertise et de renforcement des capacit\u00e9s des dirigeants africains et jeunes cadres appel\u00e9s \u00e0 occuper des fonctions de haut niveau, en promouvant les valeurs lib\u00e9rales en Afrique&#8221;, a-t-il r\u00e9v\u00e9l\u00e9. Selon Sidi Tour\u00e9, le RENEWPAC et l&#8217;assembl\u00e9e g\u00e9n\u00e9rale du R\u00e9seau des lib\u00e9raux africains constituent une opportunit\u00e9 de renforcement de la pr\u00e9sence du RHDP sur la sc\u00e8ne internationale. &#8220;Ensemble, nous devons faire vivre les valeurs lib\u00e9rales et construire un RHDP encore plus fort et dynamique, en C\u00f4te d&#8217;Ivoire et \u00e0 l&#8217;international&#8221;, a-t-il souhait\u00e9.<\/p>\n<p><strong>Olivier Dion<\/strong><\/p>\n","protected":false},"excerpt":{"rendered":"<p>Le ministre des Ressources animales et Halieutiques, Sidi Ti\u00e9moko Tour\u00e9 a conduit une d\u00e9l\u00e9gation du RHDP \u00e0 Dakar, au S\u00e9n\u00e9gal, en vue de prendre part aux travaux du Sommet RENEWPAC 2023 et \u00e0 l&#8217;assembl\u00e9e g\u00e9n\u00e9rale du R\u00e9seau lib\u00e9ral africain (RLA), dont le RHDP est membre. Du 3 au 6 d\u00e9cembre 2023, Dakar, la capitale du [&hellip;]<\/p>\n","protected":false},"author":3,"featured_media":32960,"comment_status":"closed","ping_status":"closed","sticky":false,"template":"","format":"standard","meta":{"_monsterinsights_skip_tracking":false,"_monsterinsights_sitenote_active":false,"_monsterinsights_sitenote_note":"","_monsterinsights_sitenote_category":0,"footnotes":""},"categories":[2,17],"tags":[2980,605,77,2811,2988,2954,641,2987],"class_list":["post-32959","post","type-post","status-publish","format-standard","has-post-thumbnail","hentry","category-featured","category-politique","tag-acquis","tag-ag","tag-cote-divoire","tag-dakar","tag-liberaux","tag-perspectives","tag-sidi-toure","tag-sommet-renewpac-2023"],"_links":{"self":[{"href":"https:\/\/www.lintelligentdabidjan.info\/news\/wp-json\/wp\/v2\/posts\/32959","targetHints":{"allow":["GET"]}}],"collection":[{"href":"https:\/\/www.lintelligentdabidjan.info\/news\/wp-json\/wp\/v2\/posts"}],"about":[{"href":"https:\/\/www.lintelligentdabidjan.info\/news\/wp-json\/wp\/v2\/types\/post"}],"author":[{"embeddable":true,"href":"https:\/\/www.lintelligentdabidjan.info\/news\/wp-json\/wp\/v2\/users\/3"}],"replies":[{"embeddable":true,"href":"https:\/\/www.lintelligentdabidjan.info\/news\/wp-json\/wp\/v2\/comments?post=32959"}],"version-history":[{"count":1,"href":"https:\/\/www.lintelligentdabidjan.info\/news\/wp-json\/wp\/v2\/posts\/32959\/revisions"}],"predecessor-version":[{"id":32961,"href":"https:\/\/www.lintelligentdabidjan.info\/news\/wp-json\/wp\/v2\/posts\/32959\/revisions\/32961"}],"wp:featuredmedia":[{"embeddable":true,"href":"https:\/\/www.lintelligentdabidjan.info\/news\/wp-json\/wp\/v2\/media\/32960"}],"wp:attachment":[{"href":"https:\/\/www.lintelligentdabidjan.info\/news\/wp-json\/wp\/v2\/media?parent=32959"}],"wp:term":[{"taxonomy":"category","embeddable":true,"href":"https:\/\/www.lintelligentdabidjan.info\/news\/wp-json\/wp\/v2\/categories?post=32959"},{"taxonomy":"post_tag","embeddable":true,"href":"https:\/\/www.lintelligentdabidjan.info\/news\/wp-json\/wp\/v2\/tags?post=32959"}],"curies":[{"name":"wp","href":"https:\/\/api.w.org\/{rel}","templated":true}]}}