{"id":32977,"date":"2024-01-05T22:03:52","date_gmt":"2024-01-05T21:03:52","guid":{"rendered":"https:\/\/www.lintelligentdabidjan.info\/news\/?p=32977"},"modified":"2024-01-05T22:18:16","modified_gmt":"2024-01-05T21:18:16","slug":"prenant-le-commandement-de-larmee-de-terre-cherif-ousmane-met-en-garde-ses-hommes-contre-toute-forme-de-laxisme-de-negligence-et-de-manquement-grave","status":"publish","type":"post","link":"https:\/\/www.lintelligentdabidjan.info\/news\/prenant-le-commandement-de-larmee-de-terre-cherif-ousmane-met-en-garde-ses-hommes-contre-toute-forme-de-laxisme-de-negligence-et-de-manquement-grave\/","title":{"rendered":"Prenant le commandement de l&#8217;Arm\u00e9e de Terre-Ch\u00e9rif Ousmane met en garde ses hommes contre toute forme de laxisme, de n\u00e9gligence et de manquement grave"},"content":{"rendered":"<p><em><strong>La c\u00e9r\u00e9monie de passation de commandement \u00e0 l\u2019Arm\u00e9e de Terre s&#8217;est tenue, le vendredi 05 janvier 2024 \u00e0 l\u2019ancien Camp d&#8217;Akou\u00e9do d&#8217;Abidjan. <\/strong><\/em><\/p>\n<p>Le nouveau chef d\u2019\u00e9tat-major de l&#8217;arm\u00e9e de terre, le g\u00e9n\u00e9ral de brigade Ch\u00e9rif Ousmane a officiellement pris fonction. Il est devenu le 10e Chef d\u2019\u00e9tat-major de l\u2019Arm\u00e9e de Terre. Il a re\u00e7u ses attributs de chef des mains du chef d\u2019\u00e9tat-major, g\u00e9n\u00e9ral des arm\u00e9es, Lassina Doumbia. Dans son allocution, le g\u00e9n\u00e9ral de brigade Ch\u00e9rif Ousmane a pris l\u2019engagement de maintenir la trajectoire amorc\u00e9e par ses pr\u00e9d\u00e9cesseurs et de la renforcer afin qu\u2019elle soit conforme \u00e0 la r\u00e9ponse qui doit \u00eatre celle de cette composante face aux d\u00e9fis contemporains. Il a dit reposer son action sur l&#8217;entra\u00eenement et la pr\u00e9paration des hommes au combat, mission permanente du temps de paix dans les Arm\u00e9es.<br \/>\n\u00ab Militaires et personnels de l&#8217;arm\u00e9e de terre, vous qui \u00eates le c\u0153ur et l&#8217;\u00e2me de notre arm\u00e9e, laissez-moi vous traduire mon admiration, ma fiert\u00e9 et ma gratitude. Je suis conscient de votre engagement, de votre courage et de votre professionnalisme ainsi qu&#8217;aux sacrifices que vous consentez tout le temps. L&#8217;heure est maintenant \u00e0 la mise en \u0153uvre de nos capacit\u00e9s et \u00e0 la d\u00e9monstration professionnelle.  <\/p>\n<p>Je vous mets en garde contre toute forme de laxisme, de n\u00e9gligence et de manquement grave. La hi\u00e9rarchie est en train de respecter sa part d&#8217;engagement en nous \u00e9quipant, \u00e0 nous de la rendre fi\u00e8re en \u00e9tant exemplaires, en nous mettant au service de la Nation\u00bb  a-t-il d\u00e9clar\u00e9. Il a promis de marcher dans les pas de son pr\u00e9d\u00e9cesseur le g\u00e9n\u00e9ral de brigade Justin Dem Aly et de continuer la mise en \u0153uvre des chantiers entam\u00e9s par ce dernier. <\/p>\n<p>Pour sa part, le G\u00e9n\u00e9ral Lassina Doumbia, chef d&#8217;\u00e9tat- major g\u00e9n\u00e9ral des arm\u00e9es de C\u00f4te d&#8217;Ivoire a dit toute sa confiance au G\u00e9n\u00e9ral Ch\u00e9rif  avant de lui indiquer le sens de la reconqu\u00eate de la fiert\u00e9, socle de la vision \u00ab FACI 2025 \u00bb .\u00ab Cherif Ousmane, je vous r\u00e9it\u00e8re \u00e0 nouveau l&#8217;\u00e9tape finale recherch\u00e9e du plan d&#8217;action Faci 2025, la reconqu\u00eate de notre fiert\u00e9. Agir pour que nous soyons tous fiers d&#8217;\u00eatre des soldats et d&#8217;appartenir aux forces arm\u00e9es de C\u00f4te d&#8217;Ivoire et que la nation ivoirienne soit fi\u00e8re de nous. Cela ne sera pas chose ais\u00e9e, mais j&#8217;attends que vous fassiez mieux que votre pr\u00e9d\u00e9cesseur\u00bb ,a-t-il lanc\u00e9 \u00e0 Ch\u00e9rif Ousmane. <\/p>\n<p>Par ailleurs, il a indiqu\u00e9 que l&#8217;un des d\u00e9fis majeurs des hommes en tenue pour cette ann\u00e9e 2024 est la s\u00e9curisation de la Coupe d&#8217;Afrique des Nations.<br \/>\n\u00ab  Officiers et sous-officiers, militaires de rang, notre premier challenge pour l&#8217;ann\u00e9e 2024, est \u00e0 en point dout\u00e9 la s\u00e9curisation de la Can. Nous devons de tous nos moyens et de toutes nos expertises appuyer et soutenir les forces de s\u00e9curit\u00e9 int\u00e9rieure, police et gendarmerie qui ont le lead dans cette op\u00e9ration. J&#8217;exhorte chacun de vous \u00e0 en faire un d\u00e9fi personnel\u00bb , a-t-il fait savoir. <\/p>\n<p>Un impressionnant d\u00e9fil\u00e9 de troupes et d\u2019engins a ponctu\u00e9 cette c\u00e9r\u00e9monie de passation de commandement suivie d\u2019une remise de mat\u00e9riels de transmission aux diff\u00e9rentes entit\u00e9s de la cha\u00eene op\u00e9rationnelle. Cette c\u00e9r\u00e9monie s\u2019est sold\u00e9e par  un d\u00e9fil\u00e9 honorifique des unit\u00e9s de l\u2019arm\u00e9e de terre, une d\u00e9monstration des engins de force. Mais \u00e9galement une remise de l\u2019art\u00e9riel.<\/p>\n<p><strong>Tour\u00e9 Abdoulaye avec A. Traor\u00e9 (Stagiaire)<\/strong><\/p>\n","protected":false},"excerpt":{"rendered":"<p>La c\u00e9r\u00e9monie de passation de commandement \u00e0 l\u2019Arm\u00e9e de Terre s&#8217;est tenue, le vendredi 05 janvier 2024 \u00e0 l\u2019ancien Camp d&#8217;Akou\u00e9do d&#8217;Abidjan. Le nouveau chef d\u2019\u00e9tat-major de l&#8217;arm\u00e9e de terre, le g\u00e9n\u00e9ral de brigade Ch\u00e9rif Ousmane a officiellement pris fonction. Il est devenu le 10e Chef d\u2019\u00e9tat-major de l\u2019Arm\u00e9e de Terre. Il a re\u00e7u ses [&hellip;]<\/p>\n","protected":false},"author":3,"featured_media":32983,"comment_status":"closed","ping_status":"closed","sticky":false,"template":"","format":"standard","meta":{"_monsterinsights_skip_tracking":false,"_monsterinsights_sitenote_active":false,"_monsterinsights_sitenote_note":"","_monsterinsights_sitenote_category":0,"footnotes":""},"categories":[2,17],"tags":[],"class_list":["post-32977","post","type-post","status-publish","format-standard","has-post-thumbnail","hentry","category-featured","category-politique"],"_links":{"self":[{"href":"https:\/\/www.lintelligentdabidjan.info\/news\/wp-json\/wp\/v2\/posts\/32977","targetHints":{"allow":["GET"]}}],"collection":[{"href":"https:\/\/www.lintelligentdabidjan.info\/news\/wp-json\/wp\/v2\/posts"}],"about":[{"href":"https:\/\/www.lintelligentdabidjan.info\/news\/wp-json\/wp\/v2\/types\/post"}],"author":[{"embeddable":true,"href":"https:\/\/www.lintelligentdabidjan.info\/news\/wp-json\/wp\/v2\/users\/3"}],"replies":[{"embeddable":true,"href":"https:\/\/www.lintelligentdabidjan.info\/news\/wp-json\/wp\/v2\/comments?post=32977"}],"version-history":[{"count":1,"href":"https:\/\/www.lintelligentdabidjan.info\/news\/wp-json\/wp\/v2\/posts\/32977\/revisions"}],"predecessor-version":[{"id":32978,"href":"https:\/\/www.lintelligentdabidjan.info\/news\/wp-json\/wp\/v2\/posts\/32977\/revisions\/32978"}],"wp:featuredmedia":[{"embeddable":true,"href":"https:\/\/www.lintelligentdabidjan.info\/news\/wp-json\/wp\/v2\/media\/32983"}],"wp:attachment":[{"href":"https:\/\/www.lintelligentdabidjan.info\/news\/wp-json\/wp\/v2\/media?parent=32977"}],"wp:term":[{"taxonomy":"category","embeddable":true,"href":"https:\/\/www.lintelligentdabidjan.info\/news\/wp-json\/wp\/v2\/categories?post=32977"},{"taxonomy":"post_tag","embeddable":true,"href":"https:\/\/www.lintelligentdabidjan.info\/news\/wp-json\/wp\/v2\/tags?post=32977"}],"curies":[{"name":"wp","href":"https:\/\/api.w.org\/{rel}","templated":true}]}}