{"id":33089,"date":"2024-01-26T01:47:36","date_gmt":"2024-01-26T00:47:36","guid":{"rendered":"https:\/\/www.lintelligentdabidjan.info\/news\/?p=33089"},"modified":"2024-01-26T01:54:06","modified_gmt":"2024-01-26T00:54:06","slug":"katiola-une-mutuelle-pour-la-promotion-des-cadres-et-valeurs-culturelles-tagbana-voit-le-jour","status":"publish","type":"post","link":"https:\/\/www.lintelligentdabidjan.info\/news\/katiola-une-mutuelle-pour-la-promotion-des-cadres-et-valeurs-culturelles-tagbana-voit-le-jour\/","title":{"rendered":"Katiola :  Une mutuelle pour la promotion des cadres et valeurs culturelles tagbana voit le jour"},"content":{"rendered":"<p><em><strong>La Mutuelle des Jeunes et Cadres Tagbana de la r\u00e9gion de Gb\u00eak\u00ea (Mujectg) vient d&#8217;\u00eatre port\u00e9e sur les fonts baptismaux <\/strong><\/em><\/p>\n<p>Elle a \u00e9t\u00e9 pr\u00e9sent\u00e9e le samedi 21 janvier 2024 \u00e0 Camara Thomas, D\u00e9put\u00e9-maire de Katiola en sa r\u00e9sidence en pr\u00e9sence de plusieurs de cadres, filles et fils ainsi que des membres du Conseil municipal . F\u00e9licitant les membres de cette mutuelle pour leur initiative, le maire de Katiola les a exhort\u00e9s \u00e0 f\u00e9d\u00e9rer toutes les forces vives tagbana partout en C\u00f4te d\u2019Ivoire et la diaspora, pour penser et s&#8217;accorder sur un plan de d\u00e9veloppement de la r\u00e9gion du Hambol particuli\u00e8rement de Katiola. Thomas Camara a appel\u00e9 les membres de la Mujecta et les sympathisants de tous les bords politiques et religieux \u00e0 l&#8217;union et \u00e0 soutenir les projets pour l\u2019am\u00e9lioration du cadre de vie de leur d\u00e9partement et la promotion des parents. \u00ab Soyons unis, personne ne viendra d\u00e9velopper notre r\u00e9gion \u00e0 notre place. Le Pr\u00e9sident de la R\u00e9publique, Alassane Ouattara avec \u00e0 ses c\u00f4t\u00e9s le Vice-pr\u00e9sident de la R\u00e9publique Kon\u00e9 Ti\u00e9moko Meylet et le gouvernement font des efforts pour le d\u00e9veloppement du Hambol. Nous devons dans l\u2019union sacr\u00e9e les accompagner pour notre bien-\u00eatre social et \u00e9conomique \u00bb a dit Camara Thomas, maire de Katiola. Avant d\u2019ajouter que : &#8220;C&#8217;est dans la coh\u00e9sion, la fraternit\u00e9, l\u2019entente, la solidarit\u00e9 et la coh\u00e9sion sociale que nous parviendrons \u00e0 la mise en \u0153uvre et \u00e0 la r\u00e9alisation des nombreux projets \u00bb que b\u00e9n\u00e9ficie d\u00e9j\u00e0 la r\u00e9gion du Hambol depuis 2011. Avant le D\u00e9put\u00e9-maire de Katiola, Camara Thomas, le pr\u00e9sident de la Mujecta, Henri Jo\u00ebl Honat\u00e9 a donn\u00e9 les objectifs de la cr\u00e9ation de cette mutuelle avant de demander le soutien du maire de la capitale de la r\u00e9gion du Hambol. \u00ab La Mujectag a \u00e9t\u00e9 mise en place \u00e0 la suite d\u2019une assembl\u00e9e g\u00e9n\u00e9rale. Notre objectif est de mettre l\u2019accent sur la valorisation des cadres tagbana et des vertus coutumi\u00e8res de notre peuple \u00bb, a-t-il dit.<\/p>\n<p><strong>Aboubacar Al Syddick \u00e0 Katiola<\/strong><\/p>\n","protected":false},"excerpt":{"rendered":"<p>La Mutuelle des Jeunes et Cadres Tagbana de la r\u00e9gion de Gb\u00eak\u00ea (Mujectg) vient d&#8217;\u00eatre port\u00e9e sur les fonts baptismaux Elle a \u00e9t\u00e9 pr\u00e9sent\u00e9e le samedi 21 janvier 2024 \u00e0 Camara Thomas, D\u00e9put\u00e9-maire de Katiola en sa r\u00e9sidence en pr\u00e9sence de plusieurs de cadres, filles et fils ainsi que des membres du Conseil municipal . [&hellip;]<\/p>\n","protected":false},"author":3,"featured_media":33094,"comment_status":"closed","ping_status":"closed","sticky":false,"template":"","format":"standard","meta":{"_monsterinsights_skip_tracking":false,"_monsterinsights_sitenote_active":false,"_monsterinsights_sitenote_note":"","_monsterinsights_sitenote_category":0,"footnotes":""},"categories":[2,3],"tags":[1473,338,3048,3045,3047,3046],"class_list":["post-33089","post","type-post","status-publish","format-standard","has-post-thumbnail","hentry","category-featured","category-societe","tag-cadres","tag-gbeke","tag-mujectg","tag-mutuelle-jeunes","tag-region","tag-tagbana"],"_links":{"self":[{"href":"https:\/\/www.lintelligentdabidjan.info\/news\/wp-json\/wp\/v2\/posts\/33089","targetHints":{"allow":["GET"]}}],"collection":[{"href":"https:\/\/www.lintelligentdabidjan.info\/news\/wp-json\/wp\/v2\/posts"}],"about":[{"href":"https:\/\/www.lintelligentdabidjan.info\/news\/wp-json\/wp\/v2\/types\/post"}],"author":[{"embeddable":true,"href":"https:\/\/www.lintelligentdabidjan.info\/news\/wp-json\/wp\/v2\/users\/3"}],"replies":[{"embeddable":true,"href":"https:\/\/www.lintelligentdabidjan.info\/news\/wp-json\/wp\/v2\/comments?post=33089"}],"version-history":[{"count":2,"href":"https:\/\/www.lintelligentdabidjan.info\/news\/wp-json\/wp\/v2\/posts\/33089\/revisions"}],"predecessor-version":[{"id":33095,"href":"https:\/\/www.lintelligentdabidjan.info\/news\/wp-json\/wp\/v2\/posts\/33089\/revisions\/33095"}],"wp:featuredmedia":[{"embeddable":true,"href":"https:\/\/www.lintelligentdabidjan.info\/news\/wp-json\/wp\/v2\/media\/33094"}],"wp:attachment":[{"href":"https:\/\/www.lintelligentdabidjan.info\/news\/wp-json\/wp\/v2\/media?parent=33089"}],"wp:term":[{"taxonomy":"category","embeddable":true,"href":"https:\/\/www.lintelligentdabidjan.info\/news\/wp-json\/wp\/v2\/categories?post=33089"},{"taxonomy":"post_tag","embeddable":true,"href":"https:\/\/www.lintelligentdabidjan.info\/news\/wp-json\/wp\/v2\/tags?post=33089"}],"curies":[{"name":"wp","href":"https:\/\/api.w.org\/{rel}","templated":true}]}}