{"id":33102,"date":"2024-01-30T02:42:44","date_gmt":"2024-01-30T01:42:44","guid":{"rendered":"https:\/\/www.lintelligentdabidjan.info\/news\/?p=33102"},"modified":"2024-01-30T02:42:44","modified_gmt":"2024-01-30T01:42:44","slug":"au-burkina-la-liberte-dexpression-en-souffrance","status":"publish","type":"post","link":"https:\/\/www.lintelligentdabidjan.info\/news\/au-burkina-la-liberte-dexpression-en-souffrance\/","title":{"rendered":"Au Burkina, la libert\u00e9 d\u2019expression en souffrance !"},"content":{"rendered":"<p><em><strong>Au Burkina-Faso, des arrestations et r\u00e9quisitions controvers\u00e9es visant des d\u00e9fenseurs des droits de l\u2019Homme et lanceurs d\u2019alertes ont \u00e9t\u00e9 relev\u00e9es ces derniers mois. Celles-ci rendent l\u00e9gitimes les interrogations sur l\u2019\u00e9tat de \u00ab sant\u00e9 \u00bb des libert\u00e9s d\u2019information et d\u2019expression dans le pays.<\/strong><\/em><\/p>\n<p>Fin novembre, l\u2019activiste burkinab\u00e8 Wendpouire Charles Sawadogo est arr\u00eat\u00e9 pour avoir relay\u00e9 un bilan de l\u2019assaut de Djibo. Depuis lors, il est r\u00e9quisitionn\u00e9 pour le front. Les chiffres dont il est question proviennent d\u2019un rapport du Haut-Commissariat de l\u2019ONU. Pour rappel, le 26 novembre 2023 de nombreux combattants du Groupe de soutien \u00e0 l\u2019islam et aux musulmans (JNIM, affili\u00e9 \u00e0 Al-Qa\u00efda) attaquent le d\u00e9tachement militaire de Djibo. Aucun bilan officiel n\u2019est encore rendu \u00e0 ce jour.<\/p>\n<p>Cette r\u00e9quisition prend place dans un environnement de propagande particuli\u00e8rement intense depuis l\u2019offensive. Si le pouvoir en place reconna\u00eet \u00ab une attaque d\u2019envergure sans pr\u00e9c\u00e9dent \u00bb, l\u2019absence de communication sur l\u2019\u00e9v\u00e8nement inqui\u00e8te dans le pays. Agac\u00e9es par la publication du bilan, les autorit\u00e9s invitent d\u2019ailleurs Zeinab Hamza, repr\u00e9sentante de l\u2019ONU au Burkina-Faso, \u00e0 \u00ab accorder le moins d\u2019espace possible aux terroristes \u00bb.<\/p>\n<p>L\u2019interpellation r\u00e9cente de Wendpouire Charles Sawadogo, n\u2019est pas sans rappeler les r\u00e9quisitions cibl\u00e9es dont se plaignent journalistes et activistes dans le pays. Pourtant, associations et collectifs du milieu continuent de rappeler l\u2019importance de la circulation de l\u2019information pour une nation forte. En avril, la directrice r\u00e9gionale pour l\u2019Afrique de l\u2019Ouest \u00e0 Amnesty International, insiste : \u00ab La lutte contre les groupes arm\u00e9s et l\u2019ins\u00e9curit\u00e9 ne sauraient \u00eatre un pr\u00e9texte pour restreindre les libert\u00e9s de la presse et les droits des citoyens d\u2019acc\u00e8s \u00e0 l\u2019information [&#8230;] \u00bb<\/p>\n<p><strong>La justice, du c\u00f4t\u00e9 des journalistes<\/strong><\/p>\n<p>Le 7 d\u00e9cembre, le Tribunal de Ouagadougou tranche en faveur du dangereux m\u00e9tier de porte-parole de la v\u00e9rit\u00e9. Il juge ill\u00e9gales les r\u00e9quisitions de plusieurs personnalit\u00e9s, dont des leaders d\u2019opinion, politiques, syndicalistes et journalistes. Selon l\u2019avocat de la d\u00e9fense, cette victoire juridique est r\u00e9v\u00e9latrice d\u2019une instrumentalisation de la crise s\u00e9curitaire et d\u2019atteintes \u00e0 la libert\u00e9 d\u2019expression et d\u2019opinion. Interrog\u00e9 par LeFaso.net sur le sujet, l\u2019ancien directeur de publication de L\u2019\u00c9v\u00e8nement argumente : \u00ab Regardons en Ukraine, on dit qu\u2019on a besoin par exemple de 10 000 combattants. On fait un appel, [ou] on cible une tranche d\u2019\u00e2ge pour rechercher les gens. On ne s\u2019assoit pas pour d\u00e9cider que c\u2019est X et Y qu\u2019on r\u00e9quisitionne [\u2026]. \u00bb Malgr\u00e9 ce v\u00e9ritable pas en avant, les mobilisations abusives persistent.<\/p>\n<p>D\u00e9but d\u00e9cembre, deux militants connus pour leurs publications critiques des autorit\u00e9s auraient \u00e9t\u00e9 d\u00e9sign\u00e9s Volontaires pour la D\u00e9fense de la Patrie (VDP) et envoy\u00e9s au front. \u00c0 la fin du mois, c\u2019est au tour d\u2019Ablass\u00e9 Ou\u00e9draogo, ex-ministre des Affaires \u00e9trang\u00e8res, d\u2019\u00eatre enlev\u00e9 \u00e0 son domicile. Il s\u2019\u00e9tait fait remarqu\u00e9 en d\u00e9non\u00e7ant \u00ab le musellement de la presse \u00bb et un certain \u00ab recul de la d\u00e9mocratie \u00bb dans une lettre ouvertement critique. \u00c2g\u00e9 de 70 ans, le diplomate \u00e9tait d\u00e9j\u00e0 pri\u00e9 de rejoindre les VDP depuis d\u00e9but novembre.<\/p>\n<p>Suite \u00e0 cela, la Communaut\u00e9 \u00c9conomique des \u00c9tats de l\u2019Afrique de l\u2019Ouest (CEDEAO) appelle \u00e0 la lib\u00e9ration des critiques du pouvoir en place.<\/p>\n<p><strong>Constantine<\/strong><\/p>\n","protected":false},"excerpt":{"rendered":"<p>Au Burkina-Faso, des arrestations et r\u00e9quisitions controvers\u00e9es visant des d\u00e9fenseurs des droits de l\u2019Homme et lanceurs d\u2019alertes ont \u00e9t\u00e9 relev\u00e9es ces derniers mois. Celles-ci rendent l\u00e9gitimes les interrogations sur l\u2019\u00e9tat de \u00ab sant\u00e9 \u00bb des libert\u00e9s d\u2019information et d\u2019expression dans le pays. Fin novembre, l\u2019activiste burkinab\u00e8 Wendpouire Charles Sawadogo est arr\u00eat\u00e9 pour avoir relay\u00e9 un [&hellip;]<\/p>\n","protected":false},"author":3,"featured_media":33103,"comment_status":"closed","ping_status":"closed","sticky":false,"template":"","format":"standard","meta":{"_monsterinsights_skip_tracking":false,"_monsterinsights_sitenote_active":false,"_monsterinsights_sitenote_note":"","_monsterinsights_sitenote_category":0,"footnotes":""},"categories":[2,1,3],"tags":[3052,3053,2668,3054],"class_list":["post-33102","post","type-post","status-publish","format-standard","has-post-thumbnail","hentry","category-featured","category-actualites","category-societe","tag-burkina","tag-expression","tag-liberte","tag-souffrance"],"_links":{"self":[{"href":"https:\/\/www.lintelligentdabidjan.info\/news\/wp-json\/wp\/v2\/posts\/33102","targetHints":{"allow":["GET"]}}],"collection":[{"href":"https:\/\/www.lintelligentdabidjan.info\/news\/wp-json\/wp\/v2\/posts"}],"about":[{"href":"https:\/\/www.lintelligentdabidjan.info\/news\/wp-json\/wp\/v2\/types\/post"}],"author":[{"embeddable":true,"href":"https:\/\/www.lintelligentdabidjan.info\/news\/wp-json\/wp\/v2\/users\/3"}],"replies":[{"embeddable":true,"href":"https:\/\/www.lintelligentdabidjan.info\/news\/wp-json\/wp\/v2\/comments?post=33102"}],"version-history":[{"count":1,"href":"https:\/\/www.lintelligentdabidjan.info\/news\/wp-json\/wp\/v2\/posts\/33102\/revisions"}],"predecessor-version":[{"id":33104,"href":"https:\/\/www.lintelligentdabidjan.info\/news\/wp-json\/wp\/v2\/posts\/33102\/revisions\/33104"}],"wp:featuredmedia":[{"embeddable":true,"href":"https:\/\/www.lintelligentdabidjan.info\/news\/wp-json\/wp\/v2\/media\/33103"}],"wp:attachment":[{"href":"https:\/\/www.lintelligentdabidjan.info\/news\/wp-json\/wp\/v2\/media?parent=33102"}],"wp:term":[{"taxonomy":"category","embeddable":true,"href":"https:\/\/www.lintelligentdabidjan.info\/news\/wp-json\/wp\/v2\/categories?post=33102"},{"taxonomy":"post_tag","embeddable":true,"href":"https:\/\/www.lintelligentdabidjan.info\/news\/wp-json\/wp\/v2\/tags?post=33102"}],"curies":[{"name":"wp","href":"https:\/\/api.w.org\/{rel}","templated":true}]}}