{"id":33238,"date":"2024-02-21T02:50:20","date_gmt":"2024-02-21T01:50:20","guid":{"rendered":"https:\/\/www.lintelligentdabidjan.info\/news\/?p=33238"},"modified":"2024-02-21T02:51:50","modified_gmt":"2024-02-21T01:51:50","slug":"bouake-la-coordinatrice-de-luegblo-et-son-bureau-investis","status":"publish","type":"post","link":"https:\/\/www.lintelligentdabidjan.info\/news\/bouake-la-coordinatrice-de-luegblo-et-son-bureau-investis\/","title":{"rendered":"Bouak\u00e9 :   La coordinatrice de l\u2019UEGBLO et son bureau investis"},"content":{"rendered":"<p><em><strong>La coordinatrice d\u00e9partementale de l\u2019Union des \u00e9l\u00e8ves et \u00e9tudiants Gblo Diabo-Languibonou (UEGBLO) section Bouak\u00e9, Roseline Kouam\u00e9 et son bureau ont \u00e9t\u00e9 investis le samedi 17 f\u00e9vrier 2024 \u00e0 Bouak\u00e9 .<\/strong><\/em><\/p>\n<p> La c\u00e9r\u00e9monie d\u2019investiture \u00e9tait plac\u00e9e sous le parrainage de Jacques Assahor\u00e9 Konan, ministre de l\u2019Environnement, du D\u00e9veloppement Durable et de la Transition \u00c9cologique, par ailleurs, pr\u00e9sident du Conseil r\u00e9gional de Gb\u00eak\u00ea. Au nom du parrain, son repr\u00e9sentant Brou Duval a adress\u00e9 ses vives f\u00e9licitations aux membres de l\u2019UEGBLO avant d\u2019encourager les filleules du ministre Jacques Assahor\u00e9 Konan \u00e0 prendre une part active \u00e0 la promotion des int\u00e9r\u00eats et cultures du peuple Gblo ainsi qu\u2019au d\u00e9veloppement de Diabo et Languibonou. \u00ab Vous devrez savoir r\u00e9unir, \u00e9couter, communiquer, recueillir les pr\u00e9occupations des adh\u00e9rents, trouver des solutions de fa\u00e7on consensuelle et porter une vision \u00e0 l\u2019image de votre parrain Jacques Assahor\u00e9 Konan. Il vous exhorte \u00e0 r\u00e9aliser de nombreuses t\u00e2ches fructueuses et enrichissantes \u00bb, a dit Brou Duval. Avant de les inviter , \u00e0 faire de l\u2019UEGBLO, un cadre de concertation, d\u2019entraide et de promotion de la coh\u00e9sion sociale, du travail bien fait, mais surtout de soutenir les actions du ministre Jacques Assahor\u00e9 Konan. Avant lui, la pr\u00e9sidente nationale de l\u2019UEGBLO,  Roseline Kouam\u00e9 a rappel\u00e9 les missions principales de ladite union. \u00ab Aujourd\u2019hui plus que jamais, notre g\u00e9n\u00e9ration a soif de changement, de r\u00e9ussite et surtout d\u2019actions concr\u00e8tes capables d\u2019influencer positivement nos vies en soci\u00e9t\u00e9. Trouver des solutions aux d\u00e9fis de notre union, passent in\u00e9vitablement par une formation de nos membres challeng\u00e9s dans leur mentalit\u00e9 et impr\u00e9gn\u00e9s des enjeux d\u2019un monde de solidarit\u00e9, d\u2019unit\u00e9, d\u2019entraide et de solidarit\u00e9. C\u2019est ce \u00e0 quoi nous travaillons \u00e0 l\u2019UEGBLO Diabo-Languibonou \u00bb, a-t-elle dit. Apr\u00e8s son investiture, Roseline Kouam\u00e9 ,   a exprim\u00e9 sa gratitude \u00e0 tous pour la marque de confiance  qui lui a \u00e9t\u00e9 t\u00e9moign\u00e9e . En pr\u00e9sence de plusieurs responsables d\u2019organisations de jeunesse, de chefs de communaut\u00e9s, de parents et amis, elle s\u2019est engag\u00e9e avec son bureau \u00e0 travailler \u00e0 une meilleure coh\u00e9sion des troupes et \u00e0 redynamiser la section de Bouak\u00e9. L\u2019UEGBLO cr\u00e9\u00e9e en 1994 est une union de jeunesse qui met un point d\u2019honneur \u00e0 insuffler la culture de l\u2019excellence, le sens de responsabilit\u00e9 et l\u2019entrepreneuriat afin de transformer les membres en acteurs de changement pr\u00eat \u00e0 r\u00e9pondre aux d\u00e9fis du d\u00e9veloppement de Diabo-Languibonou<\/p>\n<p><strong>Aboubacar Al Syddick \u00e0 Bouak\u00e9<\/strong><\/p>\n","protected":false},"excerpt":{"rendered":"<p>La coordinatrice d\u00e9partementale de l\u2019Union des \u00e9l\u00e8ves et \u00e9tudiants Gblo Diabo-Languibonou (UEGBLO) section Bouak\u00e9, Roseline Kouam\u00e9 et son bureau ont \u00e9t\u00e9 investis le samedi 17 f\u00e9vrier 2024 \u00e0 Bouak\u00e9 . La c\u00e9r\u00e9monie d\u2019investiture \u00e9tait plac\u00e9e sous le parrainage de Jacques Assahor\u00e9 Konan, ministre de l\u2019Environnement, du D\u00e9veloppement Durable et de la Transition \u00c9cologique, par ailleurs, [&hellip;]<\/p>\n","protected":false},"author":3,"featured_media":33239,"comment_status":"closed","ping_status":"closed","sticky":false,"template":"","format":"standard","meta":{"_monsterinsights_skip_tracking":false,"_monsterinsights_sitenote_active":false,"_monsterinsights_sitenote_note":"","_monsterinsights_sitenote_category":0,"footnotes":""},"categories":[2,3],"tags":[125,2588,3116,3118,3117],"class_list":["post-33238","post","type-post","status-publish","format-standard","has-post-thumbnail","hentry","category-featured","category-societe","tag-bouake","tag-bureau","tag-coordinatrice","tag-investis","tag-uegblo"],"_links":{"self":[{"href":"https:\/\/www.lintelligentdabidjan.info\/news\/wp-json\/wp\/v2\/posts\/33238","targetHints":{"allow":["GET"]}}],"collection":[{"href":"https:\/\/www.lintelligentdabidjan.info\/news\/wp-json\/wp\/v2\/posts"}],"about":[{"href":"https:\/\/www.lintelligentdabidjan.info\/news\/wp-json\/wp\/v2\/types\/post"}],"author":[{"embeddable":true,"href":"https:\/\/www.lintelligentdabidjan.info\/news\/wp-json\/wp\/v2\/users\/3"}],"replies":[{"embeddable":true,"href":"https:\/\/www.lintelligentdabidjan.info\/news\/wp-json\/wp\/v2\/comments?post=33238"}],"version-history":[{"count":1,"href":"https:\/\/www.lintelligentdabidjan.info\/news\/wp-json\/wp\/v2\/posts\/33238\/revisions"}],"predecessor-version":[{"id":33240,"href":"https:\/\/www.lintelligentdabidjan.info\/news\/wp-json\/wp\/v2\/posts\/33238\/revisions\/33240"}],"wp:featuredmedia":[{"embeddable":true,"href":"https:\/\/www.lintelligentdabidjan.info\/news\/wp-json\/wp\/v2\/media\/33239"}],"wp:attachment":[{"href":"https:\/\/www.lintelligentdabidjan.info\/news\/wp-json\/wp\/v2\/media?parent=33238"}],"wp:term":[{"taxonomy":"category","embeddable":true,"href":"https:\/\/www.lintelligentdabidjan.info\/news\/wp-json\/wp\/v2\/categories?post=33238"},{"taxonomy":"post_tag","embeddable":true,"href":"https:\/\/www.lintelligentdabidjan.info\/news\/wp-json\/wp\/v2\/tags?post=33238"}],"curies":[{"name":"wp","href":"https:\/\/api.w.org\/{rel}","templated":true}]}}