{"id":33262,"date":"2024-02-22T03:39:54","date_gmt":"2024-02-22T02:39:54","guid":{"rendered":"https:\/\/www.lintelligentdabidjan.info\/news\/?p=33262"},"modified":"2024-02-22T03:39:54","modified_gmt":"2024-02-22T02:39:54","slug":"retrait-de-la-cedeao-quel-avenir-regional-pour-les-pays-de-laes","status":"publish","type":"post","link":"https:\/\/www.lintelligentdabidjan.info\/news\/retrait-de-la-cedeao-quel-avenir-regional-pour-les-pays-de-laes\/","title":{"rendered":"Retrait de la CEDEAO : Quel avenir r\u00e9gional pour les pays de l\u2019AES ?"},"content":{"rendered":"<p><em><strong>Le 28 janvier, le Burkina Faso, le Mali et le Niger quittent la CEDEAO. Une d\u00e9cision justifi\u00e9e comme cons\u00e9quence des sanctions re\u00e7ues apr\u00e8s les r\u00e9cents coups d\u2019\u00c9tat.<\/strong><\/em><\/p>\n<p>Le Burkina Faso, le Mali et le Niger, formant depuis septembre l\u2019Alliance des \u00c9tats du Sahel (AES), annoncent leur retrait imm\u00e9diat de la Communaut\u00e9 \u00c9conomique des \u00c9tats d\u2019Afrique de l\u2019Ouest (CEDEAO). Il ne prendra effet que dans un an.<\/p>\n<p>Plusieurs manifestations suivent ce d\u00e9cret. Au Mali, elles d\u00e9fendent la d\u00e9cision des chefs d\u2019\u00c9tats de l\u2019AES. Les militaires au pouvoir diffusent un discours patriotique en faveur des premiers id\u00e9aux des pays sah\u00e9liens. Ils s\u2019appliquent aussi \u00e0 discr\u00e9diter la CEDEAO, argumentant une inefficacit\u00e9 \u00e0 les prot\u00e9ger contre le terrorisme. D\u2019apr\u00e8s les r\u00e9gimes militaires, la CEDEAO aurait pris des sanctions \u00ab inhumaines \u00bb suite aux coups d\u2019\u00c9tat au Mali, au Burkina Faso et plus r\u00e9cemment au Niger.<\/p>\n<p>Expliquant agir pour le bon d\u00e9veloppement de leurs nations, les dirigeants de l\u2019AES soutiennent ces propos. Ils utilisent \u00e0 cet effet une communication massivement relay\u00e9e par les m\u00e9dias et les partisans des diff\u00e9rents r\u00e9gimes politiques. Leur volont\u00e9 de retrouver une certaine souverainet\u00e9 nationale fait \u00e9cho \u00e0 leur \u00e9loignement des anciens partenaires occidentaux. Ils laissent ainsi une porte ouverte aux membres de Wagner, dont la pr\u00e9sence est fortement controvers\u00e9e.<\/p>\n<p>Le doute plane toujours sur la fa\u00e7on dont les autorit\u00e9s de l\u2019AES entendent pallier les cons\u00e9quences d\u2019ordre \u00e9conomique, politique, soci\u00e9tale et s\u00e9curitaire d\u00e9coulant de leur retrait.<\/p>\n<p><strong>Des r\u00e9percussions \u00e0 tous niveaux<\/strong><\/p>\n<p>Cette d\u00e9cision instaure la confusion au sein des populations, qui sont les premi\u00e8res touch\u00e9es. Si certains l\u2019approuvent, d\u2019autres questionnent les impacts \u00e9conomiques et s\u00e9curitaires comme l\u2019avenir des \u00e9changes entre les diff\u00e9rents \u00c9tats d\u2019Afrique de l\u2019Ouest. Dans un premier temps, aucun des trois pays n\u2019a d\u2019acc\u00e8s direct \u00e0 la mer, ce qui suscite des difficult\u00e9s au niveau des partenariats portuaires et de la circulation de multiples marchandises. Sur le plan \u00e9conomique, les pays de l\u2019AES, notamment le Niger, subissent de lourdes sanctions de la part de la CEDEAO apr\u00e8s les coups d\u2019\u00c9tat. Leur retrait de la communaut\u00e9 peut aggraver cette situation. La s\u00e9paration de l\u2019organisme peut amener une hausse des prix des marchandises et des frais de transit, impactant directement les locaux. D\u2019un point de vue social, les Maliens, Burkinab\u00e9s et Nig\u00e9riens membres de la CEDEAO voient la question de leur visa et de leur circulation plong\u00e9e dans l\u2019incertitude.<\/p>\n<p>Selon les gouvernements de l\u2019Alliance des \u00c9tats du Sahel, l\u2019objectif de cette s\u00e9paration \u00e9tait d\u2019unifier les nations du continent. Les r\u00e9sultats actuels r\u00e9v\u00e8lent plut\u00f4t une augmentation de la fragilisation de l\u2019ensemble de l\u2019Afrique de l\u2019Ouest.<\/p>\n<p><strong>Constantine<\/strong><\/p>\n","protected":false},"excerpt":{"rendered":"<p>Le 28 janvier, le Burkina Faso, le Mali et le Niger quittent la CEDEAO. Une d\u00e9cision justifi\u00e9e comme cons\u00e9quence des sanctions re\u00e7ues apr\u00e8s les r\u00e9cents coups d\u2019\u00c9tat. Le Burkina Faso, le Mali et le Niger, formant depuis septembre l\u2019Alliance des \u00c9tats du Sahel (AES), annoncent leur retrait imm\u00e9diat de la Communaut\u00e9 \u00c9conomique des \u00c9tats d\u2019Afrique [&hellip;]<\/p>\n","protected":false},"author":3,"featured_media":33263,"comment_status":"closed","ping_status":"closed","sticky":false,"template":"","format":"standard","meta":{"_monsterinsights_skip_tracking":false,"_monsterinsights_sitenote_active":false,"_monsterinsights_sitenote_note":"","_monsterinsights_sitenote_category":0,"footnotes":""},"categories":[2,1],"tags":[3132,1648,1862,1929,3131],"class_list":["post-33262","post","type-post","status-publish","format-standard","has-post-thumbnail","hentry","category-featured","category-actualites","tag-aes","tag-avenir","tag-pays","tag-regional","tag-retrait-de-la-cedeao"],"_links":{"self":[{"href":"https:\/\/www.lintelligentdabidjan.info\/news\/wp-json\/wp\/v2\/posts\/33262","targetHints":{"allow":["GET"]}}],"collection":[{"href":"https:\/\/www.lintelligentdabidjan.info\/news\/wp-json\/wp\/v2\/posts"}],"about":[{"href":"https:\/\/www.lintelligentdabidjan.info\/news\/wp-json\/wp\/v2\/types\/post"}],"author":[{"embeddable":true,"href":"https:\/\/www.lintelligentdabidjan.info\/news\/wp-json\/wp\/v2\/users\/3"}],"replies":[{"embeddable":true,"href":"https:\/\/www.lintelligentdabidjan.info\/news\/wp-json\/wp\/v2\/comments?post=33262"}],"version-history":[{"count":1,"href":"https:\/\/www.lintelligentdabidjan.info\/news\/wp-json\/wp\/v2\/posts\/33262\/revisions"}],"predecessor-version":[{"id":33264,"href":"https:\/\/www.lintelligentdabidjan.info\/news\/wp-json\/wp\/v2\/posts\/33262\/revisions\/33264"}],"wp:featuredmedia":[{"embeddable":true,"href":"https:\/\/www.lintelligentdabidjan.info\/news\/wp-json\/wp\/v2\/media\/33263"}],"wp:attachment":[{"href":"https:\/\/www.lintelligentdabidjan.info\/news\/wp-json\/wp\/v2\/media?parent=33262"}],"wp:term":[{"taxonomy":"category","embeddable":true,"href":"https:\/\/www.lintelligentdabidjan.info\/news\/wp-json\/wp\/v2\/categories?post=33262"},{"taxonomy":"post_tag","embeddable":true,"href":"https:\/\/www.lintelligentdabidjan.info\/news\/wp-json\/wp\/v2\/tags?post=33262"}],"curies":[{"name":"wp","href":"https:\/\/api.w.org\/{rel}","templated":true}]}}